{"id":181600,"date":"2025-10-16T22:34:10","date_gmt":"2025-10-16T22:34:10","guid":{"rendered":"https:\/\/www.europesays.com\/es\/181600\/"},"modified":"2025-10-16T22:34:10","modified_gmt":"2025-10-16T22:34:10","slug":"richard-ashcroft-se-prepara-para-apoyar-a-oasis-en-su-gira-por-sudamerica-y-estrena-lovin-you","status":"publish","type":"post","link":"https:\/\/www.europesays.com\/es\/181600\/","title":{"rendered":"Richard Ashcroft se prepara para apoyar a Oasis en su gira por Sudam\u00e9rica y estrena \u201cLovin\u2019 You\u201d"},"content":{"rendered":"<p>\t\t\t\t\t\t\t\t\t\t\t\t\t\t<strong>El festival multidiciplinario DOT.DayNight -especializado en fusionar el arte y la m\u00fasica- presentar\u00e1 su programaci\u00f3n oficial 2025 para su quinta edici\u00f3n, consolid\u00e1ndose como uno de los festivales m\u00e1s vibrantes e innovadores de la Ciudad de M\u00e9xico.<\/strong><\/p>\n<p><strong>DOT.DayNight<\/strong> est\u00e1 programado para suceder del 23 de octubre al 1 de noviembre, en Reforma 180, una sede de un encuentro que une arte, m\u00fasica, gastronom\u00eda, performances y pensamiento contempor\u00e1neo en un solo espacio con el apoyo de <strong>Grupo ALDEN.<\/strong><\/p>\n<p>Para este 2025, <strong>DOT.DayNight<\/strong> se enriquece con una colaboraci\u00f3n especial con la <strong>Universidad de las Am\u00e9ricas Puebla (UDLAP)<\/strong> y DOT, que curar\u00e1n una exposici\u00f3n en el piso 17 de Reforma 180.<\/p>\n<p>La muestra incluir\u00e1 cerca de 100 obras de m\u00e1s de 30 artistas de 15 pa\u00edses, junto a piezas de estudiantes y profesores de la <strong>UDLAP<\/strong>, en un di\u00e1logo entre lo acad\u00e9mico y lo profesional.<\/p>\n<p>Sobre esa nueva edici\u00f3n, los fundadores del festival Alejandro Franco y Denisse Noriega, comentan lo siguiente:<\/p>\n<p>\u201cDOT naci\u00f3 para ser un espacio de encuentro, de conversaci\u00f3n y de descubrimiento. Creemos en el poder de la m\u00fasica y el arte para replantear nuestras ra\u00edces, reinterpretar tradiciones y conectar con lo contempor\u00e1neo.\u201d<\/p>\n<p>A continuaci\u00f3n te presentamos el programa oficial:<\/p>\n<p><img loading=\"lazy\" decoding=\"async\" class=\"alignnone size-full wp-image-22992\" src=\"https:\/\/www.europesays.com\/es\/wp-content\/uploads\/2025\/10\/programa-dot_page-0001.jpg\" alt=\"programa dot_page-0001\" width=\"1650\" height=\"1275\"  \/><\/p>\n<p>El acto inaugural del 23 de octubre, contar\u00e1 con la inauguraci\u00f3n de la Exposici\u00f3n Colectiva <strong>LA PRESENCIA DE LA AUSENCIA<\/strong>, curadur\u00eda de la <strong>Dra.Yalicel Gabeira Londres<\/strong> (UDLAP) y <strong>Denisse Noriega<\/strong> (DOT.DayNight) con el acervo art\u00edstico de la <strong>UDLAP.<\/strong><\/p>\n<p>Seguido por la presentaci\u00f3n de <strong>The Bionic Harpist<\/strong> (Estados Unidos \/ Canad\u00e1) + <strong>Ensamble de Cuerdas Artistas UDLAP<\/strong> (M\u00e9xico) y un Dj set de <strong>Lulation<\/strong>, con una curadur\u00eda que abarca desde el post-funk, dance y new wave hasta el techno y dark techno.<\/p>\n<p><strong>Un recorrido de once misterios<\/strong><\/p>\n<p>Durante nueve d\u00edas, el festival se desplegar\u00e1 en once cap\u00edtulos o \u201cmisterios\u201d, que incluyen exposiciones, conferencias, conversatorios, performances, conciertos y experiencias gastron\u00f3micas.<\/p>\n<p><strong>Alejandro Franco<\/strong>, con una conferencia sobre la m\u00fasica electr\u00f3nica como ritual contempor\u00e1neo y el <strong>Ballet folcl\u00f3rico Zentzontle UDLAP.<\/strong><\/p>\n<p>Las propuestas gastron\u00f3micas a cargo del <strong>Chef Pepe Salina y Quique Cervantes<\/strong>. Adem\u00e1s de una cena ritual presentada por ALDEN.<\/p>\n<p>El programa tambi\u00e9n contar\u00e1 con presentaciones acad\u00e9micas de especialistas donde se retomar\u00e1n tem\u00e1ticas como; el choque y la fusi\u00f3n de pensamientos sobre la muerte y la conquista de M\u00e9xico, la futilidad del arte barroco, el s\u00edmbolo de la muerte en el cine contempor\u00e1neo, aromas y sabores del d\u00eda de muertos, el pan de muerto y su reinterpretaci\u00f3n en la cocina mexicana, entre otros.<\/p>\n<p><img loading=\"lazy\" decoding=\"async\" class=\"alignnone size-full wp-image-22990\" src=\"https:\/\/www.europesays.com\/es\/wp-content\/uploads\/2025\/10\/Dot-Day-Night-festival.jpg\" alt=\"Dot-Day-Night-festival\" width=\"1024\" height=\"768\"  \/><\/p>\n<p>Para la clausura del 1ro de noviembre durante<strong> DOT.Night Festival by Commonsense Records<\/strong> se tienen confirmados al momento los actos de <strong>Matrixxman, Ana Rs<\/strong> y m\u00e1s por anunciar.<\/p>\n<p><strong>Un espacio activo durante las semanas de mayor visibilidad y conexi\u00f3n de la ciudad<\/strong><\/p>\n<p>DOT, tiene dos momentos al a\u00f1o: la semana de las celebraciones de D\u00eda de Muertos y la Semana del Arte, a principios de febrero. Con esta edici\u00f3n, DOT.DayNight, reafirma su compromiso de despertar la cultura, el arte y la diversidad de contenidos desde una visi\u00f3n contempor\u00e1nea, consolid\u00e1ndose como uno de los festivales m\u00e1s innovadores de la temporada en la Ciudad de M\u00e9xico.<\/p>\n<p>Adem\u00e1s, el festival contar\u00e1 con instalaciones inmersivas, danza, artes vivas, performances y conciertos \u00edntimos que har\u00e1n de cada jornada una experiencia \u00fanica. Con el respaldo de Grupo ALDE y otras alianzas estrat\u00e9gicas, DOT se inserta en un momento clave para la capital: entre el Gran Premio de M\u00e9xico, el Design Week y la efervescencia cultural que caracteriza estas fechas.<\/p>\n<p><img loading=\"lazy\" decoding=\"async\" class=\"alignnone size-full wp-image-22991\" src=\"https:\/\/www.europesays.com\/es\/wp-content\/uploads\/2025\/10\/programa-dot-2025-muertos_page-0001.jpg\" alt=\"programa dot 2025 muertos_page-0001\" width=\"1650\" height=\"1275\"  \/><\/p>\n","protected":false},"excerpt":{"rendered":"El festival multidiciplinario DOT.DayNight -especializado en fusionar el arte y la m\u00fasica- presentar\u00e1 su programaci\u00f3n oficial 2025 para&hellip;\n","protected":false},"author":2,"featured_media":181601,"comment_status":"","ping_status":"","sticky":false,"template":"","format":"standard","meta":{"footnotes":""},"categories":[170],"tags":[283,3216,17103,2047,12019,146,147,25,24,51505,184,185,3528,51506,23,2573],"class_list":{"0":"post-181600","1":"post","2":"type-post","3":"status-publish","4":"format-standard","5":"has-post-thumbnail","7":"category-musica","8":"tag-argentina","9":"tag-brasil","10":"tag-britpop","11":"tag-chile","12":"tag-disco","13":"tag-entertainment","14":"tag-entretenimiento","15":"tag-es","16":"tag-espana","17":"tag-live-25","18":"tag-music","19":"tag-musica","20":"tag-oasis","21":"tag-richard-ashcroft","22":"tag-spain","23":"tag-sudamerica"},"share_on_mastodon":{"url":"","error":""},"_links":{"self":[{"href":"https:\/\/www.europesays.com\/es\/wp-json\/wp\/v2\/posts\/181600","targetHints":{"allow":["GET"]}}],"collection":[{"href":"https:\/\/www.europesays.com\/es\/wp-json\/wp\/v2\/posts"}],"about":[{"href":"https:\/\/www.europesays.com\/es\/wp-json\/wp\/v2\/types\/post"}],"author":[{"embeddable":true,"href":"https:\/\/www.europesays.com\/es\/wp-json\/wp\/v2\/users\/2"}],"replies":[{"embeddable":true,"href":"https:\/\/www.europesays.com\/es\/wp-json\/wp\/v2\/comments?post=181600"}],"version-history":[{"count":0,"href":"https:\/\/www.europesays.com\/es\/wp-json\/wp\/v2\/posts\/181600\/revisions"}],"wp:featuredmedia":[{"embeddable":true,"href":"https:\/\/www.europesays.com\/es\/wp-json\/wp\/v2\/media\/181601"}],"wp:attachment":[{"href":"https:\/\/www.europesays.com\/es\/wp-json\/wp\/v2\/media?parent=181600"}],"wp:term":[{"taxonomy":"category","embeddable":true,"href":"https:\/\/www.europesays.com\/es\/wp-json\/wp\/v2\/categories?post=181600"},{"taxonomy":"post_tag","embeddable":true,"href":"https:\/\/www.europesays.com\/es\/wp-json\/wp\/v2\/tags?post=181600"}],"curies":[{"name":"wp","href":"https:\/\/api.w.org\/{rel}","templated":true}]}}