{"id":181613,"date":"2025-10-16T22:42:10","date_gmt":"2025-10-16T22:42:10","guid":{"rendered":"https:\/\/www.europesays.com\/es\/181613\/"},"modified":"2025-10-16T22:42:10","modified_gmt":"2025-10-16T22:42:10","slug":"la-junta-de-andalucia-lleva-a-la-fiscalia-al-colegio-las-irlandesas-de-loreto","status":"publish","type":"post","link":"https:\/\/www.europesays.com\/es\/181613\/","title":{"rendered":"La Junta de Andaluc\u00eda lleva a la Fiscal\u00eda al Colegio Las Irlandesas de Loreto"},"content":{"rendered":"<p>Hablamos con Jos\u00e9 Manuel L\u00f3pez Vi\u00f1uela, padre de Kira L\u00f3pez y presidente de Trencats\/Rotos: una asociaci\u00f3n contra las violencias en las escuelas<\/p>\n<p>La Junta de Andaluc\u00eda llevar\u00e1 ante la Fiscal\u00eda al Colegio Las Irlandesas de Sevilla, el centro al que acud\u00eda la ni\u00f1a que se suicid\u00f3 este martes, por no activar el protocolo. En el informativo &#8217;24 Horas de RNE&#8217; hablamos <strong>con Jos\u00e9 Manuel L\u00f3pez Vi\u00f1uela <\/strong>es<strong> padre de Kira L\u00f3pez, y presidente de Trencats\/Rotos:<\/strong> una asociaci\u00f3n contra las violencias en las escuelas. L\u00f3pez Vi\u00f1uela ha afirmado contundentemente: \u00abTiene que haber alguna ley que condene al centro educativo sin necesidad de ir al juzgado. <strong>Los responsables son los padres de los acosadores, la direcci\u00f3n y los docentes del centro<\/strong>\u00ab. Insiste en aplicar los protocolos \u00abque correspondan seg\u00fan ley\u00bb y cuenta que en el caso de su hija \u00abno se activ\u00f3 ning\u00fan protocolo\u00bb. <\/p>\n","protected":false},"excerpt":{"rendered":"Hablamos con Jos\u00e9 Manuel L\u00f3pez Vi\u00f1uela, padre de Kira L\u00f3pez y presidente de Trencats\/Rotos: una asociaci\u00f3n contra las&hellip;\n","protected":false},"author":2,"featured_media":181614,"comment_status":"","ping_status":"","sticky":false,"template":"","format":"standard","meta":{"footnotes":""},"categories":[8],"tags":[11980,17,18,25,24,13,14,11,51510,19,20,9,10,15,16,133,1448,1986,1987,23,12,21,22],"class_list":{"0":"post-181613","1":"post","2":"type-post","3":"status-publish","4":"format-standard","5":"has-post-thumbnail","7":"category-espana","8":"tag-24-horas","9":"tag-breaking-news","10":"tag-breakingnews","11":"tag-es","12":"tag-espana","13":"tag-featured-news","14":"tag-featurednews","15":"tag-headlines","16":"tag-la-junta-de-andalucia-lleva-ante-la-fiscalia-al-colegio-las-irlandesas-de-loreto","17":"tag-latest-news","18":"tag-latestnews","19":"tag-news","20":"tag-noticias","21":"tag-noticias-destacadas","22":"tag-noticiasdestacadas","23":"tag-online","24":"tag-radio","25":"tag-rne","26":"tag-rtve-play","27":"tag-spain","28":"tag-titulares","29":"tag-ultimas-noticias","30":"tag-ultimasnoticias"},"share_on_mastodon":{"url":"","error":""},"_links":{"self":[{"href":"https:\/\/www.europesays.com\/es\/wp-json\/wp\/v2\/posts\/181613","targetHints":{"allow":["GET"]}}],"collection":[{"href":"https:\/\/www.europesays.com\/es\/wp-json\/wp\/v2\/posts"}],"about":[{"href":"https:\/\/www.europesays.com\/es\/wp-json\/wp\/v2\/types\/post"}],"author":[{"embeddable":true,"href":"https:\/\/www.europesays.com\/es\/wp-json\/wp\/v2\/users\/2"}],"replies":[{"embeddable":true,"href":"https:\/\/www.europesays.com\/es\/wp-json\/wp\/v2\/comments?post=181613"}],"version-history":[{"count":0,"href":"https:\/\/www.europesays.com\/es\/wp-json\/wp\/v2\/posts\/181613\/revisions"}],"wp:featuredmedia":[{"embeddable":true,"href":"https:\/\/www.europesays.com\/es\/wp-json\/wp\/v2\/media\/181614"}],"wp:attachment":[{"href":"https:\/\/www.europesays.com\/es\/wp-json\/wp\/v2\/media?parent=181613"}],"wp:term":[{"taxonomy":"category","embeddable":true,"href":"https:\/\/www.europesays.com\/es\/wp-json\/wp\/v2\/categories?post=181613"},{"taxonomy":"post_tag","embeddable":true,"href":"https:\/\/www.europesays.com\/es\/wp-json\/wp\/v2\/tags?post=181613"}],"curies":[{"name":"wp","href":"https:\/\/api.w.org\/{rel}","templated":true}]}}