{"id":181617,"date":"2025-10-16T22:44:11","date_gmt":"2025-10-16T22:44:11","guid":{"rendered":"https:\/\/www.europesays.com\/es\/181617\/"},"modified":"2025-10-16T22:44:11","modified_gmt":"2025-10-16T22:44:11","slug":"alejandro-carrillo-el-alma-de-agustinos","status":"publish","type":"post","link":"https:\/\/www.europesays.com\/es\/181617\/","title":{"rendered":"Alejandro Carrillo, el alma de Agustinos"},"content":{"rendered":"<p class=\"ft-text ft-helper-closenews\">La Fundaci\u00f3n Agustinos se ha convertido en el equipo revelaci\u00f3n de la Divisi\u00f3n de Honor Plata con cinco victorias en cinco partidos. L\u00edder en puesto de ascenso directo a la Asobal. Uno de los art\u00edfices de este \u00e9xito y de gran parte de la regularidad alcanzada en la segunda categor\u00eda es su t\u00e9cnico,<strong> Alejandro Carrillo<\/strong>. 50 a\u00f1os pero 34 dedicados a entrenar a la tricolor. La humildad es lo primero que resalta en cualquier conversaci\u00f3n con \u00e9l. Su vida y su carrera est\u00e1n entrelazadas con la instituci\u00f3n en la que creci\u00f3, estudi\u00f3, jug\u00f3, ense\u00f1a y entrena. \u201cSoy maestro de Educaci\u00f3n F\u00edsica en Agustinos, el colegio en el que me matricularon mis padres cuando ten\u00eda cinco a\u00f1os\u201d, cuenta con orgullo. Desde entonces, su v\u00ednculo con la entidad no ha hecho m\u00e1s que fortalecerse cumpliendo objetivos.<\/p>\n<p>De jugador a formador: una vocaci\u00f3n temprana<\/p>\n<p class=\"ft-text\">A los ocho a\u00f1os, Carrillo empez\u00f3 a jugar a balonmano junto a sus compa\u00f1eros de curso. Aquella afici\u00f3n se convertir\u00eda en una pasi\u00f3n que lo acompa\u00f1\u00f3 hasta los <strong>33 a\u00f1os, cuando colg\u00f3 las zapatillas como jugador<\/strong>. Pero su destino en las pistas no terminar\u00eda ah\u00ed. A los 16 a\u00f1os se le ofreci\u00f3 la oportunidad de entrenar a un equipo de benjamines. \u201cDesde el primer momento me gust\u00f3 dirigir a los chavales\u201d, recuerda. Aunque complet\u00f3 todos los cursos de entrenador siendo muy joven, nunca pens\u00f3 en dirigir equipos s\u00e9nior. Su idea siempre fue \u201centrenar a un equipo que me permitiera seguir jugando y despu\u00e9s poder tener tiempo para estar con mi mujer y mis hijas\u201d.<\/p>\n<p class=\"ft-text\">Durante a\u00f1os, Carrillo se dedic\u00f3 a los equipos de base,<strong> formando generaciones de jugadores <\/strong>y acumulando t\u00edtulos: tres Campeonatos y cuatro Subcampeonatos de Espa\u00f1a. Sin embargo, \u00e9l mismo destaca otro logro por encima de los trofeos: \u201cLo que m\u00e1s valoro es haber podido dedicar mi tiempo a colaborar en la formaci\u00f3n de muchos chicos y chicas a lo largo de estos a\u00f1os\u201d.<\/p>\n<p><img decoding=\"async\" src=\"https:\/\/www.europesays.com\/es\/wp-content\/uploads\/2025\/10\/5a9dd002-0d1d-431d-8162-3d8e90b669d0_alta-libre-aspect-ratio_default_0.jpg\" width=\"1200\" height=\"807\" alt=\"Carrillo junto a su ayudante, Adri\u00e1n Bernabeu\" class=\"ft-helper-img-rd\" loading=\"lazy\" hasdataaida=\"true\"\/><\/p>\n<p class=\"ft-helper-fontColor-quaternary ft-helper-fontSize-body-S ft-helper-spacer-t-xxs\">Carrillo junto a su ayudante, Adri\u00e1n Bernabeu  \/ PLACIDO GUTI\u00c9RREZ<\/p>\n<p>Un salto inesperado: del confinamiento al banquillo del primer equipo<\/p>\n<p class=\"ft-text\">Fue durante el confinamiento, en plena pandemia, cuando Carrillo decidi\u00f3 dar un paso m\u00e1s: \u201cPens\u00e9 que pod\u00eda echar una mano con jugadores m\u00e1s mayores\u201d, explica. As\u00ed comenz\u00f3 su etapa como entrenador del segundo equipo s\u00e9nior. Los buenos resultados le llevaron, un a\u00f1o y medio despu\u00e9s, a asumir el reto de dirigir al primer equipo de la Fundaci\u00f3n Agustinos en 1\u00aa Nacional. Fue en febrero de 2022, un reto que en absoluto le asust\u00f3. Ese a\u00f1o, el equipo logr\u00f3 clasificarse para la fase de ascenso quedando muy cerca del ascenso. Y en la temporada siguiente, en la Catedral, Carrillo consigui\u00f3 hacer realidad su objetivo m\u00e1s ambicioso: el <strong>ascenso a Divisi\u00f3n de Honor Plata<\/strong>, la segunda categor\u00eda del balonmano nacional.<\/p>\n<p>Supervivencia, aprendizaje y liderato<\/p>\n<p class=\"ft-text\">Las dos primeras temporadas en Plata no fueron f\u00e1ciles. \u201cHan sido muy duras a nivel deportivo; hemos sufrido mucho y mantenido la categor\u00eda en la \u00faltima jornada\u201d, confiesa. Pero tambi\u00e9n fueron dos a\u00f1os de crecimiento: \u201cHa sido un aprendizaje diario gracias a la exigencia de la competici\u00f3n y al trabajo de todos los jugadores y t\u00e9cnicos que he tenido a mi lado\u201d.<\/p>\n<p class=\"ft-text\">Hoy, en su tercera temporada en la categor\u00eda, el panorama es distinto, al menos de momento. El equipo ha madurado, se ha asentado y ha comenzado la liga de forma impecable: cinco victorias en cinco jornadas. <strong>\u201cSabemos que esto es anecd\u00f3tico y que el tiempo y la competici\u00f3n nos pondr\u00e1n en nuestro lugar\u201d<\/strong>, afirma con la prudencia que lo caracteriza. Su objetivo sigue siendo claro: la <strong>permanencia <\/strong>y la mejora constante del grupo. \u201cQueremos que los jugadores y el equipo sigan creciendo d\u00eda a d\u00eda. Con esa idea vamos a seguir trabajando, y ya veremos qu\u00e9 sucede jornada a jornada.\u201d. Alejandro Carrillo representa la esencia del proyecto Agustinos: compromiso, formaci\u00f3n y valores.<\/p>\n<p data-close=\"closedContent\" class=\"subscribeHideForDisplay\">Suscr\u00edbete para seguir leyendo<\/p>\n","protected":false},"excerpt":{"rendered":"La Fundaci\u00f3n Agustinos se ha convertido en el equipo revelaci\u00f3n de la Divisi\u00f3n de Honor Plata con cinco&hellip;\n","protected":false},"author":2,"featured_media":181618,"comment_status":"","ping_status":"","sticky":false,"template":"","format":"standard","meta":{"footnotes":""},"categories":[278],"tags":[13301,10114,10512,376,24039,18724,168,25,24,7214,2881,375,2525,23,167],"class_list":{"0":"post-181617","1":"post","2":"type-post","3":"status-publish","4":"format-standard","5":"has-post-thumbnail","7":"category-balonmano","8":"tag-agustinos","9":"tag-alejandro","10":"tag-alma","11":"tag-balonmano","12":"tag-carrillo","13":"tag-confinamiento","14":"tag-deportes","15":"tag-es","16":"tag-espana","17":"tag-formacion","18":"tag-fundacion","19":"tag-handball","20":"tag-plata","21":"tag-spain","22":"tag-sports"},"share_on_mastodon":{"url":"","error":""},"_links":{"self":[{"href":"https:\/\/www.europesays.com\/es\/wp-json\/wp\/v2\/posts\/181617","targetHints":{"allow":["GET"]}}],"collection":[{"href":"https:\/\/www.europesays.com\/es\/wp-json\/wp\/v2\/posts"}],"about":[{"href":"https:\/\/www.europesays.com\/es\/wp-json\/wp\/v2\/types\/post"}],"author":[{"embeddable":true,"href":"https:\/\/www.europesays.com\/es\/wp-json\/wp\/v2\/users\/2"}],"replies":[{"embeddable":true,"href":"https:\/\/www.europesays.com\/es\/wp-json\/wp\/v2\/comments?post=181617"}],"version-history":[{"count":0,"href":"https:\/\/www.europesays.com\/es\/wp-json\/wp\/v2\/posts\/181617\/revisions"}],"wp:featuredmedia":[{"embeddable":true,"href":"https:\/\/www.europesays.com\/es\/wp-json\/wp\/v2\/media\/181618"}],"wp:attachment":[{"href":"https:\/\/www.europesays.com\/es\/wp-json\/wp\/v2\/media?parent=181617"}],"wp:term":[{"taxonomy":"category","embeddable":true,"href":"https:\/\/www.europesays.com\/es\/wp-json\/wp\/v2\/categories?post=181617"},{"taxonomy":"post_tag","embeddable":true,"href":"https:\/\/www.europesays.com\/es\/wp-json\/wp\/v2\/tags?post=181617"}],"curies":[{"name":"wp","href":"https:\/\/api.w.org\/{rel}","templated":true}]}}