{"id":181619,"date":"2025-10-16T22:45:12","date_gmt":"2025-10-16T22:45:12","guid":{"rendered":"https:\/\/www.europesays.com\/es\/181619\/"},"modified":"2025-10-16T22:45:12","modified_gmt":"2025-10-16T22:45:12","slug":"sabado-de-toreo-de-salon-y-cortes-en-benavente-este-es-el-programa","status":"publish","type":"post","link":"https:\/\/www.europesays.com\/es\/181619\/","title":{"rendered":"S\u00c1BADO DE TOREO DE SAL\u00d3N Y CORTES EN BENAVENTE: Este es el programa"},"content":{"rendered":"<p class=\"ft-text\">La plaza de Santa Mar\u00eda acoger\u00e1 ma\u00f1ana s\u00e1bado la \u00faltima de las seis <strong>Jornadas Taurinas de Fomento de la Tauromaquia<\/strong> organizadas por la Diputaci\u00f3n Provincial de Zamora con la colaboraci\u00f3n de la empresa Tauroemoci\u00f3n, gestora de la plaza de toros de Zamora, y el Ayuntamiento benaventano. El acto tendr\u00e1 lugar a las 12.00 horas en el marco de una iniciativa que busca acercar el mundo del toro a ni\u00f1os y j\u00f3venes mediante actividades did\u00e1cticas y participativas.<\/p>\n<p class=\"ft-text\">La Diputaci\u00f3n de Zamora, a trav\u00e9s de sus \u00e1reas de Cultura y Juventud, present\u00f3 el programa el pasado 19 de junio. Contemplaba seis jornadas en municipios con tradici\u00f3n taurina: <strong>Villalpando, Fuentesa\u00faco, Fermoselle, San Miguel de la Ribera, Carbajales de Alba y Benavente<\/strong>, que inicialmente iba a acoger el evento en septiembre, pero finalmente cierra el programa.<\/p>\n<p class=\"ft-text\">La actividad en Benavente incluir\u00e1 clases de <strong>toreo de sal\u00f3n y talleres de cortes<\/strong>, utilizando carretones y material adaptado para garantizar la seguridad y participaci\u00f3n de los m\u00e1s peque\u00f1os. La jornada, al igual que en las cinco celebradas en otras poblaciones con anterioridad, estar\u00e1 dirigida por profesionales taurinos que ense\u00f1ar\u00e1n a los m\u00e1s peque\u00f1os a usar el capote, la muleta o aspectos t\u00e9cnicos y art\u00edsticos del toreo a cuerpo limpio.<\/p>\n<p><img decoding=\"async\" src=\"https:\/\/www.europesays.com\/es\/wp-content\/uploads\/2025\/10\/f8c39fb2-a907-4864-9bb5-04ab27cd3851_alta-libre-aspect-ratio_default_0.jpg\" width=\"1200\" height=\"1696\" alt=\"Cartel de la actividad.\" class=\"ft-helper-img-rd\" loading=\"lazy\" hasdataaida=\"true\"\/><\/p>\n<p class=\"ft-helper-fontColor-quaternary ft-helper-fontSize-body-S ft-helper-spacer-t-xxs\">Cartel de la actividad.  \/ D. Z.<\/p>\n<p class=\"ft-text\">Durante la jornada, la <strong>Asociaci\u00f3n Benaventana del Toro Enmaromado<\/strong> (ABTE) estar\u00e1 presente vendiendo entradas para la obra de teatro que tendr\u00e1 lugar en el Gran Teatro Reina Sof\u00eda a partir de las siete y media de la tarde.<\/p>\n","protected":false},"excerpt":{"rendered":"La plaza de Santa Mar\u00eda acoger\u00e1 ma\u00f1ana s\u00e1bado la \u00faltima de las seis Jornadas Taurinas de Fomento de&hellip;\n","protected":false},"author":2,"featured_media":181620,"comment_status":"","ping_status":"","sticky":false,"template":"","format":"standard","meta":{"footnotes":""},"categories":[277],"tags":[4066,10915,373,168,25,24,10101,433,2932,1150,45261,23,167,7830,625,374],"class_list":{"0":"post-181619","1":"post","2":"type-post","3":"status-publish","4":"format-standard","5":"has-post-thumbnail","7":"category-toreo","8":"tag-benavente","9":"tag-broche","10":"tag-bullfighting","11":"tag-deportes","12":"tag-es","13":"tag-espana","14":"tag-jornadas","15":"tag-jovenes","16":"tag-ninos","17":"tag-pone","18":"tag-provinciales","19":"tag-spain","20":"tag-sports","21":"tag-talleres","22":"tag-tauromaquia","23":"tag-toreo"},"share_on_mastodon":{"url":"","error":""},"_links":{"self":[{"href":"https:\/\/www.europesays.com\/es\/wp-json\/wp\/v2\/posts\/181619","targetHints":{"allow":["GET"]}}],"collection":[{"href":"https:\/\/www.europesays.com\/es\/wp-json\/wp\/v2\/posts"}],"about":[{"href":"https:\/\/www.europesays.com\/es\/wp-json\/wp\/v2\/types\/post"}],"author":[{"embeddable":true,"href":"https:\/\/www.europesays.com\/es\/wp-json\/wp\/v2\/users\/2"}],"replies":[{"embeddable":true,"href":"https:\/\/www.europesays.com\/es\/wp-json\/wp\/v2\/comments?post=181619"}],"version-history":[{"count":0,"href":"https:\/\/www.europesays.com\/es\/wp-json\/wp\/v2\/posts\/181619\/revisions"}],"wp:featuredmedia":[{"embeddable":true,"href":"https:\/\/www.europesays.com\/es\/wp-json\/wp\/v2\/media\/181620"}],"wp:attachment":[{"href":"https:\/\/www.europesays.com\/es\/wp-json\/wp\/v2\/media?parent=181619"}],"wp:term":[{"taxonomy":"category","embeddable":true,"href":"https:\/\/www.europesays.com\/es\/wp-json\/wp\/v2\/categories?post=181619"},{"taxonomy":"post_tag","embeddable":true,"href":"https:\/\/www.europesays.com\/es\/wp-json\/wp\/v2\/tags?post=181619"}],"curies":[{"name":"wp","href":"https:\/\/api.w.org\/{rel}","templated":true}]}}