{"id":181621,"date":"2025-10-16T22:46:09","date_gmt":"2025-10-16T22:46:09","guid":{"rendered":"https:\/\/www.europesays.com\/es\/181621\/"},"modified":"2025-10-16T22:46:09","modified_gmt":"2025-10-16T22:46:09","slug":"barcelona-sc-recibe-a-adrian-luna-martinetti-de-la-ufc-revista-winner","status":"publish","type":"post","link":"https:\/\/www.europesays.com\/es\/181621\/","title":{"rendered":"Barcelona SC recibe a Adri\u00e1n Luna Martinetti de la UFC \u2013 Revista Winner"},"content":{"rendered":"<p>(Guayaquil, octubre 16).- Barcelona Sporting Club recibi\u00f3 este mi\u00e9rcoles en sus instalaciones a los hermanos gemelos Luna Martinetti, fieles socios amarillos y destacados exponentes ecuatorianos en el mundo de las artes marciales mixtas. El club los reconoci\u00f3 como embajadores del esfuerzo, la disciplina y el esp\u00edritu de superaci\u00f3n que caracterizan tanto al deporte de alto rendimiento como a la pasi\u00f3n barcelonista.<\/p>\n<p>Socios de coraz\u00f3n torero<\/p>\n<p class=\"whitespace-normal break-words\">Los hermanos Luna Martinetti han sido socios de Barcelona SC durante muchos a\u00f1os, demostrando su incondicional amor por los colores amarillos. Esta visita especial a las instalaciones del club representa un reconocimiento a su trayectoria deportiva y su lealtad institucional.<\/p>\n<p class=\"whitespace-normal break-words\">\u00ab\u00a1Hoy recibimos en casa a los gemelos Luna Martinetti! Socios de Barcelona SC desde hace muchos a\u00f1os y deportistas de \u00e9lite que nos inspiran con su esfuerzo, disciplina y esp\u00edritu de superaci\u00f3n. Orgullo Barcelonista, orgullo Guayaquile\u00f1o\u00bb, expres\u00f3 el club a trav\u00e9s de sus canales oficiales.<\/p>\n<p>Adri\u00e1n Luna conquista la UFC<\/p>\n<p class=\"whitespace-normal break-words\">El momento cobra especial relevancia tras el reciente logro de Adri\u00e1n Luna Martinetti, quien consigui\u00f3 un codiciado contrato con la Ultimate Fighting Championship (UFC), la organizaci\u00f3n de artes marciales mixtas m\u00e1s importante del mundo.<\/p>\n<p class=\"whitespace-normal break-words\">Adri\u00e1n alcanz\u00f3 este hito tras una impresionante actuaci\u00f3n en el Dana White\u2019s Contender Series, el programa de la UFC donde el presidente de la compa\u00f1\u00eda selecciona personalmente a los peleadores que merecen una oportunidad en el oct\u00e1gono m\u00e1s famoso del planeta.<\/p>\n","protected":false},"excerpt":{"rendered":"(Guayaquil, octubre 16).- Barcelona Sporting Club recibi\u00f3 este mi\u00e9rcoles en sus instalaciones a los hermanos gemelos Luna Martinetti,&hellip;\n","protected":false},"author":2,"featured_media":181622,"comment_status":"","ping_status":"","sticky":false,"template":"","format":"standard","meta":{"footnotes":""},"categories":[276],"tags":[168,25,24,23,167,343],"class_list":{"0":"post-181621","1":"post","2":"type-post","3":"status-publish","4":"format-standard","5":"has-post-thumbnail","7":"category-ufc","8":"tag-deportes","9":"tag-es","10":"tag-espana","11":"tag-spain","12":"tag-sports","13":"tag-ufc"},"share_on_mastodon":{"url":"","error":""},"_links":{"self":[{"href":"https:\/\/www.europesays.com\/es\/wp-json\/wp\/v2\/posts\/181621","targetHints":{"allow":["GET"]}}],"collection":[{"href":"https:\/\/www.europesays.com\/es\/wp-json\/wp\/v2\/posts"}],"about":[{"href":"https:\/\/www.europesays.com\/es\/wp-json\/wp\/v2\/types\/post"}],"author":[{"embeddable":true,"href":"https:\/\/www.europesays.com\/es\/wp-json\/wp\/v2\/users\/2"}],"replies":[{"embeddable":true,"href":"https:\/\/www.europesays.com\/es\/wp-json\/wp\/v2\/comments?post=181621"}],"version-history":[{"count":0,"href":"https:\/\/www.europesays.com\/es\/wp-json\/wp\/v2\/posts\/181621\/revisions"}],"wp:featuredmedia":[{"embeddable":true,"href":"https:\/\/www.europesays.com\/es\/wp-json\/wp\/v2\/media\/181622"}],"wp:attachment":[{"href":"https:\/\/www.europesays.com\/es\/wp-json\/wp\/v2\/media?parent=181621"}],"wp:term":[{"taxonomy":"category","embeddable":true,"href":"https:\/\/www.europesays.com\/es\/wp-json\/wp\/v2\/categories?post=181621"},{"taxonomy":"post_tag","embeddable":true,"href":"https:\/\/www.europesays.com\/es\/wp-json\/wp\/v2\/tags?post=181621"}],"curies":[{"name":"wp","href":"https:\/\/api.w.org\/{rel}","templated":true}]}}