{"id":181624,"date":"2025-10-16T22:49:22","date_gmt":"2025-10-16T22:49:22","guid":{"rendered":"https:\/\/www.europesays.com\/es\/181624\/"},"modified":"2025-10-16T22:49:22","modified_gmt":"2025-10-16T22:49:22","slug":"miguel-angel-sevilla-la-gente-repite-porque-la-ruta-del-estraperlo-es-una-aventura-muy-bonita","status":"publish","type":"post","link":"https:\/\/www.europesays.com\/es\/181624\/","title":{"rendered":"Miguel \u00c1ngel Sevilla: \u201cLa gente repite porque la Ruta del Estraperlo es una aventura muy bonita\u201d"},"content":{"rendered":"<p>El pr\u00f3ximo s\u00e1bado 18 de octubre, el CC Sport Tomelloso celebrar\u00e1 la IV Edici\u00f3n de la Ruta Homenaje a los Estraperlistas. La salida ser\u00e1 a las ocho y cuarto de la ma\u00f1ana desde la Plaza de Tomelloso, rumbo al municipio jienense de La Puerta de Segura, para regresar al d\u00eda siguiente.<\/p>\n<p>Una ruta con historia, esfuerzo y memoria, que ya se ha convertido en una bonita tradici\u00f3n para recordar a aquellos ciclistas que anta\u00f1o recorr\u00edan grandes distancias en busca de v\u00edveres. A tres d\u00edas de la aventura, Miguel \u00c1ngel Sevilla, presidente del CC Sport Tomelloso, nos da detalles de una expedici\u00f3n que ha vuelto a prepararse con mucha ilusi\u00f3n.<\/p>\n<p><b>-Llega una nueva edici\u00f3n de la ruta que se consolida\u2026.<\/b><\/p>\n<p>-Estamos empe\u00f1ados en que no se pierda, tenemos ganas de seguir haci\u00e9ndola y disfrutarla porque merece la pena. Adem\u00e1s, hemos consolidado un grupo fijo de ciclistas que les ha encantado la experiencia. Estamos los cuatro precursores de la idea, y un grupo de diez o doce personas que les sedujo muhco la idea y se sumaron desde el primer a\u00f1o. La gente suele repetir porque es una aventura muy bonita.<\/p>\n<p><b>-\u00bfCu\u00e1ntos participar\u00e1n este a\u00f1o?<\/b><\/p>\n<p>-Hasta La Puerta de Segura iremos dieciocho y hasta mitad de camino nos acompa\u00f1ar\u00e1n otros diez o doce ciclistas m\u00e1s hasta la localidad de Villahermosa<\/p>\n<p><b>-\u00bfMantienen el mismo recorrido?\u00a0<\/b><\/p>\n<p>&#8211; Si, el recorrido es el mismo porque tampoco hay muchas m\u00e1s alternativas. Son 120 kil\u00f3metros de ida y otros 120 de vuelta. Se disfruta mucho del paisaje y, sobre todo, de la experiencia compartida entre amigos. Hacemos una parada en Villahermosa y luego otra, ya metidos en Andaluc\u00eda, en el mirador del r\u00edo Guadalmena que es una zona preciosa. El recorrido lo hacemos en unas cuatro horas y media o cinco. Marcamos un ritmo que sea c\u00f3modo y asequible a todos los que participan.<\/p>\n<p>        <a target=\"_blank\" href=\"https:\/\/www.limpiezasypulidosmanchegos.com\" rel=\"nofollow noopener\">&#13;<br \/>\n            <img decoding=\"async\" class=\"img-fluid d-block mx-auto cursor\" ng-click=\"clickBanner(652)\" src=\"https:\/\/www.europesays.com\/es\/wp-content\/uploads\/2025\/10\/15a3d87c-cfac-4fbc-a99a-7382baa3575e.png\" alt=\"\"\/>&#13;<br \/>\n        <\/a><\/p>\n<p><b>-Con esta ruta han establecido estrechos lazos con La Puerta del Segura, \u00bfno es as\u00ed?<\/b><\/p>\n<p>-Es cierto. Cada vez que vamos nos reciben como en casa. Nos organizan actos en torno al aceite. El primer a\u00f1o visitamos una almazara, el segundo nos invitaron a una muestra local de teatro, el a\u00f1o pasado volvimos a la cooperativa del aceite donde nos prepararon una visita guiada y nos ense\u00f1aron todo el proceso de elaboraci\u00f3n del aceite virgen extra de oliva. Es una experiencia bonita. La alcaldesa de all\u00ed nos recibe siempre a las mil maravillas.<\/p>\n<p><b>-Lo que ustedes hacen supone un homenaje a aquellos hombres que, como alguien dijo, quitaron mucha hambre a Tomelloso en los duros a\u00f1os de postguerra\u2026<\/b><\/p>\n<p>-Claro, pero parece que esas cosas se olvidan y somos pocos los que queremos seguir recordando estas\u00a0 cosas. Yo, mientras pueda, mis piernas me dejen y mi cabeza me deje seguir organiz\u00e1ndolo, lo har\u00e9.\u00a0<\/p>\n<p>        <a target=\"_blank\" href=\"https:\/\/www.cortesclm.es\/\" rel=\"nofollow noopener\">&#13;<br \/>\n            <img decoding=\"async\" class=\"img-fluid d-block mx-auto cursor\" ng-click=\"clickBanner(728)\" src=\"https:\/\/www.europesays.com\/es\/wp-content\/uploads\/2025\/10\/5a91f44d-9c5f-461b-8fc1-1f345687ab68.png\" alt=\"\"\/>&#13;<br \/>\n        <\/a><\/p>\n<p><b>-Existe ese componente emotivo porque muchos de ustedes tienen familiares que fueron estraperlistas<\/b><\/p>\n<p>-As\u00ed es. El abuelo de mi mujer fue estraperlista, el padre de uno de nuestros compa\u00f1eros tambi\u00e9n. Muchos de ellos fueron buenos ciclistas de Tomelloso.<\/p>\n<p><b>-Ustedes hacen el recorrido por carretera y aquellos esforzados hombres lo hac\u00edan por caminos, evitando las poblaciones, con lo que fueron unos precursores del ciclismo de monta\u00f1a, tan de moda ahora, \u00bfno cree?<\/b><\/p>\n<p>-Es verdad. El a\u00f1o pasado hicimos una versi\u00f3n por caminos que, l\u00f3gicamente, es mucho m\u00e1s dura porque la orograf\u00eda es m\u00e1s complicada, con unos repechos tremendos, con la dificultad a\u00f1adida de que algunos caminos se han ido abandonando y ya no se puede transitar por ellos. Lo que hizo aquella gente fue tremendo, porque preparaban unas bicicletas con cubiertas de gran grosor y un porta donde colocaban sesenta o setenta kilos de aceite o de otros alimentos de primera necesidad como harina o lentejas.\u00a0<\/p>\n<p>        <a target=\"_blank\" href=\"https:\/\/almendrun.es\/servicios\/compra-de-almendras\/\" rel=\"nofollow noopener\">&#13;<br \/>\n            <img decoding=\"async\" class=\"img-fluid d-block mx-auto cursor\" ng-click=\"clickBanner(351)\" src=\"https:\/\/www.europesays.com\/es\/wp-content\/uploads\/2025\/07\/e78f9425-963a-490f-82ce-be8a07658b07.png\" alt=\"\"\/>&#13;<br \/>\n        <\/a><\/p>\n<p><b>-\u00bfEsperan que todav\u00eda se anime m\u00e1s gente?<\/b><\/p>\n<p>-Eso queremos, pero no resulta f\u00e1cil. No es poco que hayamos configurado un grupo de quince o veinte personas. Se han animado tambi\u00e9n algunas mujeres, este a\u00f1o contaremos con tres y ha habido a\u00f1os que han venido\u00a0 hasta cinco. En Tomelloso, tenemos mujeres que le dan bien a los pedales como Rosa S\u00e1nchez, que es mi esposa; Rosa Garc\u00eda Gallardo, Gema de la Hoz, Marisa Prieto y una chica rumana que lleva viviendo en Tomelloso m\u00e1s de doce a\u00f1os que es Nicoletta, que es una m\u00e1quina.\u00a0<\/p>\n<p>        <a target=\"_blank\" href=\"https:\/\/prunotec.com\/\" rel=\"nofollow noopener\">&#13;<br \/>\n            <img decoding=\"async\" class=\"img-fluid d-block mx-auto cursor\" ng-click=\"clickBanner(235)\" src=\"https:\/\/www.europesays.com\/es\/wp-content\/uploads\/2025\/08\/4244c6d9-e117-4393-8143-37c95c7a55da.png\" alt=\"\"\/>&#13;<br \/>\n        <\/a><\/p>\n<p>                    <img decoding=\"async\" ng-click=\"openLightboxModal(1)\" src=\"https:\/\/www.europesays.com\/es\/wp-content\/uploads\/2025\/10\/6708642d-ddfb-4b3c-b5bb-2ed40e962e86.png\" class=\"img-fluid mx-auto img-titular cursor\" alt=\"ob.imagen.Descripcion\"\/><br \/>\n                    <img class=\"img-fluid mx-auto img-titular cursor\"\/><\/p>\n<p>&#13;<br \/>\n                     1344 usuarios han visto esta noticia&#13;\n                <\/p>\n","protected":false},"excerpt":{"rendered":"El pr\u00f3ximo s\u00e1bado 18 de octubre, el CC Sport Tomelloso celebrar\u00e1 la IV Edici\u00f3n de la Ruta Homenaje&hellip;\n","protected":false},"author":2,"featured_media":181625,"comment_status":"","ping_status":"","sticky":false,"template":"","format":"standard","meta":{"footnotes":""},"categories":[273],"tags":[299,313,312,634,168,2560,95,25,24,282,10,23,167,3022],"class_list":{"0":"post-181624","1":"post","2":"type-post","3":"status-publish","4":"format-standard","5":"has-post-thumbnail","7":"category-ciclismo","8":"tag-baloncesto","9":"tag-ciclismo","10":"tag-cycling","11":"tag-deporte","12":"tag-deportes","13":"tag-economa","14":"tag-economia","15":"tag-es","16":"tag-espana","17":"tag-futbol","18":"tag-noticias","19":"tag-spain","20":"tag-sports","21":"tag-tomelloso"},"share_on_mastodon":{"url":"","error":""},"_links":{"self":[{"href":"https:\/\/www.europesays.com\/es\/wp-json\/wp\/v2\/posts\/181624","targetHints":{"allow":["GET"]}}],"collection":[{"href":"https:\/\/www.europesays.com\/es\/wp-json\/wp\/v2\/posts"}],"about":[{"href":"https:\/\/www.europesays.com\/es\/wp-json\/wp\/v2\/types\/post"}],"author":[{"embeddable":true,"href":"https:\/\/www.europesays.com\/es\/wp-json\/wp\/v2\/users\/2"}],"replies":[{"embeddable":true,"href":"https:\/\/www.europesays.com\/es\/wp-json\/wp\/v2\/comments?post=181624"}],"version-history":[{"count":0,"href":"https:\/\/www.europesays.com\/es\/wp-json\/wp\/v2\/posts\/181624\/revisions"}],"wp:featuredmedia":[{"embeddable":true,"href":"https:\/\/www.europesays.com\/es\/wp-json\/wp\/v2\/media\/181625"}],"wp:attachment":[{"href":"https:\/\/www.europesays.com\/es\/wp-json\/wp\/v2\/media?parent=181624"}],"wp:term":[{"taxonomy":"category","embeddable":true,"href":"https:\/\/www.europesays.com\/es\/wp-json\/wp\/v2\/categories?post=181624"},{"taxonomy":"post_tag","embeddable":true,"href":"https:\/\/www.europesays.com\/es\/wp-json\/wp\/v2\/tags?post=181624"}],"curies":[{"name":"wp","href":"https:\/\/api.w.org\/{rel}","templated":true}]}}