{"id":181634,"date":"2025-10-16T22:54:12","date_gmt":"2025-10-16T22:54:12","guid":{"rendered":"https:\/\/www.europesays.com\/es\/181634\/"},"modified":"2025-10-16T22:54:12","modified_gmt":"2025-10-16T22:54:12","slug":"angela-coronel-monta-su-estudio-de-fotografia-y-arte-en-el-casco-historico-de-molina-con-ayuda-de-adr-nuevaalcarria","status":"publish","type":"post","link":"https:\/\/www.europesays.com\/es\/181634\/","title":{"rendered":"\u00c1ngela Coronel monta su estudio de fotograf\u00eda y arte en el casco hist\u00f3rico de Molina con ayuda de ADR | NuevaAlcarria"},"content":{"rendered":"<p>La capital del Se\u00f1or\u00edo ven\u00eda en su ADN y no es de extra\u00f1ar que desarrollara una creatividad superlativa desde una edad temprana. La singularidad de la arquitectura de Molina, sus edificios, el puente, sus angostas calles, formaron parte de sus correr\u00edas, de sus juegos de infancia y sus paseos de juventud. Aunque vivi\u00f3 en Valdemoro, cuando se present\u00f3 la oportunidad, decidi\u00f3 apostar por el mundo rural y su Molina de Arag\u00f3n. \u201cHace quince a\u00f1os que estoy aqu\u00ed. Vivo muy a gusto aqu\u00ed y aqu\u00ed es donde he decidido emprender\u201d. \u00c1ngela Coronel ha querido dar un empuj\u00f3n a su proyecto profesional art\u00edstico, esa tienda estudio de fotograf\u00eda de Molina que abri\u00f3 hace a\u00f1os y, ahora, quiere ampliarlo con un estudio de arte. Y para ello, ha contado con la ayuda del ADR Molina de Arag\u00f3n-Alto Tajo. Ha adquirido una casa antigua en pleno casco hist\u00f3rico y pens\u00f3 en dedicar la planta baja a otra de sus pasiones, la pintura y el dibujo, \u201ccon un taller para dar clases a todos los p\u00fablicos\u201d. Es ah\u00ed donde tambi\u00e9n colocar\u00e1 su estudio, \u201caunque mantendr\u00e9 la tienda de fotograf\u00eda porque es un gran escaparate para mi trabajo\u201d, apunta. \u00c1ngela lleva a\u00f1os siendo una referencia en la comarca como fot\u00f3grafa de reportajes sociales, que se pueden hacer en su propio estudio o en localizaciones exteriores. Ahora, podr\u00e1 tambi\u00e9n ense\u00f1ar su talento a sus alumnos de dibujo y pintura, desde la calle arriba de Tomasa La Muela, 22.<\/p>\n<p><img decoding=\"async\" alt=\"\" src=\"https:\/\/www.europesays.com\/es\/wp-content\/uploads\/2025\/10\/RE_8b3fea6e-c255-41ef-905e-8b8b4c92580d.JPG\"\/><\/p>\n<p>\u201cFue todo un acierto acudir al Grupo de Desarrollo Rural porque las gestiones han sido muy \u00e1giles. Yo que he tenido que hacer tantos tr\u00e1mites con patrimonio cuando compr\u00e9 la casa en pleno casco hist\u00f3rico, pens\u00e9 que esto iba a ser m\u00e1s complicado, y nada m\u00e1s lejos de la realidad\u201d.\u00a0\u00a0<\/p>\n<p>La inversi\u00f3n supera los 23.000 euros y la ayuda ha sido superior a los 9.000. \u201cDinero que ha venido muy pronto, cuando empiezas a rodar que es cuando m\u00e1s se necesita\u201d, explica. Por esta raz\u00f3n, la joven quiere agradecer al grupo ADR Molina-Alto Tajo \u201csu ayuda y gesti\u00f3n\u201d para que esta misma semana pudiera arrancar sus clases con todo el estudio montado.\u00a0 Se trata de un lugar luminoso, di\u00e1fano y completamente equipado. \u201cEs un lugar ideal para poder dar las clases de pintura, hacer reportajes fotogr\u00e1ficos y tambi\u00e9n animar a la gente a que transite por estas calles tan coquetas\u201d. Para la artista, este paso supone un valor a\u00f1adido a sus servicios y la puesta en valor del casco antiguo de la capital del Se\u00f1or\u00edo. \u201cYa que vienen a las calles pasar\u00e1n por comercios, establecimientos hosteleros y ayudar\u00e1n a movilizar a la econom\u00eda de esta zona tambi\u00e9n\u201d, explica.\u00a0<\/p>\n<p>Desde ADR Molina aseguran que \u00c1ngela Coronel es pionera en este tipo de negocio en la comarca, por lo que evita que la poblaci\u00f3n tenga que desplazarse a otras ciudades para cubrir esas necesidades e inquietudes, por ejemplo, aprender o mejorar con los cursos de pintura. Adem\u00e1s, se impulsa el empoderamiento de la mujer rural al ser la promotora una mujer joven y residente en Molina de Arag\u00f3n.<\/p>\n<p><img decoding=\"async\" alt=\"\" src=\"https:\/\/www.europesays.com\/es\/wp-content\/uploads\/2025\/10\/RE_831ed209-2f47-49e3-97aa-31b7fd38b09f.JPG\"\/><\/p>\n","protected":false},"excerpt":{"rendered":"La capital del Se\u00f1or\u00edo ven\u00eda en su ADN y no es de extra\u00f1ar que desarrollara una creatividad superlativa&hellip;\n","protected":false},"author":2,"featured_media":181635,"comment_status":"","ping_status":"","sticky":false,"template":"","format":"standard","meta":{"footnotes":""},"categories":[173],"tags":[442,51515,51511,51512,229,233,231,230,19481,232,11399,234,51514,146,147,25,24,244,439,441,51513,443,440,503,23],"class_list":{"0":"post-181634","1":"post","2":"type-post","3":"status-publish","4":"format-standard","5":"has-post-thumbnail","7":"category-arte-y-diseno","8":"tag-actualidad-guadalajara","9":"tag-adr-molina","10":"tag-adr-molina-alto-tajo","11":"tag-alto-tajo","12":"tag-arte","13":"tag-arte-y-diseno","14":"tag-arts","15":"tag-arts-and-design","16":"tag-desarrollo-rural","17":"tag-design","18":"tag-dibujo","19":"tag-diseno","20":"tag-emprendedora","21":"tag-entertainment","22":"tag-entretenimiento","23":"tag-es","24":"tag-espana","25":"tag-fotografia","26":"tag-guadalajara","27":"tag-informacion-guadalajara","28":"tag-molina-de-aragon","29":"tag-noticias-guadalajara","30":"tag-nueva-alcarria","31":"tag-pintura","32":"tag-spain"},"share_on_mastodon":{"url":"","error":""},"_links":{"self":[{"href":"https:\/\/www.europesays.com\/es\/wp-json\/wp\/v2\/posts\/181634","targetHints":{"allow":["GET"]}}],"collection":[{"href":"https:\/\/www.europesays.com\/es\/wp-json\/wp\/v2\/posts"}],"about":[{"href":"https:\/\/www.europesays.com\/es\/wp-json\/wp\/v2\/types\/post"}],"author":[{"embeddable":true,"href":"https:\/\/www.europesays.com\/es\/wp-json\/wp\/v2\/users\/2"}],"replies":[{"embeddable":true,"href":"https:\/\/www.europesays.com\/es\/wp-json\/wp\/v2\/comments?post=181634"}],"version-history":[{"count":0,"href":"https:\/\/www.europesays.com\/es\/wp-json\/wp\/v2\/posts\/181634\/revisions"}],"wp:featuredmedia":[{"embeddable":true,"href":"https:\/\/www.europesays.com\/es\/wp-json\/wp\/v2\/media\/181635"}],"wp:attachment":[{"href":"https:\/\/www.europesays.com\/es\/wp-json\/wp\/v2\/media?parent=181634"}],"wp:term":[{"taxonomy":"category","embeddable":true,"href":"https:\/\/www.europesays.com\/es\/wp-json\/wp\/v2\/categories?post=181634"},{"taxonomy":"post_tag","embeddable":true,"href":"https:\/\/www.europesays.com\/es\/wp-json\/wp\/v2\/tags?post=181634"}],"curies":[{"name":"wp","href":"https:\/\/api.w.org\/{rel}","templated":true}]}}