{"id":181638,"date":"2025-10-16T22:56:08","date_gmt":"2025-10-16T22:56:08","guid":{"rendered":"https:\/\/www.europesays.com\/es\/181638\/"},"modified":"2025-10-16T22:56:08","modified_gmt":"2025-10-16T22:56:08","slug":"pedro-sanchez-interviene-por-sorpresa-en-un-gag-de-la-revuelta-de-david-broncano","status":"publish","type":"post","link":"https:\/\/www.europesays.com\/es\/181638\/","title":{"rendered":"Pedro S\u00e1nchez interviene por sorpresa en un &#8216;gag&#8217; de &#8216;La revuelta&#8217; de David Broncano"},"content":{"rendered":"<p class=\"paragraph\"><a href=\"https:\/\/www.heraldo.es\/noticias\/nacional\/2025\/10\/16\/ya-hay-fecha-para-la-comparecencia-de-pedro-sanchez-en-la-comision-koldo-del-senado-1862449.html\" title=\"Ya hay fecha para la comparecencia de Pedro S\u00e1nchez en la &#039;comisi\u00f3n Koldo&#039; del Senado\" target=\"_blank\" rel=\"nofollow noopener\">El presidente del Gobierno, Pedro S\u00e1nchez,<\/a> <b>ha intervenido por sorpresa este jueves en un &#8216;gag&#8217; del programa &#8216;La revuelta<\/b>&#8216;, que presenta David Broncano en Televisi\u00f3n Espa\u00f1ola, en el que ha enviado una carta y un v\u00eddeo para realizar un favor a uno de los colaboradores del formato.<\/p>\n<p class=\"paragraph\">En este momento televisivo, el humorista Jorge Ponce <b>ha recordado el &#8216;gag&#8217; del d\u00eda anterior<\/b>, donde se hac\u00eda pasar por el presidente del Gobierno para mandar una carta a la profesora de su hija para que dejara a sus alumnas hacer \u00ablo que quieran\u00bb.<\/p>\n<p class=\"paragraph\">S\u00e1nchez ha respondido a trav\u00e9s de un v\u00eddeo a la hija del colaborador. \u00abTe <b>voy a escribir lo que me has pedido y te voy a felicitar por tu capacidad de escritura<\/b>, que seguro que es mejor que la de tu padre\u00bb, ha indicado el jefe del Ejecutivo.<\/p>\n<p class=\"paragraph\">Posteriormente, en la carta que ha hecho p\u00fablica &#8216;La revuelta&#8217;, el presidente ha escrito: <b>\u00abSoy Pedro S\u00e1nchez. Deja a las ni\u00f1as hacer lo que quieran o sino te mandar\u00e9 a Ponce y a Broncano como alumnos<\/b>. La verdad es que no les vendr\u00eda mal repasar algunos conceptos\u00bb, ha bromeado.<\/p>\n<p class=\"paragraph\">Por \u00faltimo, S\u00e1nchez ha felicitado a todos los maestros <b>\u00abpor educar a nuestros hijos, que son el futuro del pa\u00eds\u00bb.<\/b><\/p>\n","protected":false},"excerpt":{"rendered":"El presidente del Gobierno, Pedro S\u00e1nchez, ha intervenido por sorpresa este jueves en un &#8216;gag&#8217; del programa &#8216;La&hellip;\n","protected":false},"author":2,"featured_media":181639,"comment_status":"","ping_status":"","sticky":false,"template":"","format":"standard","meta":{"footnotes":""},"categories":[171],"tags":[13289,146,147,25,24,51521,528,199,5785,23,214],"class_list":{"0":"post-181638","1":"post","2":"type-post","3":"status-publish","4":"format-standard","5":"has-post-thumbnail","7":"category-tv","8":"tag-broncano","9":"tag-entertainment","10":"tag-entretenimiento","11":"tag-es","12":"tag-espana","13":"tag-interviene","14":"tag-revuelta","15":"tag-sanchez","16":"tag-sorpresa","17":"tag-spain","18":"tag-tv"},"share_on_mastodon":{"url":"","error":""},"_links":{"self":[{"href":"https:\/\/www.europesays.com\/es\/wp-json\/wp\/v2\/posts\/181638","targetHints":{"allow":["GET"]}}],"collection":[{"href":"https:\/\/www.europesays.com\/es\/wp-json\/wp\/v2\/posts"}],"about":[{"href":"https:\/\/www.europesays.com\/es\/wp-json\/wp\/v2\/types\/post"}],"author":[{"embeddable":true,"href":"https:\/\/www.europesays.com\/es\/wp-json\/wp\/v2\/users\/2"}],"replies":[{"embeddable":true,"href":"https:\/\/www.europesays.com\/es\/wp-json\/wp\/v2\/comments?post=181638"}],"version-history":[{"count":0,"href":"https:\/\/www.europesays.com\/es\/wp-json\/wp\/v2\/posts\/181638\/revisions"}],"wp:featuredmedia":[{"embeddable":true,"href":"https:\/\/www.europesays.com\/es\/wp-json\/wp\/v2\/media\/181639"}],"wp:attachment":[{"href":"https:\/\/www.europesays.com\/es\/wp-json\/wp\/v2\/media?parent=181638"}],"wp:term":[{"taxonomy":"category","embeddable":true,"href":"https:\/\/www.europesays.com\/es\/wp-json\/wp\/v2\/categories?post=181638"},{"taxonomy":"post_tag","embeddable":true,"href":"https:\/\/www.europesays.com\/es\/wp-json\/wp\/v2\/tags?post=181638"}],"curies":[{"name":"wp","href":"https:\/\/api.w.org\/{rel}","templated":true}]}}