{"id":181656,"date":"2025-10-16T23:06:12","date_gmt":"2025-10-16T23:06:12","guid":{"rendered":"https:\/\/www.europesays.com\/es\/181656\/"},"modified":"2025-10-16T23:06:12","modified_gmt":"2025-10-16T23:06:12","slug":"bbva-culpa-al-sabadell-de-haber-influido-en-el-resultado-al-confundir-a-los-accionistas-con-la-segunda-opa","status":"publish","type":"post","link":"https:\/\/www.europesays.com\/es\/181656\/","title":{"rendered":"BBVA culpa al Sabadell de haber influido en el resultado al \u00abconfundir\u00bb a los accionistas con la segunda opa"},"content":{"rendered":"<p style=\"\">BBVA ha fracasado en su <a href=\"https:\/\/www.abc.es\/economia\/bbva-fracasa-opa-sabadell-aceptacion-solo-2533-20251016203530-nt.html\" target=\"_self\" data-voc-vtm-id=\"in-text-traffic\" title=\"opa sobre Banco Sabadell\" rel=\"nofollow noopener\">opa sobre Banco Sabadell<\/a>. El rechazo ha sido rotundo al haber logrado una aceptaci\u00f3n por debajo del <strong>26<\/strong>%. Pero el banco vasco cree que el resultado no tiene que ver solo con no haber convencido a los accionistas,  &#8230; sino tambi\u00e9n con que los altos ejecutivos de la entidad catalana han \u00abconfundido\u00bb a los accionistas con sus pronunciamientos sobre la hipot\u00e9tica segunda opa, que finalmente no se producir\u00e1. <\/p>\n<p class=\"voc-p\" style=\"\">El objetivo de <strong>BBV<\/strong><strong>A<\/strong> era lograr m\u00e1s del 50% del accionariado del Sabadell, pero se guardaba la posibilidad de renunciar a esa condici\u00f3n si solo lograba entre el 30 y el 50% de aceptaci\u00f3n. El problema de ese escenario era que el banco vasco habr\u00eda tenido que lanzar una segunda opa en efectivo por el porcentaje restante que no controlara. Esa segunda opa ha estado en boca de todos en las \u00faltimas semanas. <\/p>\n<p class=\"voc-p\" style=\"\">El Sabadell, principalmente su CEO, <strong>C\u00e9sar Gonz\u00e1lez-Bueno<\/strong>, hab\u00eda llegado a decir que podr\u00eda tener sentido no acudir a esta primera opa y esperar a la segunda ya que, dec\u00edan, el precio probablemente tendr\u00eda que ser superior. El BBVA, por su parte, rebat\u00eda esa afirmaci\u00f3n al se\u00f1alar que tendr\u00eda que ser el mismo. La <strong>Comisi\u00f3n Nacional del Mercado de Valores (CNMV)<\/strong> acab\u00f3 dando un toque de atenci\u00f3n a ambas entidades para que no hicieran ese tipo de pronunciamientos en pleno periodo de aceptaci\u00f3n ya que, en realidad, es la propia CNMV la que tendr\u00eda que fijar el precio de esa hipot\u00e9tica segunda opa. El supervisor tch\u00f3 de especulaci\u00f3n este tipo de pronunciamientos y puso pie en pared. <\/p>\n<p class=\"voc-p\" style=\"\">En el banco vasco creen que las palabras con las que ha machacado el Sabadell en las \u00faltimas semanas han generado confusi\u00f3n entre los accionistas de la entidad catalana ya que, &#8216; de facto&#8217;, se les animaba a no acudir a la primera opa y esperar a la segunda. En parte culpan a esto de haber tenido un resultado tan bajo. <\/p>\n<p class=\"voc-p\" style=\"\">BBVA reconoce que el resultado no es el esperado pero tratan ya de mirar hacia adelante, hacia el \u00abfuturo\u00bb. Para ello, tras conocerse el veredicto de la opa, el banco ha emitido un comunicado para dar a conocer su hoja de ruta en cuanto a la <strong>remuneraci\u00f3n al accionista<\/strong>; una manera de tratar de premiar a sus accionistas tras m\u00e1s de 17 meses de operaci\u00f3n con la que finalmente no han logrado triunfar. <\/p>\n<p class=\"voc-p\" style=\"\">\u00ab<strong>BBVA<\/strong> retoma de manera inmediata su plan de retribuci\u00f3n al accionista: el 31 de octubre iniciar\u00e1 la recompra de acciones pendiente de cerca de 1.000 millones de euros; el 7 de noviembre pagar\u00e1 el mayor dividendo a cuenta de su historia (0,32 euros por acci\u00f3n), por un total de aproximadamente 1.800 millones de euros; y, en cuanto reciba la aprobaci\u00f3n del Banco Central Europeo (BCE), pondr\u00e1 en marcha una significativa recompra de acciones adicional\u00ab, ha informado el banco. La entidad prev\u00e9 disponer de 36.000 millones de euros para distribuir entre sus accionistas hasta 2028. A corto plazo, BBVA contar\u00e1 con aproximadamente 13.000 millones de euros disponibles para distribuir entre sus accionistas. \u00abEn el marco de nuestros objetivos financieros y una vez superadas las restricciones derivadas de la operaci\u00f3n, aceleramos nuestro plan de retribuci\u00f3n al accionista\u00bb, ha destacado el consejero delegado de BBVA, Onur Gen\u00e7. <\/p>\n<p class=\"voc-p\" style=\"\">Justo tras conocerse el rechazo a la opa y despu\u00e9s de anunciar BBVA la aceleraci\u00f3n de su retribuci\u00f3n al accionista, el mercado ha reaccionado a favor de la entidad vasca. En <strong>Estados Unidos<\/strong>, donde el banco cotiza a trav\u00e9s de los llamados ADR, los t\u00edtulos de BBVA se han disparado m\u00e1s de un 7% en cuesti\u00f3n de minutos. Fuentes del banco indican que esto es una se\u00f1al de respaldo al plan de remuneraci\u00f3n al accionista que han anunciado. <\/p>\n<p class=\"voc-p\" style=\"\">Con todo, los principales ejecutivos del banco vasco dar\u00e1n explicaciones en una rueda de prensa ma\u00f1ana 17 de octubre tras el golpe que les ha supuesto el resultado de la operaci\u00f3n.  <\/p>\n","protected":false},"excerpt":{"rendered":"BBVA ha fracasado en su opa sobre Banco Sabadell. El rechazo ha sido rotundo al haber logrado una&hellip;\n","protected":false},"author":2,"featured_media":181657,"comment_status":"","ping_status":"","sticky":false,"template":"","format":"standard","meta":{"footnotes":""},"categories":[5],"tags":[10599,3285,17,18,23397,16395,25,24,13,14,6633,11,51526,19,20,9,10,15,16,3284,5814,1457,3745,23,12,21,22],"class_list":{"0":"post-181656","1":"post","2":"type-post","3":"status-publish","4":"format-standard","5":"has-post-thumbnail","7":"category-titulares","8":"tag-accionistas","9":"tag-bbva","10":"tag-breaking-news","11":"tag-breakingnews","12":"tag-confundir","13":"tag-culpa","14":"tag-es","15":"tag-espana","16":"tag-featured-news","17":"tag-featurednews","18":"tag-haber","19":"tag-headlines","20":"tag-influido","21":"tag-latest-news","22":"tag-latestnews","23":"tag-news","24":"tag-noticias","25":"tag-noticias-destacadas","26":"tag-noticiasdestacadas","27":"tag-opa","28":"tag-resultado","29":"tag-sabadell","30":"tag-segunda","31":"tag-spain","32":"tag-titulares","33":"tag-ultimas-noticias","34":"tag-ultimasnoticias"},"share_on_mastodon":{"url":"","error":""},"_links":{"self":[{"href":"https:\/\/www.europesays.com\/es\/wp-json\/wp\/v2\/posts\/181656","targetHints":{"allow":["GET"]}}],"collection":[{"href":"https:\/\/www.europesays.com\/es\/wp-json\/wp\/v2\/posts"}],"about":[{"href":"https:\/\/www.europesays.com\/es\/wp-json\/wp\/v2\/types\/post"}],"author":[{"embeddable":true,"href":"https:\/\/www.europesays.com\/es\/wp-json\/wp\/v2\/users\/2"}],"replies":[{"embeddable":true,"href":"https:\/\/www.europesays.com\/es\/wp-json\/wp\/v2\/comments?post=181656"}],"version-history":[{"count":0,"href":"https:\/\/www.europesays.com\/es\/wp-json\/wp\/v2\/posts\/181656\/revisions"}],"wp:featuredmedia":[{"embeddable":true,"href":"https:\/\/www.europesays.com\/es\/wp-json\/wp\/v2\/media\/181657"}],"wp:attachment":[{"href":"https:\/\/www.europesays.com\/es\/wp-json\/wp\/v2\/media?parent=181656"}],"wp:term":[{"taxonomy":"category","embeddable":true,"href":"https:\/\/www.europesays.com\/es\/wp-json\/wp\/v2\/categories?post=181656"},{"taxonomy":"post_tag","embeddable":true,"href":"https:\/\/www.europesays.com\/es\/wp-json\/wp\/v2\/tags?post=181656"}],"curies":[{"name":"wp","href":"https:\/\/api.w.org\/{rel}","templated":true}]}}