{"id":181658,"date":"2025-10-16T23:07:14","date_gmt":"2025-10-16T23:07:14","guid":{"rendered":"https:\/\/www.europesays.com\/es\/181658\/"},"modified":"2025-10-16T23:07:14","modified_gmt":"2025-10-16T23:07:14","slug":"shula-entrena-con-la-garra","status":"publish","type":"post","link":"https:\/\/www.europesays.com\/es\/181658\/","title":{"rendered":"Shula entrena con La Garra"},"content":{"rendered":"<p>La selecci\u00f3n argentina femenina de handball est\u00e1 realizando una nueva concentraci\u00f3n en la Ciudad Real, en Espa\u00f1a.<\/p>\n<p>Hasta el pr\u00f3ximo domingo, La Garra, que cuenta entre sus integrantes a la villamariense Giuliana \u201cShula\u201d Gavil\u00e1n, trabajar\u00e1 al mando del entrenador Mariano Mu\u00f1oz para intensificar la preparaci\u00f3n para el campeonato del mundo que se jugar\u00e1 en dos meses en Alemania y Pa\u00edses Bajos.<\/p>\n<p>La Garra encara la etapa final para su puesta a punto para el Mundial 2025, certamen que se disputar\u00e1 entre del 26 de noviembre al 14 de diciembre.<\/p>\n<p>En esta cuarta concentraci\u00f3n de la temporada, el equipo argentino tiene previsto realizar est\u00edmulos en cancha, gimnasia y v\u00eddeo, y disputar un amistoso ante Bola\u00f1os, club que milita en la Liga de Oro espa\u00f1ola.<\/p>\n<p>Esta es la lista de las 18 jugadoras convocadas:<\/p>\n<p>Arqueras: Valentina Menucci (Zonzamas \u2013 ESP) y Candelaria Cuadrado (Morvedre \u2013 ESP).<\/p>\n<p>Centrales: Carolina Bono (Porri\u00f1o \u2013 ESP), Macarena Sans (Beti-Onak \u2013 ESP) y Martina Romero (M\u00e1laga \u2013 ESP).<\/p>\n<p>Extremos: Joana Bolling (Mislata \u2013 ESP), Paloma Satto (Sch\u00e4r Zaragoza \u2013 ESP) y Ayel\u00e9n Garc\u00eda (Beti-Onak \u2013 ESP)&#13;<br \/>\n&#13;\n<\/p>\n<p>Laterales: Micaela Casasola (Beti-Onak \u2013 ESP), Malena Cavo (MKS Lubin \u2013 POL), Berenice Frelier (Iuventa Michalovce \u2013 SVK), Elke Karsten (Bera Bera \u2013 ESP), Martina Lang (Rocasa \u2013 ESP) y Helena Molina (Quilmes)&#13;<br \/>\n&#13;\n<\/p>\n<p>Pivots: Sol Azcune (Elda \u2013 ESP), Roc\u00edo Campigli (M\u00e1laga \u2013 ESP), Giuliana Gavil\u00e1n (Bera Bera \u2013 ESP) y Antonela Mena (CID Moreno)&#13;<br \/>\n&#13;\n<\/p>\n<p>Pese a no integrar la convocatoria, participan de la concentraci\u00f3n las jugadoras Selena Maitini (Pozuelo \u2013 ESP) y Julieta Cuccuini (Bola\u00f1os \u2013 ESP).&#13;<br \/>\n&#13;<br \/>\n\t\t\t&#13;<br \/>\n\t\t\t&#13;<br \/>\n\t\t\t&#13;\n\t\t\t<\/p>\n","protected":false},"excerpt":{"rendered":"La selecci\u00f3n argentina femenina de handball est\u00e1 realizando una nueva concentraci\u00f3n en la Ciudad Real, en Espa\u00f1a. Hasta&hellip;\n","protected":false},"author":2,"featured_media":181659,"comment_status":"","ping_status":"","sticky":false,"template":"","format":"standard","meta":{"footnotes":""},"categories":[278],"tags":[376,168,25,24,375,23,167],"class_list":{"0":"post-181658","1":"post","2":"type-post","3":"status-publish","4":"format-standard","5":"has-post-thumbnail","7":"category-balonmano","8":"tag-balonmano","9":"tag-deportes","10":"tag-es","11":"tag-espana","12":"tag-handball","13":"tag-spain","14":"tag-sports"},"share_on_mastodon":{"url":"","error":""},"_links":{"self":[{"href":"https:\/\/www.europesays.com\/es\/wp-json\/wp\/v2\/posts\/181658","targetHints":{"allow":["GET"]}}],"collection":[{"href":"https:\/\/www.europesays.com\/es\/wp-json\/wp\/v2\/posts"}],"about":[{"href":"https:\/\/www.europesays.com\/es\/wp-json\/wp\/v2\/types\/post"}],"author":[{"embeddable":true,"href":"https:\/\/www.europesays.com\/es\/wp-json\/wp\/v2\/users\/2"}],"replies":[{"embeddable":true,"href":"https:\/\/www.europesays.com\/es\/wp-json\/wp\/v2\/comments?post=181658"}],"version-history":[{"count":0,"href":"https:\/\/www.europesays.com\/es\/wp-json\/wp\/v2\/posts\/181658\/revisions"}],"wp:featuredmedia":[{"embeddable":true,"href":"https:\/\/www.europesays.com\/es\/wp-json\/wp\/v2\/media\/181659"}],"wp:attachment":[{"href":"https:\/\/www.europesays.com\/es\/wp-json\/wp\/v2\/media?parent=181658"}],"wp:term":[{"taxonomy":"category","embeddable":true,"href":"https:\/\/www.europesays.com\/es\/wp-json\/wp\/v2\/categories?post=181658"},{"taxonomy":"post_tag","embeddable":true,"href":"https:\/\/www.europesays.com\/es\/wp-json\/wp\/v2\/tags?post=181658"}],"curies":[{"name":"wp","href":"https:\/\/api.w.org\/{rel}","templated":true}]}}