{"id":181660,"date":"2025-10-16T23:09:08","date_gmt":"2025-10-16T23:09:08","guid":{"rendered":"https:\/\/www.europesays.com\/es\/181660\/"},"modified":"2025-10-16T23:09:08","modified_gmt":"2025-10-16T23:09:08","slug":"chileno-victor-valenzuela-perdio-con-oliveira-el-brutal-tko-que-le-dio-contrato-en-ufc-al-brasileno-biobiochile","status":"publish","type":"post","link":"https:\/\/www.europesays.com\/es\/181660\/","title":{"rendered":"Chileno V\u00edctor Valenzuela perdi\u00f3 con Oliveira: el brutal TKO que le dio contrato en UFC al brasile\u00f1o &#8211; BioBioChile"},"content":{"rendered":"<ol>\n<li><a href=\"https:\/\/news.google.com\/rss\/articles\/CBMi_wFBVV95cUxQZHc0VVkxRGFxb2cyMXE3T2FMRHVTTFhFRklSUHplckRFWXJ0WG1tYXJja3hsajZSYUpHNVliREx2VS1qVGgyWEJMNWFfeVNuZ01xc2JRejRWZUhXZXFvN28zN0VwYnJ3dlRNbTVsVTFlY3p0VGZ1bUN1YkNwYnc3NkREQjJqQlVVNHJRd1U5aHoyMjkycW9PSHJSNHZ6aEpPaUhoTEQzaEZxTGZSSTA5MGpra2xadmRqRHA5clg2YmZLR3B5R3hRMFNBZHZyeXc4SmgzMDBXaVgzS0lFQUpTc2Job2xPUHpNT0REU2tSbTZWblYyRXZLakxveE9NVkXSAYQCQVVfeXFMUDcyczVZTFVrQVA0UlB0X3A5bnBuVUljUnFzTmNIU3lhRGloWXpQcEplSFdfNmRkamVxeEZRYVdicDdQYWEyYmZ2UDAtRjJjaW92dklMVlg3VmQxT1JTbGQtbHR3WTBuZ1UtZVFEUzJzRTNiT1RNNFppQUlqcWlSVUNfOEEzUXN3SW5LLXdlUmU0U0dDX25wZlFtRWxIVjhBMTdaNG9HcDVZVldOd3MyUlRmbWZWNTBTeEVnSlYzVUZNZjEwZ0FtQ3B3Ym1MVTNMbVdxRlF5ckNWQ21vcWJpWU1MRkFMTkVSdE9hU0lUNnYtdXNLX2ttRnl3WFIyRGFybXpqa1I?oc=5\" target=\"_blank\" rel=\"nofollow noopener\">Chileno V\u00edctor Valenzuela perdi\u00f3 con Oliveira: el brutal TKO que le dio contrato en UFC al brasile\u00f1o<\/a>&nbsp;&nbsp;BioBioChile<\/li>\n<li><a href=\"https:\/\/news.google.com\/rss\/articles\/CBMikwFBVV95cUxNTnVrUzY4NVdKWWRwbXpJeUo2RVRqTmg3YkJ5Z1haYlRCeWF6T0w2YkFXSjFpZ3lRblduZVNueG54ejJLNGphVmZYMFFfQXJjSUNNazN5cVpDLTNzQmZwUFUzLWtPNjNUZGl6czZHNTctSnBTWE9DYy1PWFp6dkQtSEJ6cG9aSHU0TUVwWGRvMVAydm8?oc=5\" target=\"_blank\" rel=\"nofollow noopener\">DWCS: Freddy Vidal, Juan D\u00edaz Y V\u00edctor Valenzuela En Acci\u00f3n<\/a>&nbsp;&nbsp;UFCESPANOL.com<\/li>\n<li><a href=\"https:\/\/news.google.com\/rss\/articles\/CBMi2wFBVV95cUxQSDFralI2UDBvX0MyUFQ1bkhjeG03VzNRRWhsVDdVVDZYNzJoRElscHNGOEJYT1JPaFFQc18wT0tLcjBWd0huUDRJV0hlRG9tZ0ZZM2FpTTlJTEhiQndKb0RJakxlSDdsR0xva2R4SldPa2lvTkVnOERRcHFxLVRqZFBkMHpCLUZDY1A4U21pZklxQzlWbGc3ZzZmNjJIMW81Vnc3WS0wYzE2Nk9ucEF4b0plaEtPZVdaYUgwSkJMUGpmel80d2NzaHRkLVA2M2ZEa2U1ZWtLUkE2MmPSAe8BQVVfeXFMT2pIZ05SQnptTVBkb21CN2JxYXVzYWJyQ3NBakJBTFhWdElvSWluSEw0eDdLR3Zmb1VNb0tMZTYxbFVRVjliQTRRY0h5YTNtT1cyMVAzQjlKcFFqMDJDUXhZa0dvMGJ4VE1NanNmZjVFQmhlQUh1ZFJCLVZlZ1VFMDRzTUhfeDhrRzk2S3Rvci1ETUlWQ1MtNEc2MTQ4cnlEM2Y0VVFwMEpCVmQybjcyWHVibV9VRWhmN3lMYWI2LXBFT2lIMUZYRGpLRHZLaDZjMmJGd0QwRjlTYTJkXzl1VGViU0hQb3RJN0ExVFlYeVU?oc=5\" target=\"_blank\" rel=\"nofollow noopener\">V\u00edctor \u201cSiko\u201d Valenzuela cay\u00f3 noqueado en el Dana White\u2019s Contender Series y no obtendr\u00e1 un contrato en la UFC<\/a>&nbsp;&nbsp;ADN Radio<\/li>\n<li><a href=\"https:\/\/news.google.com\/rss\/articles\/CBMivgFBVV95cUxPMkVPUXZia3lKam5lLVBWS2tieFl0QWJGb2dOZlhzVXA3b2J0cDlqYjZGRnFnbUVLRTFHd3ZTQWR4VUhJOTBjekZrbkZIVThQRlEtbnF1eFpxQUstenNzaGZzaF9aSHN1cmRrQ2dwdlU0ZTdrNXhfTXdaUVVQYk16ZkJWRnVNZ3hTSFZJY3ZQWnVoOFpsLTdCVlFTVWFCY054WEJQbXFRZFhsWTFVSmN2blpGdTVMNVpoaUlvd1N30gHDAUFVX3lxTE9tbm5iR2tHX3FSdXhVdkNzOXd5S2o1WWw2SjMxQkRUS2ZSWDhWaDBReDFZS3M1WTA0bU5PRkw5TUdxejllZ3JBWjk4OGNqSG1JajZnSDJjR0pyOUZCSThBaVhQOFZ4VUY2WHhLVkZpUVVrMEZzMFUzTXR3LTBZc1BiVW80eHZFOTNMTFVEMWJfSGVGRE1UR29lTHNQcVR0SEwxUW9CdDZ5MDAwaFYwbkduc3pSRzFUZHprV2daM05TTkhwcw?oc=5\" target=\"_blank\" rel=\"nofollow noopener\">V\u00edctor \u201cSikosis\u201d Valenzuela perdi\u00f3 por KO ante el invicto Michael Oliveira en el DWCS<\/a>&nbsp;&nbsp;Chilevisi\u00f3n<\/li>\n<li><a href=\"https:\/\/news.google.com\/rss\/articles\/CBMi8gFBVV95cUxQMDVIVHhZeDRPMk9BLUwzbDRjaWV2SjZQSkFHaXQxekotNjUxc2JQUEVGWExtVmk4cHN3aDVNWDllbjhqbUtOZF9ycGQyazFmM2pnU3JDZ1Ewai1hMi1nU25FMnBFV25UMGtFb3dqSW03WDNJeFhWRmV2dVBxOG1rbm9COWtXM0xKWnktWm01SUxObVVjYXpYZ2dHQW8tRS1EajdPdGR0UkRsUEtmV1FhcmlNWTRweHJsdzFYdThLeExoYXdKdGFmNmd3R3RKQW5uZ2lIbnJnS2I2eDZKMXBjZXFtMUUzRkdDblZBRExjOGpfQdIBhgJBVV95cUxPYmJLSzhFUXJsM185ckZJaDRjT0dpVTc4UUI5UURWVjdZYkczTEllWVNFRG91NVc5UUNKblUxRWUtNkpERnAwTG9oVzFNNFNWbnZ4VkE5bnZBeEhkdkpGSXJyclVMalVaU1lHWV9oRVJ2ZFFWMEFhSGE5Nm43QS1mekVacDVhR3I0cTVkMFRIbVMwLWZNZkdCaHNQNzVNZzRSSkdscDlVQTFtWW5qakQycmFIZFJWNERjQkVienNpZnJ4MXQyclNFTFhsdUtab1N2WFlleGp2ODc1V3k5RVV4Mlp6b191VnpDb0lFNWFrNnBDVDdJLVdMOXBNMXFCUjJQSkltNXV3?oc=5\" target=\"_blank\" rel=\"nofollow noopener\">Un chileno pelea hoy por entrar a la UFC y acompa\u00f1ar al \u2018Jaula\u2019 Bahamondes: a qu\u00e9 hora es el combate, TV, cana<\/a>&nbsp;&nbsp;AS Chile<\/li>\n<\/ol>\n","protected":false},"excerpt":{"rendered":"Chileno V\u00edctor Valenzuela perdi\u00f3 con Oliveira: el brutal TKO que le dio contrato en UFC al brasile\u00f1o&nbsp;&nbsp;BioBioChile DWCS:&hellip;\n","protected":false},"author":2,"featured_media":173004,"comment_status":"","ping_status":"","sticky":false,"template":"","format":"standard","meta":{"footnotes":""},"categories":[276],"tags":[168,25,24,23,167,343],"class_list":{"0":"post-181660","1":"post","2":"type-post","3":"status-publish","4":"format-standard","5":"has-post-thumbnail","7":"category-ufc","8":"tag-deportes","9":"tag-es","10":"tag-espana","11":"tag-spain","12":"tag-sports","13":"tag-ufc"},"share_on_mastodon":{"url":"","error":""},"_links":{"self":[{"href":"https:\/\/www.europesays.com\/es\/wp-json\/wp\/v2\/posts\/181660","targetHints":{"allow":["GET"]}}],"collection":[{"href":"https:\/\/www.europesays.com\/es\/wp-json\/wp\/v2\/posts"}],"about":[{"href":"https:\/\/www.europesays.com\/es\/wp-json\/wp\/v2\/types\/post"}],"author":[{"embeddable":true,"href":"https:\/\/www.europesays.com\/es\/wp-json\/wp\/v2\/users\/2"}],"replies":[{"embeddable":true,"href":"https:\/\/www.europesays.com\/es\/wp-json\/wp\/v2\/comments?post=181660"}],"version-history":[{"count":0,"href":"https:\/\/www.europesays.com\/es\/wp-json\/wp\/v2\/posts\/181660\/revisions"}],"wp:featuredmedia":[{"embeddable":true,"href":"https:\/\/www.europesays.com\/es\/wp-json\/wp\/v2\/media\/173004"}],"wp:attachment":[{"href":"https:\/\/www.europesays.com\/es\/wp-json\/wp\/v2\/media?parent=181660"}],"wp:term":[{"taxonomy":"category","embeddable":true,"href":"https:\/\/www.europesays.com\/es\/wp-json\/wp\/v2\/categories?post=181660"},{"taxonomy":"post_tag","embeddable":true,"href":"https:\/\/www.europesays.com\/es\/wp-json\/wp\/v2\/tags?post=181660"}],"curies":[{"name":"wp","href":"https:\/\/api.w.org\/{rel}","templated":true}]}}