{"id":181693,"date":"2025-10-16T23:28:08","date_gmt":"2025-10-16T23:28:08","guid":{"rendered":"https:\/\/www.europesays.com\/es\/181693\/"},"modified":"2025-10-16T23:28:08","modified_gmt":"2025-10-16T23:28:08","slug":"gabriel-rufian-y-la-gallega-ester-exposito-pillados-bailando-bachata-en-un-after-de-madrid-la-voz-de-galicia","status":"publish","type":"post","link":"https:\/\/www.europesays.com\/es\/181693\/","title":{"rendered":"Gabriel Rufi\u00e1n y la gallega Ester Exp\u00f3sito, pillados bailando bachata en un \u00abafter\u00bb de Madrid &#8211; La Voz de Galicia"},"content":{"rendered":"<ol>\n<li><a href=\"https:\/\/news.google.com\/rss\/articles\/CBMi9AFBVV95cUxOdzEzdFZBNC1YOUIwQ203dXVhdVluVVE0TWpZNHRRaVRtVWhtTTlSVUh6SGN3MVFEVDNnTV8zdFBzM0lNRGl0dC1vTmhrVHRFVmVaQTVUMTBTcWhrYkZBNmd0dGx0VGNMZjFDMGIyU3FCN3ktbHJFUm92SGM5eF92NHE4cEYwODVHVFQ1M2dKak9UUkdqUUNBN2hNNlUyWk5lR2tFUFNia2hSY1ZRQ0pSQWRCQzhzWW5Ncm43cWdwWFBPZ01Qb1ZrUTl3RGtSTUd3R1hFd1dmNmpMeVBFLTJPZ2U2cWxxSF96ek9EZnhVMk5TcDRW0gGQAkFVX3lxTE9oZ1BvemNPZVJQY1MxVVVWYkRBRmkyYkRXNW84Vm9lRVAxOWRwd1BJekRCenVpbnRKaFlSbVdkUl81TEFDS0tHb3JrQzlsSUtWZ2xZRG5qRTZ0b1Zpb1oxMHhTcDIxZkVnRTVkdFNwT21kWTZrMUdPbUJaOGNkUmxVYzlfYVZ4T0pCdjRqTjNVcGwxYlBUaklEb2NwY0Q2MGRMVVQ4LVlNeEtoTXdVZlNQVFlnLVU1VGFMY2RPQWhOeWxmbDNVV3RwV094RGZ4cUVkNTFWcjZFX1U5bVZqdjRJNnFfTmR2ZDZlblVvLU1CbTFaY09leFhOR2J2dkh6ZkxUNEU1X0tCOWw5M2NlWGc5?oc=5\" target=\"_blank\" rel=\"nofollow noopener\">Gabriel Rufi\u00e1n y la gallega Ester Exp\u00f3sito, pillados bailando bachata en un \u00abafter\u00bb de Madrid<\/a>&nbsp;&nbsp;La Voz de Galicia<\/li>\n<li><a href=\"https:\/\/news.google.com\/rss\/articles\/CBMivAFBVV95cUxOMHAtOGY4T0lzYjQ2UzJhQzM3WXlTcnZibmVhRjQ1MDlpNDRSNHhjVlB1Qm82dFJJS2lGeDY2dzNBdnh4RlV5MnFPSTR5NjNvSUtUWTdQYUtyTUZxWjZWSXdXSlMwY1JscEZPLWNHeUt4NVZEbV8zUjNSNE50cjIwNDd4NDdDMHpMOEUxR1U1Q1lqVmV3OUp4NXV2QUI2X1ZhbWZwWG1qTjJHSk1Ra2dTU3RkbkF4M2pzVno3eQ?oc=5\" target=\"_blank\" rel=\"nofollow noopener\">Pillan a Gabriel Rufi\u00e1n y Ester Exp\u00f3sito bailando en una discoteca de Madrid<\/a>&nbsp;&nbsp;MARCA<\/li>\n<li><a href=\"https:\/\/news.google.com\/rss\/articles\/CBMibkFVX3lxTE1RcHJHT2xPeVdLVk81dGNYX0lmZXh1eE1kN2x6Y010dmR2clVlWTZZNlVjemVJQUNEdEdSOEFBR1JydzNPSjlOa2xkbHBvd2VrZTBpRl9RaUhGcWxQOVUwc2tZdE81RVU5ZG0yT0FR0gFzQVVfeXFMUC1aNHVFTzRIMlA3anpCTEE1TXUzLWFHanJhY2Y0ekt3d05jWTdqQUdvNlZTUDg1U1UxX0t3djFxQ1VKQzZoLWp4Q3JpSFNjSTJ6dmtWak0yZ2VTbC1JNjR1TUY4a1EwQTM0bWpxYnBWQXJxVQ?oc=5\" target=\"_blank\" rel=\"nofollow noopener\">La bachata de Rufi\u00e1n<\/a>&nbsp;&nbsp;gaceta.es<\/li>\n<li><a href=\"https:\/\/news.google.com\/rss\/articles\/CBMiwAFBVV95cUxPaGVuOG9SZWF1bWF4MzUtQnBfbE9aRUl1dDNBeHpCb1JreTZBc3NTRzV1b05tcnhuS1lrcmhJQXB3Y3VRcWU2OHlIMV8wdnhKeXBSVzhuRlp6c01KMW5ZeFdGRnM4V2ptbWNrelFlbDk5cEZJY1RTcnNxOFI0V2cwc21CTE5RSzBxaDQ1SzJoTEpxcUxVdHpQclV0U3AtSXo3QUFheUVTaTlrWWJlaXZRWHdoUy0yQV9iWWZqSkR0cTXSAcYBQVVfeXFMT281eXl3N0NMMEhleS1vZVhOeExtNjdiUHByV0JhUGlPZ1dEZThYTXNrdjFLdFFhcGFSckE1alV2RDZvNEdQaVdidXU0UzdmSkJoSnpMZkItWEdPWVYtcHZJSVJDV1ZJOGFQRkx1NG5xdHlwdkdVbk95clZKX3lvYXVvd2MyWEVvZ0F3aGFEQllLVk1aY3ZKOFdwdzl4TWI3LXZVZ3F6cUxKamhPSjJLRm1mWWdVbVhaRkJWdXpBS3dldDdTUHh3?oc=5\" target=\"_blank\" rel=\"nofollow noopener\">Gabriel Rufi\u00e1n y Ester Exp\u00f3sito, protagonistas de un v\u00eddeo viral bailando bachata en un after<\/a>&nbsp;&nbsp;OkDiario<\/li>\n<li><a href=\"https:\/\/news.google.com\/rss\/articles\/CBMieEFVX3lxTFBPSGsxQTZlQXJNZ0R3dmpEbTUyUEQ2RWJqX0VfNU5YTUNlU2FjLW5sVnF2N2pBQWpDY1MwOURXakRkZ3JiZTl5dDVPWWo3Qk5FZGU3eE92eXdKSjBzSmloVm80VWZ6QVlwYV9XOE5OVm44RVNPYkdCdg?oc=5\" target=\"_blank\" rel=\"nofollow noopener\">\u00bfQui\u00e9n es la actriz con la que bailaba Rufi\u00e1n en un after?<\/a>&nbsp;&nbsp;EDATV News<\/li>\n<\/ol>\n","protected":false},"excerpt":{"rendered":"Gabriel Rufi\u00e1n y la gallega Ester Exp\u00f3sito, pillados bailando bachata en un \u00abafter\u00bb de Madrid&nbsp;&nbsp;La Voz de Galicia&hellip;\n","protected":false},"author":2,"featured_media":181694,"comment_status":"","ping_status":"","sticky":false,"template":"","format":"standard","meta":{"footnotes":""},"categories":[8],"tags":[17,18,6324,25,24,5232,13,14,5394,11,19,20,9,10,15,16,23,12,21,22],"class_list":{"0":"post-181693","1":"post","2":"type-post","3":"status-publish","4":"format-standard","5":"has-post-thumbnail","7":"category-espana","8":"tag-breaking-news","9":"tag-breakingnews","10":"tag-erc","11":"tag-es","12":"tag-espana","13":"tag-ester-exposito","14":"tag-featured-news","15":"tag-featurednews","16":"tag-gabriel-rufian","17":"tag-headlines","18":"tag-latest-news","19":"tag-latestnews","20":"tag-news","21":"tag-noticias","22":"tag-noticias-destacadas","23":"tag-noticiasdestacadas","24":"tag-spain","25":"tag-titulares","26":"tag-ultimas-noticias","27":"tag-ultimasnoticias"},"share_on_mastodon":{"url":"","error":""},"_links":{"self":[{"href":"https:\/\/www.europesays.com\/es\/wp-json\/wp\/v2\/posts\/181693","targetHints":{"allow":["GET"]}}],"collection":[{"href":"https:\/\/www.europesays.com\/es\/wp-json\/wp\/v2\/posts"}],"about":[{"href":"https:\/\/www.europesays.com\/es\/wp-json\/wp\/v2\/types\/post"}],"author":[{"embeddable":true,"href":"https:\/\/www.europesays.com\/es\/wp-json\/wp\/v2\/users\/2"}],"replies":[{"embeddable":true,"href":"https:\/\/www.europesays.com\/es\/wp-json\/wp\/v2\/comments?post=181693"}],"version-history":[{"count":0,"href":"https:\/\/www.europesays.com\/es\/wp-json\/wp\/v2\/posts\/181693\/revisions"}],"wp:featuredmedia":[{"embeddable":true,"href":"https:\/\/www.europesays.com\/es\/wp-json\/wp\/v2\/media\/181694"}],"wp:attachment":[{"href":"https:\/\/www.europesays.com\/es\/wp-json\/wp\/v2\/media?parent=181693"}],"wp:term":[{"taxonomy":"category","embeddable":true,"href":"https:\/\/www.europesays.com\/es\/wp-json\/wp\/v2\/categories?post=181693"},{"taxonomy":"post_tag","embeddable":true,"href":"https:\/\/www.europesays.com\/es\/wp-json\/wp\/v2\/tags?post=181693"}],"curies":[{"name":"wp","href":"https:\/\/api.w.org\/{rel}","templated":true}]}}