{"id":181819,"date":"2025-10-17T01:05:07","date_gmt":"2025-10-17T01:05:07","guid":{"rendered":"https:\/\/www.europesays.com\/es\/181819\/"},"modified":"2025-10-17T01:05:07","modified_gmt":"2025-10-17T01:05:07","slug":"michael-morales-enfrentara-a-sean-brady","status":"publish","type":"post","link":"https:\/\/www.europesays.com\/es\/181819\/","title":{"rendered":"Michael Morales enfrentar\u00e1 a Sean Brady"},"content":{"rendered":"<p><strong>UFC<\/strong><\/p>\n<p>El ecuatoriano Michael Morales volver\u00e1 a subirse al oct\u00e1gono frente al estadounidense Sean Brady en el Madison Square Garden de Nueva York, en uno de los combates estelares de la UFC 322. La organizaci\u00f3n m\u00e1s importante de artes marciales mixtas del mundo confirm\u00f3 el duelo dedos peleadores en gran momento.<\/p>\n<p><img fetchpriority=\"high\" decoding=\"async\" width=\"820\" height=\"460\" src=\"https:\/\/www.europesays.com\/es\/wp-content\/uploads\/2025\/10\/FOTO2-1.jpg\" alt=\"\" class=\"wp-image-101217\" style=\"width:839px;height:auto\"  \/>Michael Morales va por otra victoria.<\/p>\n<p>Morales, atraviesa la mejor etapa de su carrera. Luego de su victoria por nocaut t\u00e9cnico ante el experimentado brasile\u00f1o Gilbert Burns en mayo, el tricolor sum\u00f3 su sexta victoria consecutiva dentro de la UFC y se posicion\u00f3 en el octavo lugar del ranking de las 170 libras, ahora busca ese salto hacia los primeros puestos. Sean Brady, un rival de jerarqu\u00eda y experiencia que actualmente ocupa el segundo lugar del ranking w\u00e9lter. <\/p>\n<p>El estadounidense ha pulido una t\u00e9cnica impecable en el suelo con un f\u00edsico imponente y un estilo agresivo, caracter\u00edsticas que auguran una contienda de muy alto nivel. Para Morales, ser\u00e1 una pelea determinante, una victoria podr\u00eda acercarlo a la zona por el t\u00edtulo mundial.<\/p>\n","protected":false},"excerpt":{"rendered":"UFC El ecuatoriano Michael Morales volver\u00e1 a subirse al oct\u00e1gono frente al estadounidense Sean Brady en el Madison&hellip;\n","protected":false},"author":2,"featured_media":181820,"comment_status":"","ping_status":"","sticky":false,"template":"","format":"standard","meta":{"footnotes":""},"categories":[276],"tags":[168,25,24,23,167,343],"class_list":{"0":"post-181819","1":"post","2":"type-post","3":"status-publish","4":"format-standard","5":"has-post-thumbnail","7":"category-ufc","8":"tag-deportes","9":"tag-es","10":"tag-espana","11":"tag-spain","12":"tag-sports","13":"tag-ufc"},"share_on_mastodon":{"url":"","error":""},"_links":{"self":[{"href":"https:\/\/www.europesays.com\/es\/wp-json\/wp\/v2\/posts\/181819","targetHints":{"allow":["GET"]}}],"collection":[{"href":"https:\/\/www.europesays.com\/es\/wp-json\/wp\/v2\/posts"}],"about":[{"href":"https:\/\/www.europesays.com\/es\/wp-json\/wp\/v2\/types\/post"}],"author":[{"embeddable":true,"href":"https:\/\/www.europesays.com\/es\/wp-json\/wp\/v2\/users\/2"}],"replies":[{"embeddable":true,"href":"https:\/\/www.europesays.com\/es\/wp-json\/wp\/v2\/comments?post=181819"}],"version-history":[{"count":0,"href":"https:\/\/www.europesays.com\/es\/wp-json\/wp\/v2\/posts\/181819\/revisions"}],"wp:featuredmedia":[{"embeddable":true,"href":"https:\/\/www.europesays.com\/es\/wp-json\/wp\/v2\/media\/181820"}],"wp:attachment":[{"href":"https:\/\/www.europesays.com\/es\/wp-json\/wp\/v2\/media?parent=181819"}],"wp:term":[{"taxonomy":"category","embeddable":true,"href":"https:\/\/www.europesays.com\/es\/wp-json\/wp\/v2\/categories?post=181819"},{"taxonomy":"post_tag","embeddable":true,"href":"https:\/\/www.europesays.com\/es\/wp-json\/wp\/v2\/tags?post=181819"}],"curies":[{"name":"wp","href":"https:\/\/api.w.org\/{rel}","templated":true}]}}