{"id":181839,"date":"2025-10-17T01:22:08","date_gmt":"2025-10-17T01:22:08","guid":{"rendered":"https:\/\/www.europesays.com\/es\/181839\/"},"modified":"2025-10-17T01:22:08","modified_gmt":"2025-10-17T01:22:08","slug":"el-ipc-de-los-alimentos-subio-un-24-en-un-ano","status":"publish","type":"post","link":"https:\/\/www.europesays.com\/es\/181839\/","title":{"rendered":"El IPC de los alimentos subi\u00f3 un 2,4% en un a\u00f1o"},"content":{"rendered":"<p>            <a href=\"https:\/\/www.agropopular.com\/wp-content\/audios_agropopular\/2019\/07\/huevos.jpg\" data-caption=\"\" rel=\"nofollow noopener\" target=\"_blank\"><img loading=\"lazy\" decoding=\"async\" width=\"696\" height=\"464\" class=\"entry-thumb td-modal-image\" src=\"https:\/\/www.europesays.com\/es\/wp-content\/uploads\/2025\/10\/huevos-696x464.jpg\"   alt=\"ipc alimentos\" title=\"ipc alimentos\"\/><\/a><\/p>\n<p>El \u00cdndice de Precios al Consumo (IPC) de alimentos y bebidas no alcoh\u00f3licas <strong>subi\u00f3 en septiembre un 2,4% respecto al mismo mes de 2024 y disminuy\u00f3 un 0,1% respecto a agosto de 2025<\/strong>, seg\u00fan los \u00faltimos datos publicados por el <a href=\"https:\/\/www.ine.es\/\" target=\"_blank\" rel=\"noopener nofollow\">Instituto Nacional de Estad\u00edstica<\/a> (INE). El IPC general subi\u00f3 un 3% interanual y baj\u00f3 un 0,3% respecto al mes pasado.<\/p>\n<p>En comparaci\u00f3n con el mes de septiembre de 2024, <strong>todas las categor\u00edas de alimentaci\u00f3n se encarecieron excepto aceites y grasas, el az\u00facar y las patatas y sus preparados.<\/strong> De hecho, los mayores descensos de los precios anuales correspondieron a los aceites y grasas (-34,5%), en concreto, dentro de este \u00edndice, el aceite de oliva baj\u00f3 un 43%, seguido del az\u00facar (-17,4%) y de las patatas y sus preparados (-2,1%).<\/p>\n<p>Por el contrario, <strong>las mayores subidas interanuales fueron de los huevos (+17,9%)<\/strong>, la carne de vacuno (+16,5%), la carne de ovino (+9%), las legumbres y hortalizas frescas (+8%) y las frutas en conserva y frutos secos (+6%).<\/p>\n<p>El producto que m\u00e1s baj\u00f3 en septiembre fueron las frutas frescas<\/p>\n<p>En comparaci\u00f3n con el mes de agosto, los productos que m\u00e1s bajaron fueron <strong>las frutas fresas que disminuyeron un 3,3%<\/strong>, los aceites y grasas (-1,3%) y las patatas y sus preparados (-1,2%).<\/p>\n<p>Por el contrario, tuvieron mayor repercusi\u00f3n positiva en la tasa mensual del IPC los precios del pescado fresco y congelado (+3,5%), la carne de ovino (+1,9%) y la carne de vacuno (+1,3%).<\/p>\n<p><a href=\"#\"><img decoding=\"async\" src=\"https:\/\/www.europesays.com\/es\/wp-content\/uploads\/2025\/10\/banner-agropopular-post.gif\"\/><\/a><\/p>\n<p>Todos los derechos reservados. Queda prohibido reproducir, distribuir, comunicar p\u00fablicamente o transformar, todo o parte del contenido de este sitio web, incluido, pero no limitado a, los textos, las fotos y los videos, sin el permiso previo y por escrito de Informativos Agrarios S.L.        <\/p>\n","protected":false},"excerpt":{"rendered":"El \u00cdndice de Precios al Consumo (IPC) de alimentos y bebidas no alcoh\u00f3licas subi\u00f3 en septiembre un 2,4%&hellip;\n","protected":false},"author":2,"featured_media":181840,"comment_status":"","ping_status":"","sticky":false,"template":"","format":"standard","meta":{"footnotes":""},"categories":[80],"tags":[5340,82,95,94,25,24,8084,8068,11529,8038,23],"class_list":{"0":"post-181839","1":"post","2":"type-post","3":"status-publish","4":"format-standard","5":"has-post-thumbnail","7":"category-economia","8":"tag-alimentos","9":"tag-business","10":"tag-economia","11":"tag-economy","12":"tag-es","13":"tag-espana","14":"tag-huevos","15":"tag-ine","16":"tag-ipc","17":"tag-precios","18":"tag-spain"},"share_on_mastodon":{"url":"","error":""},"_links":{"self":[{"href":"https:\/\/www.europesays.com\/es\/wp-json\/wp\/v2\/posts\/181839","targetHints":{"allow":["GET"]}}],"collection":[{"href":"https:\/\/www.europesays.com\/es\/wp-json\/wp\/v2\/posts"}],"about":[{"href":"https:\/\/www.europesays.com\/es\/wp-json\/wp\/v2\/types\/post"}],"author":[{"embeddable":true,"href":"https:\/\/www.europesays.com\/es\/wp-json\/wp\/v2\/users\/2"}],"replies":[{"embeddable":true,"href":"https:\/\/www.europesays.com\/es\/wp-json\/wp\/v2\/comments?post=181839"}],"version-history":[{"count":0,"href":"https:\/\/www.europesays.com\/es\/wp-json\/wp\/v2\/posts\/181839\/revisions"}],"wp:featuredmedia":[{"embeddable":true,"href":"https:\/\/www.europesays.com\/es\/wp-json\/wp\/v2\/media\/181840"}],"wp:attachment":[{"href":"https:\/\/www.europesays.com\/es\/wp-json\/wp\/v2\/media?parent=181839"}],"wp:term":[{"taxonomy":"category","embeddable":true,"href":"https:\/\/www.europesays.com\/es\/wp-json\/wp\/v2\/categories?post=181839"},{"taxonomy":"post_tag","embeddable":true,"href":"https:\/\/www.europesays.com\/es\/wp-json\/wp\/v2\/tags?post=181839"}],"curies":[{"name":"wp","href":"https:\/\/api.w.org\/{rel}","templated":true}]}}