{"id":181843,"date":"2025-10-17T01:27:18","date_gmt":"2025-10-17T01:27:18","guid":{"rendered":"https:\/\/www.europesays.com\/es\/181843\/"},"modified":"2025-10-17T01:27:18","modified_gmt":"2025-10-17T01:27:18","slug":"es-un-empresario-de-segunda","status":"publish","type":"post","link":"https:\/\/www.europesays.com\/es\/181843\/","title":{"rendered":"Es un empresario de segunda\u00bb"},"content":{"rendered":"<p>\u00abY digo adi\u00f3s, adi\u00f3s, adi\u00f3s&#8230; Pago lo que tengo y pido un taxi para la estaci\u00f3n\u00bb, como cantaba Javier Gurruchaga y Joaqu\u00edn Sabina\u00a0se podr\u00eda despedir Carlos Z\u00fa\u00f1iga como empresario de La Misericordia. Se marcha por la puerta de atr\u00e1s tras confeccionar una<a href=\"https:\/\/www.hoyaragon.es\/articulo\/fiestas-pilar-2025\/cronica-taurina\/20251011211551112407.html\" rel=\"nofollow noopener\" target=\"_blank\"> Feria del Pilar mediocre y con todo a \u00faltima hora.<\/a><\/p>\n<p data-start=\"0\" data-end=\"290\">Un clamoroso <strong data-start=\"13\" data-end=\"36\">\u00ab\u00a1Z\u00fa\u00f1iga, vete ya!\u00bb<\/strong> era la banda sonora que cubr\u00eda La Misericordia en casi cada festejo. Los aficionados no s\u00f3lo se\u00f1alaban al empresario de la plaza, sino tambi\u00e9n a la <strong data-start=\"185\" data-end=\"192\">DPZ<\/strong> con carteles:<a href=\"https:\/\/www.hoyaragon.es\/articulo\/fiestas-pilar-2025\/carlos-zuniga-abucheos-es-parte-que-que-conllevar-zaragoza-es-publico-exigente\/20250929131828110515.html\" rel=\"nofollow noopener\" target=\"_blank\"> <strong data-start=\"207\" data-end=\"251\">\u00abNo subasta, s\u00ed temporada, s\u00ed categor\u00eda\u00bb<\/strong> y <strong data-start=\"254\" data-end=\"287\">\u00abDPZ, -menos dinero +afici\u00f3n\u00bb<\/strong><\/a>.<\/p>\n<p data-start=\"292\" data-end=\"825\">No sorprende su falta de compromiso, pero cabe recordar que <strong data-start=\"352\" data-end=\"407\">Zaragoza es de las plazas m\u00e1s importantes de Espa\u00f1a<\/strong> y ha conseguido darle el prestigio de una port\u00e1til. Los principales protagonistas de la feria se borraron a \u00faltima hora junto con Rom\u00e1n. Adem\u00e1s, <strong data-start=\"553\" data-end=\"606\">nueve espadas m\u00e1s se bajaron por motivos de salud<\/strong>. El <strong data-start=\"611\" data-end=\"634\">baile de ganader\u00edas<\/strong> tambi\u00e9n fue para echarse a re\u00edr&#8230; o a llorar. El ejemplo m\u00e1s claro fue la <a href=\"https:\/\/www.hoyaragon.es\/articulo\/fiestas-pilar-2025\/cronica-taurina-demasiados-picos-tan-poco-jamon-que-emocion\/20251008215132111968.html\" rel=\"nofollow noopener\" target=\"_blank\"><strong data-start=\"710\" data-end=\"741\">ganader\u00eda navarra de Pincha<\/strong><\/a>, el hierro elegido para el 12 de octubre, <strong data-start=\"784\" data-end=\"822\">no super\u00f3 el reconocimiento veterinario<\/strong>.<\/p>\n<p data-start=\"827\" data-end=\"1058\">Cuatro a\u00f1os despu\u00e9s, el <strong data-start=\"851\" data-end=\"906\">empresario pucelano se despide del ruedo zaragozano,<\/strong> cuyo \u00fanico legado positivo es <strong data-start=\"937\" data-end=\"984\">haber dado oportunidad a toreros aragoneses<\/strong> como Jorge Isiegas, Aar\u00f3n Palacio, Cristiano Torres, Alberto \u00c1lvarez&#8230;<\/p>\n<p data-start=\"1060\" data-end=\"1297\"><strong data-start=\"1060\" data-end=\"1079\">Rafael Mart\u00ednez<\/strong>, de la Asociaci\u00f3n Cultural Caba\u00f1a Brava, se\u00f1ala a este medio que <strong data-start=\"1145\" data-end=\"1294\">\u00abZ\u00fa\u00f1iga ha demostrado con creces que era un empresario de segunda sin capacidad para gestionar una plaza de primera especial como lo es Zaragoza\u00bb<\/strong>.<\/p>\n<p data-start=\"1299\" data-end=\"1588\">Respecto a la <strong data-start=\"1313\" data-end=\"1332\">Feria del Pilar<\/strong>, este aficionado, que lleva 38 a\u00f1os en la misma localidad de La Misericordia, apunta que <strong data-start=\"1422\" data-end=\"1460\">\u00abes de las peores que ha conocido\u00bb<\/strong>. Lo justifica admitiendo que <strong data-start=\"1490\" data-end=\"1585\">\u00abfalla el toro, que es la base del espect\u00e1culo. Ah\u00ed, sin pilares b\u00e1sicos, todo se derrumba\u00bb<\/strong>.<\/p>\n<p data-start=\"1590\" data-end=\"1872\"><strong data-start=\"1590\" data-end=\"1608\">Miguel Pereira<\/strong>, con 14 a\u00f1os pagando el abono, coincide con la <strong data-start=\"1656\" data-end=\"1705\">decepci\u00f3n que ha sido la Feria del Pilar 2025<\/strong>: <strong data-start=\"1707\" data-end=\"1776\">\u00abHa sido el colof\u00f3n a cuatro a\u00f1os de desastre, dejadez y enga\u00f1os\u00bb<\/strong>. El consuelo, dice, es que <strong data-start=\"1804\" data-end=\"1869\">\u00abcada vez ha ido d\u00e1ndose cuenta m\u00e1s gente de la mala gesti\u00f3n\u00bb<\/strong>.<\/p>\n<p data-start=\"1874\" data-end=\"2182\">Este abonado culpa principalmente a la <strong data-start=\"1913\" data-end=\"1936\">empresa Zu\u00f1iga Toros SL<\/strong> de la decadencia de la plaza en este tiempo: <strong data-start=\"1982\" data-end=\"2179\">\u00abEs la encargada de hacer unos carteles dignos de Zaragoza y traer unos animales bien presentados. Ning\u00fan a\u00f1o ha sido capaz de conseguirlo, con carteles medianos y continuos bailes de corrales\u00bb<\/strong>.<\/p>\n<p>La situaci\u00f3n de La Misericordia y la DPZ<\/p>\n<p data-start=\"2184\" data-end=\"2471\">Tambi\u00e9n culpa a la <strong data-start=\"2203\" data-end=\"2210\">DPZ<\/strong>, que <strong data-start=\"2216\" data-end=\"2247\">no quiere dar declaraciones<\/strong>, por el panorama en la que se encuentra La Misericordia: <strong data-start=\"2305\" data-end=\"2468\">\u00abHay otros factores que, bien por inoperancia o por incapacidad, han resultado c\u00f3mplices de esta situaci\u00f3n como pueden ser los equipos presidenciales y la DPZ\u00bb<\/strong>.<\/p>\n<p data-start=\"2473\" data-end=\"2738\"><strong data-start=\"2473\" data-end=\"2613\">\u00abLa empresa ha demostrado con creces su falta de conocimiento de la plaza, su idiosincrasia, su afici\u00f3n y los m\u00ednimos exigibles en ella\u00bb<\/strong>, ha subrayado. Adem\u00e1s, apunta a que <strong data-start=\"2650\" data-end=\"2735\">Z\u00fa\u00f1iga no ha entendido nada de los 250 a\u00f1os de historia que tiene La Misericordia<\/strong>.<\/p>\n<p data-start=\"2740\" data-end=\"3048\">Mart\u00ednez exige que <strong data-start=\"2759\" data-end=\"2787\">se recupere la temporada<\/strong>, que <strong data-start=\"2793\" data-end=\"2819\">\u00abse carg\u00f3 Sim\u00f3n Casas\u00bb<\/strong> (exempresario de la plaza y que ha anunciado que <strong data-start=\"2869\" data-end=\"2910\">quiere tomar el relevo el pr\u00f3ximo a\u00f1o<\/strong>). Pide <strong data-start=\"2918\" data-end=\"2956\">\u00ababrir el mel\u00f3n de las ganader\u00edas\u00bb<\/strong> y que el nuevo pliego contemple <strong data-start=\"2989\" data-end=\"3045\">el aumento de festejos para potenciar a los chavales<\/strong>.<\/p>\n<p data-start=\"3050\" data-end=\"3498\">Por otro lado, Pereira coincide en que se realice un pliego que <strong data-start=\"3114\" data-end=\"3196\">\u00abdefienda al aficionado, que se nos escuche y que nos tengan en consideraci\u00f3n\u00bb<\/strong>. Tambi\u00e9n pide <strong data-start=\"3211\" data-end=\"3249\">\u00abun concurso de m\u00e9ritos y calidad\u00bb<\/strong>, que apueste por <strong data-start=\"3267\" data-end=\"3326\">volver a que La Misericordia sea una plaza de temporada<\/strong>. Por ejemplo, <strong data-start=\"3341\" data-end=\"3495\">\u00abcon el medio mill\u00f3n de euros anual que ha tenido que pagar la \u00faltima empresa se pueden realizar muchas novilladas en pueblos o en la propia Zaragoza\u00bb<\/strong>.<\/p>\n<p data-start=\"3500\" data-end=\"3883\" data-is-last-node=\"\" data-is-only-node=\"\">Por el momento, parece ser que el <strong data-start=\"3534\" data-end=\"3568\">empresario franc\u00e9s Sim\u00f3n Casas<\/strong>, apoderado de <strong data-start=\"3583\" data-end=\"3619\">Alejandro Talavante o Lea Vicens<\/strong>, es el <strong data-start=\"3627\" data-end=\"3665\">\u00fanico candidato a heredar la plaza<\/strong> a expensas de conocer el pliego. Pese a que ha se\u00f1alado a HOY ARAG\u00d3N que a\u00fan no quiere pronunciarse, afirm\u00f3 a trav\u00e9s de sus redes sociales que <strong data-start=\"3809\" data-end=\"3882\">\u00abtrabajar para La Misericordia y su p\u00fablico me llen\u00f3 de satisfacci\u00f3n\u00bb<\/strong>.<\/p>\n","protected":false},"excerpt":{"rendered":"\u00abY digo adi\u00f3s, adi\u00f3s, adi\u00f3s&#8230; Pago lo que tengo y pido un taxi para la estaci\u00f3n\u00bb, como cantaba&hellip;\n","protected":false},"author":2,"featured_media":181844,"comment_status":"","ping_status":"","sticky":false,"template":"","format":"standard","meta":{"footnotes":""},"categories":[277],"tags":[4499,373,168,25,24,4587,1389,23,167,374],"class_list":{"0":"post-181843","1":"post","2":"type-post","3":"status-publish","4":"format-standard","5":"has-post-thumbnail","7":"category-toreo","8":"tag-aragon","9":"tag-bullfighting","10":"tag-deportes","11":"tag-es","12":"tag-espana","13":"tag-la-misericordia","14":"tag-plaza-de-toros","15":"tag-spain","16":"tag-sports","17":"tag-toreo"},"share_on_mastodon":{"url":"","error":""},"_links":{"self":[{"href":"https:\/\/www.europesays.com\/es\/wp-json\/wp\/v2\/posts\/181843","targetHints":{"allow":["GET"]}}],"collection":[{"href":"https:\/\/www.europesays.com\/es\/wp-json\/wp\/v2\/posts"}],"about":[{"href":"https:\/\/www.europesays.com\/es\/wp-json\/wp\/v2\/types\/post"}],"author":[{"embeddable":true,"href":"https:\/\/www.europesays.com\/es\/wp-json\/wp\/v2\/users\/2"}],"replies":[{"embeddable":true,"href":"https:\/\/www.europesays.com\/es\/wp-json\/wp\/v2\/comments?post=181843"}],"version-history":[{"count":0,"href":"https:\/\/www.europesays.com\/es\/wp-json\/wp\/v2\/posts\/181843\/revisions"}],"wp:featuredmedia":[{"embeddable":true,"href":"https:\/\/www.europesays.com\/es\/wp-json\/wp\/v2\/media\/181844"}],"wp:attachment":[{"href":"https:\/\/www.europesays.com\/es\/wp-json\/wp\/v2\/media?parent=181843"}],"wp:term":[{"taxonomy":"category","embeddable":true,"href":"https:\/\/www.europesays.com\/es\/wp-json\/wp\/v2\/categories?post=181843"},{"taxonomy":"post_tag","embeddable":true,"href":"https:\/\/www.europesays.com\/es\/wp-json\/wp\/v2\/tags?post=181843"}],"curies":[{"name":"wp","href":"https:\/\/api.w.org\/{rel}","templated":true}]}}