{"id":181851,"date":"2025-10-17T01:34:13","date_gmt":"2025-10-17T01:34:13","guid":{"rendered":"https:\/\/www.europesays.com\/es\/181851\/"},"modified":"2025-10-17T01:34:13","modified_gmt":"2025-10-17T01:34:13","slug":"rosas-y-curbelo-intentan-llegar-a-la-convocatoria-del-sporting-la-voz-de-asturias","status":"publish","type":"post","link":"https:\/\/www.europesays.com\/es\/181851\/","title":{"rendered":"Rosas y Curbelo intentan llegar a la convocatoria del Sporting &#8211; La Voz de Asturias"},"content":{"rendered":"<ol>\n<li><a href=\"https:\/\/news.google.com\/rss\/articles\/CBMi2gFBVV95cUxNWWE4V0w3aWpfNW5KUk1meGtfSjV3cTNsbE1vMlc0SGQ1c3BSRFNWdTZyTlhtdUdsR1ZLVnhFZTllMi0xaWgteTVUVGpQeVFaZjlVNG5ob1MyZmJydzVJeUJOU0E5aThPaDkzUzI4Sk9ia25Pem1DQ19yc1FWOXZrenktQnQ3QVZNUlh3N2NrZkRramZGVVpkbGhEdFd2ODg3dk81dHN5TldvVF9Vb3NIZG9LenVHeU1GeE9Zb0UyM2NxLUFVcG5vcnJOSnd5SzFGWnNaN2NFTHpad9IB9gFBVV95cUxQVExzM19wX3NDTWdlUHNfaHpBZFJpSUEyX2tNMzY2Z3dGS3M3NXU3WkI4WnNKQTRSdmpURmNSSzhveHpyUUF6NkVCLTZHSEdkUl9aem5Rdkthd0VNUC1mNlhWMFJOX0MyeG1hdkVJLVlFSXBQNEpzSDRDY3BUd0EzZjdUUnNmXy1jM2VFamlVZWZUeWU0SjhYcm1KSE0tcF9NTi02LTRObWRnM3gxRWpxd25XM1hhT0VYTVRHYUJPRXZYamp3ZFhzNzlHYS0zVHZoSTlucHBoSF9CRXJuT1pndkx1aWZSMGVwdFVNZG1tT1VKYnFNSUE?oc=5\" target=\"_blank\" rel=\"nofollow noopener\">Rosas y Curbelo intentan llegar a la convocatoria del Sporting<\/a>&nbsp;&nbsp;La Voz de Asturias<\/li>\n<li><a href=\"https:\/\/news.google.com\/rss\/articles\/CBMimgFBVV95cUxOVXBhR1lGMnp1eXlaRkUzVTYyaFBLUmp5Q29QZ0o2MGprMUd0dUpBYkxiUXBsQmVrRjRfVmZUVllhZzhpVnVRbjdQTGZvZGZZcV85OVFoT3MtTUxFWExZMFRsLXJkLUVlalU1RmtTOEtRTEtjeWZYMWU2UzBOYmFhX2Nxa1I2VlJ0MlJUdjU5S1FOclZPU0pITk130gGuAUFVX3lxTE8wTlpUdldnbGhJODdoTTRHU2lXOWxodU42UXJwUjhQTmtxNXdJblp4VDloei1FUjlGYUx5LUs4S3JFNC0zdmdNS3Bybmx6NFhkc0hFeWRpcnZpV2M2X3MtRVlmT3pkZjVYMkQ5dk5OSjFUTnUtczU0ZVZiMGh0eUZJbUNkcGEydEQzemJEZ2o4bXd0NHlGOEdUdEpvd0pKbFBKeXl0UmVOeFpfV0dOUQ?oc=5\" target=\"_blank\" rel=\"nofollow noopener\">Problemas en el lateral derecho para el partido en Valladolid<\/a>&nbsp;&nbsp;Diario AS<\/li>\n<li><a href=\"https:\/\/news.google.com\/rss\/articles\/CBMinAFBVV95cUxOQkFJMVh5NzRtdUNhQ05hY0lBOUFBM0xmUHJnWWpVaEZRbl9xWW5YdVl5TmVZTjRRa29JT1NHTmlqVUF0OGZQXzVQVXFJLTB4M21HZXg5MnhhTXR2eE9BdzFpcDFieV9NWlZTemFMUFZ5LWhUVHBESDk4ZXQ3QnFRY0hBbFpwcmZVUFNLbXhpTUpiYmRVYUlybFhrXzXSAaIBQVVfeXFMTjdWQVdaM3pQTkU2ZjR6cWRWb21GekNiNWt3LWNKajJoTWU3YkRicFhYVUg4TnIzSVRDSFNxbzN6a1kxRVdKOFFwVXZhUUhBN3U0TzZrLTJfUnY2REUySTFEY2xENjJiTWVFaTlSY3dRb1NHV3ZTLWxZU2hPVFpRblVNZGVBU1JVckVocTI4OVNfV3h0S2tmVlFBdWx6SzBCRDhR?oc=5\" target=\"_blank\" rel=\"nofollow noopener\">Guille Rosas se retira del entrenamiento del Sporting por precauci\u00f3n: la posici\u00f3n de lateral derecho, bajo m\u00ednimos<\/a>&nbsp;&nbsp;LNE<\/li>\n<li><a href=\"https:\/\/news.google.com\/rss\/articles\/CBMiqwFBVV95cUxQc04tVV94M2F6RU5GRUFmSDhyR3dBdGlVYTZ3WnFoYkpEWlhrLWhHQW9BOVZYOXNOeDRFc1czWXFTem5FNS1YV1ZVS2ROTElMOUllMHEybFFpTDNId1JPSEZhdXQtSFdvaXlvWEotdDY2WENjbnNCN0ItbklscHBGOTIxeW1sdVk1UTM5RUdtQkhMTEVKZUpuYndTdnZubGZJVWVWZHJ5enl3NEXSAbgBQVVfeXFMT3FuaHlQRXM3VFRKVkw4SWRwZzFlOUxzZlRVeWdiTXY2eGFYZ1haYjREckhXZzJ5bVEzOVBveWtETksxX1NyYVJDeHI2R0x3Q24yNEdfWlFGMWJKRTZhbzBRR2ZUa2trMnh4Q2kxY3N1dFI3VlFpSWozVmdjU21GcWZqMTZUREMzR09fckJYOGJFVGlEVU15ZGdDWlZRSzd4LVlIZmhFdXlubVp2U25jRTlyQzVxQS02RA?oc=5\" target=\"_blank\" rel=\"nofollow noopener\">El Sporting visitar\u00e1 al Valladolid mermado en defensa<\/a>&nbsp;&nbsp;Mundo Deportivo<\/li>\n<li><a href=\"https:\/\/news.google.com\/rss\/articles\/CBMiqAFBVV95cUxNWElKN080T2pfU2R0OXpKQUo4TmtYUWs3T1NnY3BYZlFzWTBxWXlIRGNGd3VYTHZ0cHhMNG56cC1VTHRJT1F2YmRVM09zQnE3R3VjaGZieFV3MWY4R2drVTAwTzhqOWlRWWFMWGNjRmMtNzhLSDRObF8tSGE2VnN1aVpHeDMxTXRKZnEwWHdXOU9uMkRZRkMyUl95OWl5aTFpWEZjWDlGMWY?oc=5\" target=\"_blank\" rel=\"nofollow noopener\">Guille Rosas comienza la preparaci\u00f3n del Sporting entre algodones<\/a>&nbsp;&nbsp;El Comercio<\/li>\n<\/ol>\n","protected":false},"excerpt":{"rendered":"Rosas y Curbelo intentan llegar a la convocatoria del Sporting&nbsp;&nbsp;La Voz de Asturias Problemas en el lateral derecho&hellip;\n","protected":false},"author":2,"featured_media":132352,"comment_status":"","ping_status":"","sticky":false,"template":"","format":"standard","meta":{"footnotes":""},"categories":[268],"tags":[168,25,24,280,282,281,23,4783,167],"class_list":{"0":"post-181851","1":"post","2":"type-post","3":"status-publish","4":"format-standard","5":"has-post-thumbnail","7":"category-futbol","8":"tag-deportes","9":"tag-es","10":"tag-espana","11":"tag-football","12":"tag-futbol","13":"tag-soccer","14":"tag-spain","15":"tag-sporting-de-gijon","16":"tag-sports"},"share_on_mastodon":{"url":"","error":""},"_links":{"self":[{"href":"https:\/\/www.europesays.com\/es\/wp-json\/wp\/v2\/posts\/181851","targetHints":{"allow":["GET"]}}],"collection":[{"href":"https:\/\/www.europesays.com\/es\/wp-json\/wp\/v2\/posts"}],"about":[{"href":"https:\/\/www.europesays.com\/es\/wp-json\/wp\/v2\/types\/post"}],"author":[{"embeddable":true,"href":"https:\/\/www.europesays.com\/es\/wp-json\/wp\/v2\/users\/2"}],"replies":[{"embeddable":true,"href":"https:\/\/www.europesays.com\/es\/wp-json\/wp\/v2\/comments?post=181851"}],"version-history":[{"count":0,"href":"https:\/\/www.europesays.com\/es\/wp-json\/wp\/v2\/posts\/181851\/revisions"}],"wp:featuredmedia":[{"embeddable":true,"href":"https:\/\/www.europesays.com\/es\/wp-json\/wp\/v2\/media\/132352"}],"wp:attachment":[{"href":"https:\/\/www.europesays.com\/es\/wp-json\/wp\/v2\/media?parent=181851"}],"wp:term":[{"taxonomy":"category","embeddable":true,"href":"https:\/\/www.europesays.com\/es\/wp-json\/wp\/v2\/categories?post=181851"},{"taxonomy":"post_tag","embeddable":true,"href":"https:\/\/www.europesays.com\/es\/wp-json\/wp\/v2\/tags?post=181851"}],"curies":[{"name":"wp","href":"https:\/\/api.w.org\/{rel}","templated":true}]}}