{"id":181854,"date":"2025-10-17T01:37:08","date_gmt":"2025-10-17T01:37:08","guid":{"rendered":"https:\/\/www.europesays.com\/es\/181854\/"},"modified":"2025-10-17T01:37:08","modified_gmt":"2025-10-17T01:37:08","slug":"la-novela-de-gabriel-arriaran-piratas-en-el-amazonas","status":"publish","type":"post","link":"https:\/\/www.europesays.com\/es\/181854\/","title":{"rendered":"La novela de Gabriel Arriar\u00e1n: \u201cPiratas en el Amazonas\u201d"},"content":{"rendered":"<p class=\"mb-4 text-lg md:leading-8 break-words\">Lo mejor o, para ser m\u00e1s preciso, lo m\u00e1s atractivo de la narrativa peruana de hoy, no est\u00e1 pasando necesariamente por las grandes editoriales. Es un acto de ingenuidad creer que eso es as\u00ed. En lo que respecta a este 2025, me he topado con t\u00edtulos de buena factura editados por sellos independientes (tampoco hay que romantizar ese espectro editorial, que tampoco es ajeno a los lobis y la fabricaci\u00f3n de libros olvidables). Uno de esos libros es la novela <strong>Piratas en el Amazonas<\/strong> (La Fonda Editorial) del escritor <strong>Gabriel Arriar\u00e1n<\/strong>.<\/p>\n<p class=\"mb-4 text-lg md:leading-8 break-words\">Arriar\u00e1n es visto en el circuito literario local como un muy buen escritor. En lo personal, siempre he cre\u00eddo que algunos libros suyos han merecido una mayor difusi\u00f3n, como Un escritor de culto (2013), estupendo ensayo sobre Jos\u00e9 Mar\u00eda Arguedas. Pienso igual de Frontera Pirata (2019), sobre el campamento de miner\u00eda ilegal m\u00e1s grande de nuestra Amazon\u00eda. En menor medida, debido a la distancia temporal de los hechos consignados, ambientados en \u00e9poca electoral, El comediante. Daniel Urresti o entomolog\u00eda de la tristeza (2021). Los dos \u00faltimos libros fueron publicados por una editorial grande, Planeta.<\/p>\n<p class=\"mb-4 text-lg md:leading-8 break-words\">Desde el mismo t\u00edtulo, el lector ya tiene una idea de lo que desgrana la novela. Se nos habla de un lastre social, de una desgracia ambiental y de un presente marcado por la sangre. Lo que celebro de Arriar\u00e1n es la actitud de su escritura y la temperatura de su estilo. Estos elementos resultan claves para presentarnos lo mejor de este proyecto: la exposici\u00f3n de las miserias personales. El Profe, as\u00ed se llama nuestro narrador, llega a Leticia para dar un curso sobre Roberto Bola\u00f1o en la Universidad del Estado de Amazonas. Y del mismo modo realiza un viaje por el Amazonas en el Gran Loretano.<\/p>\n<p class=\"mb-4 text-lg md:leading-8 break-words\">No pocos proyectos, entre visuales, narrativos y pl\u00e1sticos, en especial sobre la situaci\u00f3n de la Amazon\u00eda, est\u00e1n siendo justificados por su intenci\u00f3n de denuncia. Y en esa l\u00ednea est\u00e1n cayendo varios para no quedar mal con un t\u00f3pico sensible. En Piratas en el Amazonas tenemos estos aspectos, pero, sobre ellos, una personalidad. Arriar\u00e1n es un hacedor de frases que hoy pueden ser consideradas pol\u00edticamente incorrectas; adem\u00e1s, es un autor que no juzga a sus personajes. La configuraci\u00f3n moral del Profe tiene una base: el ego. Pero aqu\u00ed un dato: Arriar\u00e1n no nos presenta un ego superior, sino uno que se va fortaleciendo desde el vac\u00edo existencial. El Profe es un hombre partido por la vida.<\/p>\n","protected":false},"excerpt":{"rendered":"Lo mejor o, para ser m\u00e1s preciso, lo m\u00e1s atractivo de la narrativa peruana de hoy, no est\u00e1&hellip;\n","protected":false},"author":2,"featured_media":181855,"comment_status":"","ping_status":"","sticky":false,"template":"","format":"standard","meta":{"footnotes":""},"categories":[172],"tags":[15230,224,146,147,25,24,51559,51558,51562,51561,225,51560,23],"class_list":{"0":"post-181854","1":"post","2":"type-post","3":"status-publish","4":"format-standard","5":"has-post-thumbnail","7":"category-libros","8":"tag-amazonas","9":"tag-books","10":"tag-entertainment","11":"tag-entretenimiento","12":"tag-es","13":"tag-espana","14":"tag-gabriel-arriaran","15":"tag-gabriel-ruiz","16":"tag-la-fonda-editorial","17":"tag-la-novela","18":"tag-libros","19":"tag-piratas","20":"tag-spain"},"share_on_mastodon":{"url":"","error":""},"_links":{"self":[{"href":"https:\/\/www.europesays.com\/es\/wp-json\/wp\/v2\/posts\/181854","targetHints":{"allow":["GET"]}}],"collection":[{"href":"https:\/\/www.europesays.com\/es\/wp-json\/wp\/v2\/posts"}],"about":[{"href":"https:\/\/www.europesays.com\/es\/wp-json\/wp\/v2\/types\/post"}],"author":[{"embeddable":true,"href":"https:\/\/www.europesays.com\/es\/wp-json\/wp\/v2\/users\/2"}],"replies":[{"embeddable":true,"href":"https:\/\/www.europesays.com\/es\/wp-json\/wp\/v2\/comments?post=181854"}],"version-history":[{"count":0,"href":"https:\/\/www.europesays.com\/es\/wp-json\/wp\/v2\/posts\/181854\/revisions"}],"wp:featuredmedia":[{"embeddable":true,"href":"https:\/\/www.europesays.com\/es\/wp-json\/wp\/v2\/media\/181855"}],"wp:attachment":[{"href":"https:\/\/www.europesays.com\/es\/wp-json\/wp\/v2\/media?parent=181854"}],"wp:term":[{"taxonomy":"category","embeddable":true,"href":"https:\/\/www.europesays.com\/es\/wp-json\/wp\/v2\/categories?post=181854"},{"taxonomy":"post_tag","embeddable":true,"href":"https:\/\/www.europesays.com\/es\/wp-json\/wp\/v2\/tags?post=181854"}],"curies":[{"name":"wp","href":"https:\/\/api.w.org\/{rel}","templated":true}]}}