{"id":181858,"date":"2025-10-17T01:39:06","date_gmt":"2025-10-17T01:39:06","guid":{"rendered":"https:\/\/www.europesays.com\/es\/181858\/"},"modified":"2025-10-17T01:39:06","modified_gmt":"2025-10-17T01:39:06","slug":"esa-musica-no-es-nueva-para-mi","status":"publish","type":"post","link":"https:\/\/www.europesays.com\/es\/181858\/","title":{"rendered":"Esa m\u00fasica no es nueva para m\u00ed"},"content":{"rendered":"<p><strong>Ozzy Osbourne<\/strong>, el legendario vocalista de <a href=\"https:\/\/indiehoy.com\/historias\/black-sabbath-el-riff-de-guitarra-que-a-tony-iommi-se-le-aparecio-como-un-monstruo\/\" target=\"_blank\" rel=\"noreferrer noopener nofollow\"><strong>Black<\/strong> <strong>Sabbath<\/strong><\/a> que tambi\u00e9n supo desarrollar una exitosa carrera en solitario, fue una de las m\u00e1ximas referencias del heavy metal y una de las voces m\u00e1s autorizadas para hablar sobre el g\u00e9nero. En una oportunidad, el Pr\u00edncipe de las Tinieblas se sent\u00f3 a hablar con el periodista Vic Garbarini sobre su m\u00fasica predilecta y en aquel di\u00e1logo analiz\u00f3 la escena metalera que Black Sabbath ayud\u00f3 a impulsar.<\/p>\n<p>\u201c<strong>Muchas de estas nuevas bandas tienen la agresividad, pero \u00bfd\u00f3nde est\u00e1 la melod\u00eda?<\/strong>\u201d, se pregunt\u00f3 el artista ingl\u00e9s antes de apuntar contra ciertos grupos en particular: \u201c<strong>No voy corriendo a comprar los \u00faltimos discos de Snot, Sepultura o <a href=\"https:\/\/indiehoy.com\/noticias\/megadeth-regresa-a-sudamerica-por-ultima-vez\/\" target=\"_blank\" rel=\"noreferrer noopener nofollow\">Megadeth<\/a>. Esa m\u00fasica no es nueva para m\u00ed, y mi profesi\u00f3n y lo que me gusta son dos cosas distintas<\/strong>\u201d.<\/p>\n<p>Esa parte mel\u00f3dica era fundamental para la agresividad inherente de Sabbath y no se dio por casualidad, sino que era algo que Osbourne mam\u00f3 desde una temprana edad, tal y como lo coment\u00f3 en la citada entrevista, en la que tambi\u00e9n dio a conocer su amor por el track \u201cA White Shade of Pale\u201d del conjunto de rock brit\u00e1nico Procol Harum. \u201cMi padre siempre dec\u00eda: \u2018Si tienes una gran melod\u00eda, vas a tener una gran canci\u00f3n\u2019, y esta tambi\u00e9n tiene un gancho tremendo\u201d, asegur\u00f3. <\/p>\n<p>A pesar de tirarle tierra a Snot, Sepultura y Megadeth, Ozzy tambi\u00e9n ten\u00eda buenas palabras para con aquellos que s\u00ed hac\u00edan m\u00fasica de su agrado, como fue el caso de Nirvana. Cabe recordar que en un documental sobre el tr\u00edo producido por VH1, Ozzy hizo <a href=\"https:\/\/indiehoy.com\/noticias\/la-banda-que-sorprendio-a-ozzy-osbourne\/\" target=\"_blank\" rel=\"noreferrer noopener nofollow\">una comparaci\u00f3n<\/a> que dej\u00f3 a muchos fan\u00e1ticos tan perplejos como intrigados: \u00abAmo a Nirvana, ellos eran como si el heavy metal se hubiese encontrado con los Beatles\u00bb.<\/p>\n","protected":false},"excerpt":{"rendered":"Ozzy Osbourne, el legendario vocalista de Black Sabbath que tambi\u00e9n supo desarrollar una exitosa carrera en solitario, fue&hellip;\n","protected":false},"author":2,"featured_media":181859,"comment_status":"","ping_status":"","sticky":false,"template":"","format":"standard","meta":{"footnotes":""},"categories":[170],"tags":[146,147,25,24,184,185,189,23],"class_list":{"0":"post-181858","1":"post","2":"type-post","3":"status-publish","4":"format-standard","5":"has-post-thumbnail","7":"category-musica","8":"tag-entertainment","9":"tag-entretenimiento","10":"tag-es","11":"tag-espana","12":"tag-music","13":"tag-musica","14":"tag-ozzy-osbourne","15":"tag-spain"},"share_on_mastodon":{"url":"","error":""},"_links":{"self":[{"href":"https:\/\/www.europesays.com\/es\/wp-json\/wp\/v2\/posts\/181858","targetHints":{"allow":["GET"]}}],"collection":[{"href":"https:\/\/www.europesays.com\/es\/wp-json\/wp\/v2\/posts"}],"about":[{"href":"https:\/\/www.europesays.com\/es\/wp-json\/wp\/v2\/types\/post"}],"author":[{"embeddable":true,"href":"https:\/\/www.europesays.com\/es\/wp-json\/wp\/v2\/users\/2"}],"replies":[{"embeddable":true,"href":"https:\/\/www.europesays.com\/es\/wp-json\/wp\/v2\/comments?post=181858"}],"version-history":[{"count":0,"href":"https:\/\/www.europesays.com\/es\/wp-json\/wp\/v2\/posts\/181858\/revisions"}],"wp:featuredmedia":[{"embeddable":true,"href":"https:\/\/www.europesays.com\/es\/wp-json\/wp\/v2\/media\/181859"}],"wp:attachment":[{"href":"https:\/\/www.europesays.com\/es\/wp-json\/wp\/v2\/media?parent=181858"}],"wp:term":[{"taxonomy":"category","embeddable":true,"href":"https:\/\/www.europesays.com\/es\/wp-json\/wp\/v2\/categories?post=181858"},{"taxonomy":"post_tag","embeddable":true,"href":"https:\/\/www.europesays.com\/es\/wp-json\/wp\/v2\/tags?post=181858"}],"curies":[{"name":"wp","href":"https:\/\/api.w.org\/{rel}","templated":true}]}}