{"id":181861,"date":"2025-10-17T01:41:10","date_gmt":"2025-10-17T01:41:10","guid":{"rendered":"https:\/\/www.europesays.com\/es\/181861\/"},"modified":"2025-10-17T01:41:10","modified_gmt":"2025-10-17T01:41:10","slug":"asllani-en-el-punto-de-mira-de-hansi-flick","status":"publish","type":"post","link":"https:\/\/www.europesays.com\/es\/181861\/","title":{"rendered":"Asllani, en el punto de mira de Hansi Flick"},"content":{"rendered":"<p class=\"ft-text\">El mercado futbol\u00edstico no entiende de treguas entre ventana y ventana de fichajes. <strong>Con los campeonatos ya en plena efervescencia, la rumorolog\u00eda vuelve a desatarse alrededor de esos jugadores que arrancaron como &#8216;tapados&#8217; y que con apenas una docena de partidos ya est\u00e1n llamados a protagonizar todo tipo de culebrones a medio y largo plazo. Este parece ser el caso de Fisnik Asllani.<\/strong><\/p>\n<p class=\"ft-text\">En los \u00faltimos d\u00edas, el delantero kosovar ha acaparado todo tipo de elogios. <strong>Su olfato goleador est\u00e1 a la orden del d\u00eda y gracias a su eficacia rematadora el modesto Hoffenheim puede respirar medio tranquilo en la zona media de la Bundesliga.<\/strong><\/p>\n<p class=\"ft-text\">Tal y como se\u00f1al\u00f3 Sky Sports hace un par de semanas, Asllani ya ha llamado la atenci\u00f3n de varios clubes que buscan un delantero joven, de perfil rematador y que no est\u00e9n en disposici\u00f3n de pagar una aut\u00e9ntica fortuna por una promesa que, sin embargo, ya ha cumplido los 23 a\u00f1os.<\/p>\n<p class=\"ft-text\">Estas mismas informaciones habr\u00edan advertido que <strong>Fisnik Asllani renov\u00f3 su contrato hace solo unos meses, aunque habr\u00eda incluido una cl\u00e1usula espec\u00edfica para negociar su salida a &#8216;un precio razonable&#8217; si el pr\u00f3ximo verano llegara una oferta procedente de un equipo que disputara la Champions League.<\/strong><\/p>\n<p>Rastreo azulgrana<\/p>\n<p class=\"ft-text\"><strong>En Alemania no dejan pasar la ocasi\u00f3n para se\u00f1alar que el Bar\u00e7a peina a conciencia el mercado en busca de un delantero de garant\u00edas para sustituir a Robert Lewandowski cuando este verano el internacional polaco finalice contrato.<\/strong><\/p>\n<p class=\"ft-text\">Una vez m\u00e1s, Sky Sports ha vuelto a recurrir a Fisnik Asllani para asegurar que el conjunto que dirige Hansi Flick es uno de los equipos que ha acentuado un marcaje especial sobre el goleador kosovar. <strong>El futbolista suma cuatro dianas en la Bundesliga y una m\u00e1s en la Copa, cifras m\u00e1s que relevantes en un equipo de potencial muy limitado como el Hoffenheim.<\/strong><\/p>\n<p class=\"ft-text\">La informaci\u00f3n no recoge contactos directos ni ning\u00fan tipo de negociaci\u00f3n, pero s\u00ed recuerda que hace solo unos d\u00edas, en plena ola de rumores sobre un posible cambio de club, fue el propio Asllani quien se atrevi\u00f3 a comentar sus preferencias de futuro.<strong> \u00abEl FC Barcelona siempre ha sido mi club so\u00f1ado; siempre he querido jugar all\u00ed\u00bb, declar\u00f3 a Sport Bild.<\/strong><\/p>\n<p class=\"ft-text\"><a class=\"ft-link ft-link--decoration\" href=\"https:\/\/www.sport.es\/es\/noticias\/futbol-internacional\/ariete-asombra-bundesliga-bueno-barato-122420603\" rel=\"nofollow noopener\" target=\"_blank\">A mediados de octubre todo son movimientos prematuros, pero lo cierto es que Asllani, por ahora, re\u00fane gol y su precio no deber\u00eda alcanzar los 30 millones de euros.<\/a> La lista de candidatos es larga, pero en Alemania est\u00e1n convencidos que el Bar\u00e7a de Flick es uno de ellos.<\/p>\n","protected":false},"excerpt":{"rendered":"El mercado futbol\u00edstico no entiende de treguas entre ventana y ventana de fichajes. Con los campeonatos ya en&hellip;\n","protected":false},"author":2,"featured_media":181862,"comment_status":"","ping_status":"","sticky":false,"template":"","format":"standard","meta":{"footnotes":""},"categories":[93],"tags":[51563,168,25,24,4970,49227,13342,32488,2320,17499,23,167],"class_list":{"0":"post-181861","1":"post","2":"type-post","3":"status-publish","4":"format-standard","5":"has-post-thumbnail","7":"category-deportes","8":"tag-asllani","9":"tag-deportes","10":"tag-es","11":"tag-espana","12":"tag-flick","13":"tag-hansi","14":"tag-hansi-flick","15":"tag-mira","16":"tag-punto","17":"tag-robert-lewandowski","18":"tag-spain","19":"tag-sports"},"share_on_mastodon":{"url":"","error":""},"_links":{"self":[{"href":"https:\/\/www.europesays.com\/es\/wp-json\/wp\/v2\/posts\/181861","targetHints":{"allow":["GET"]}}],"collection":[{"href":"https:\/\/www.europesays.com\/es\/wp-json\/wp\/v2\/posts"}],"about":[{"href":"https:\/\/www.europesays.com\/es\/wp-json\/wp\/v2\/types\/post"}],"author":[{"embeddable":true,"href":"https:\/\/www.europesays.com\/es\/wp-json\/wp\/v2\/users\/2"}],"replies":[{"embeddable":true,"href":"https:\/\/www.europesays.com\/es\/wp-json\/wp\/v2\/comments?post=181861"}],"version-history":[{"count":0,"href":"https:\/\/www.europesays.com\/es\/wp-json\/wp\/v2\/posts\/181861\/revisions"}],"wp:featuredmedia":[{"embeddable":true,"href":"https:\/\/www.europesays.com\/es\/wp-json\/wp\/v2\/media\/181862"}],"wp:attachment":[{"href":"https:\/\/www.europesays.com\/es\/wp-json\/wp\/v2\/media?parent=181861"}],"wp:term":[{"taxonomy":"category","embeddable":true,"href":"https:\/\/www.europesays.com\/es\/wp-json\/wp\/v2\/categories?post=181861"},{"taxonomy":"post_tag","embeddable":true,"href":"https:\/\/www.europesays.com\/es\/wp-json\/wp\/v2\/tags?post=181861"}],"curies":[{"name":"wp","href":"https:\/\/api.w.org\/{rel}","templated":true}]}}