{"id":181868,"date":"2025-10-17T01:47:08","date_gmt":"2025-10-17T01:47:08","guid":{"rendered":"https:\/\/www.europesays.com\/es\/181868\/"},"modified":"2025-10-17T01:47:08","modified_gmt":"2025-10-17T01:47:08","slug":"huelga-en-madrid-y-ayuno-en-barcelona","status":"publish","type":"post","link":"https:\/\/www.europesays.com\/es\/181868\/","title":{"rendered":"Huelga en Madrid y ayuno en Barcelona"},"content":{"rendered":"<p style=\"\">No pod\u00eda perd\u00e9rmelo. Ustedes me lo van a perdonar. Ya s\u00e9 que la cosa va de lujo y festejos, pero, \u00a1no me digan que no lo merec\u00eda una Huelga General de los Sindicates exigiendo la paz en Gaza! Si es que somos unos cachondos. Me  &#8230; puse la banderita esa blanca con lunares negros al cuello, y para Cibeles que me fui movi\u00e9ndome como una chulapa que sabe que esa noche pilla. <\/p>\n<p class=\"voc-p\" style=\"\">Israel y Ham\u00e1s ya estaban de capitulaciones (excepto para los gazat\u00edes asesinados por Ham\u00e1s por no ser de Ham\u00e1s), pero los esenciales representantes de los no trabajadores decidieron dar un golpe en la mesa y salir a la calle para decir \u00ab\u00a1basta!\u00bb. Llevaban cerca de ocho a\u00f1os pel\u00e1ndose la gamba, y justo cuando deciden parar el pa\u00eds por la paz en Gaza, resulta que ya hay paz en Gaza. Bueno, pues ya que estamos, pues por los moros asesinados en las Cruzadas, por los que naufragaron cuando &#8216;conquistaron&#8217; Am\u00e9rica, y yo qu\u00e9 s\u00e9; \u00bfqu\u00e9 te parece por Franco? Pues eso; somos la \u00faltima barrera, Antonio. Suj\u00e9tame el Krug que hoy nos ganamos la pasta. <\/p>\n<p class=\"voc-p\" style=\"\"> Casi voy a Barcelona a la cena del premio Planeta. Se lo han dado a Juan del Val y yo me alegro de que los trenes funcionaran mal. Por una vez voy a estar de acuerdo con Puente que, al final, en menudo l\u00edo se ha metido trabajando para su jefe. Luego ver\u00e1s qui\u00e9n te habla cuando se apaguen las luces. La cosa de la cena, como se hace en &#8216;streaming&#8217;, la segu\u00ed en la barra de un bar cerca de la Estaci\u00f3n de Atocha. A Barcelona no me iba a llevar la &#8216;palestina&#8217;, aunque ah\u00ed hay de todo. Pero como estaba seguro de que me ir\u00eda de fiesta llevaba el traje puesto y un cepillo de dientes en el bolsillo interior de la chaqueta. <\/p>\n<p class=\"voc-p\" style=\"\">Me ped\u00ed un ron con hielo y convenc\u00ed al camarero del bar que me dejara fumar en la terraza mientras lo permitiera el invierno. No s\u00e9 en qu\u00e9 mesa ni con qui\u00e9n me habr\u00eda tocado, pero me alegr\u00e9 por no estar sentado al lado de una becaria de marketing de Planeta, como siempre me ocurre. Entonces Carmen Posadas, que es la cara de Planeta y siempre anuncia al ganador, dijo Juan del Val. Y volv\u00ed a alegrarme de que Puente tenga a Renfe como pollo sin cabeza. As\u00ed que aprovech\u00e9 para irme de juerga por Madrid para celebrar que antes el Planeta lo ganaba Paco Umbral o Juan Mars\u00e9. <\/p>\n<p class=\"voc-p\" style=\"\">Y ped\u00ed otro ron con hielo en un bar porque me daba mucha envidia que Juan del Val ganara un mill\u00f3n de pavos. Y entonces me ped\u00ed otro ron con hielo porque yo no s\u00e9 qu\u00e9 har\u00eda si ganara un mill\u00f3n de pavos. Despu\u00e9s pens\u00e9 que Planeta tiene una cosa muy buena: le importa un bledo que yo perdiera el tren, que lo gane Juan del Val o que Puente tenga a Renfe hecha trizas: a Planeta le importan sus n\u00fameros y a m\u00ed me jode que Juan del Val est\u00e9 en sus n\u00fameros y yo no. As\u00ed que lo del prestigio lo dejamos para otro d\u00eda; si total, seguro que le habr\u00edan puesto una cucharada de caviar al rape. <\/p>\n<p class=\"voc-p\" style=\"\"> Menuda semana. Entre la Huelga General y la no cena de los Planeta se me hab\u00eda olvidado lo del quinto aniversario de Flabelus, que es una cosa muy divertida y muy loca que hac\u00eda una fiesta rollo Sis\u00ed Emperatriz algo retro. Resulta que era la misma noche que el Planeta, pero como hab\u00eda perdido el tren a Barcelona y llevaba puesto un traje, Madrid me volvi\u00f3 a regalar esas peque\u00f1as cosas que la convierten en una ciudad tan el\u00e9ctrica. Taxi y a palacio. <\/p>\n<p class=\"voc-p\" style=\"\"> La decoraci\u00f3n era una locura: bailes, conciertos en directo, pintores pintando emperatrices, cuadros movi\u00e9ndose\u2026 Ya no se saben qu\u00e9 inventar. No puede reconocer a nadie porque todos parec\u00edan una princesa austriaca. Lo mejor de todo es que ten\u00edan ron aunque me cost\u00f3 convencer al camarero para que me diera su opini\u00f3n sobre el Planeta a Juan del Val. \u00c9l dec\u00eda que lo debi\u00f3 ganar Nuria Roca. Yo le insinu\u00e9 que Trancas o Barrancas. Tiempo al tiempo, amigo. Apur\u00e9 de un sorbo el resto de la bebida y decid\u00ed volver a casa. Era una noche triste. Excepto para uno.<\/p>\n","protected":false},"excerpt":{"rendered":"No pod\u00eda perd\u00e9rmelo. Ustedes me lo van a perdonar. Ya s\u00e9 que la cosa va de lujo y&hellip;\n","protected":false},"author":2,"featured_media":181869,"comment_status":"","ping_status":"","sticky":false,"template":"","format":"standard","meta":{"footnotes":""},"categories":[8],"tags":[19197,210,17,18,25,24,13,14,11,13181,19,20,205,9,10,15,16,23,12,21,22],"class_list":{"0":"post-181868","1":"post","2":"type-post","3":"status-publish","4":"format-standard","5":"has-post-thumbnail","7":"category-espana","8":"tag-ayuno","9":"tag-barcelona","10":"tag-breaking-news","11":"tag-breakingnews","12":"tag-es","13":"tag-espana","14":"tag-featured-news","15":"tag-featurednews","16":"tag-headlines","17":"tag-huelga","18":"tag-latest-news","19":"tag-latestnews","20":"tag-madrid","21":"tag-news","22":"tag-noticias","23":"tag-noticias-destacadas","24":"tag-noticiasdestacadas","25":"tag-spain","26":"tag-titulares","27":"tag-ultimas-noticias","28":"tag-ultimasnoticias"},"share_on_mastodon":{"url":"","error":""},"_links":{"self":[{"href":"https:\/\/www.europesays.com\/es\/wp-json\/wp\/v2\/posts\/181868","targetHints":{"allow":["GET"]}}],"collection":[{"href":"https:\/\/www.europesays.com\/es\/wp-json\/wp\/v2\/posts"}],"about":[{"href":"https:\/\/www.europesays.com\/es\/wp-json\/wp\/v2\/types\/post"}],"author":[{"embeddable":true,"href":"https:\/\/www.europesays.com\/es\/wp-json\/wp\/v2\/users\/2"}],"replies":[{"embeddable":true,"href":"https:\/\/www.europesays.com\/es\/wp-json\/wp\/v2\/comments?post=181868"}],"version-history":[{"count":0,"href":"https:\/\/www.europesays.com\/es\/wp-json\/wp\/v2\/posts\/181868\/revisions"}],"wp:featuredmedia":[{"embeddable":true,"href":"https:\/\/www.europesays.com\/es\/wp-json\/wp\/v2\/media\/181869"}],"wp:attachment":[{"href":"https:\/\/www.europesays.com\/es\/wp-json\/wp\/v2\/media?parent=181868"}],"wp:term":[{"taxonomy":"category","embeddable":true,"href":"https:\/\/www.europesays.com\/es\/wp-json\/wp\/v2\/categories?post=181868"},{"taxonomy":"post_tag","embeddable":true,"href":"https:\/\/www.europesays.com\/es\/wp-json\/wp\/v2\/tags?post=181868"}],"curies":[{"name":"wp","href":"https:\/\/api.w.org\/{rel}","templated":true}]}}