{"id":181897,"date":"2025-10-17T02:10:09","date_gmt":"2025-10-17T02:10:09","guid":{"rendered":"https:\/\/www.europesays.com\/es\/181897\/"},"modified":"2025-10-17T02:10:09","modified_gmt":"2025-10-17T02:10:09","slug":"el-hombre-muerto-al-chocar-con-su-coche-contra-una-guagua-era-un-expolicia-condenado-por-narcotrafico","status":"publish","type":"post","link":"https:\/\/www.europesays.com\/es\/181897\/","title":{"rendered":"El hombre muerto al chocar con su coche contra una guagua era un expolic\u00eda condenado por narcotr\u00e1fico"},"content":{"rendered":"<p class=\"article-text\">\n        El hombre que result\u00f3 <strong>muerto<\/strong> este <strong>jueves<\/strong> en <strong>Juan Grande<\/strong> (Gran Canaria) al <strong>chocar<\/strong> con su <strong>veh\u00edculo <\/strong>contra una <strong>guagua<\/strong> de la compa\u00f1\u00eda Global es el expolic\u00eda Ferm\u00edn Villar, condenado en 2023 por delitos relacionados con el narcotr\u00e1fico, seg\u00fan ha adelantado Canarias7 y ha confirmado este peri\u00f3dico.\n    <\/p>\n<p>    <a href=\"https:\/\/www.eldiario.es\/canariasahora\/sucesos\/muere-hombre-colision-frontal-coche-guagua-gran-canaria_1_12689463.html\" data-mrf-recirculation=\"saber-mas\" data-dl-event=\"saber-mas\" rel=\"nofollow noopener\" target=\"_blank\"><\/p>\n<p class=\"know-more__title\">Un muerto y 16 heridos tras la colisi\u00f3n frontal entre un coche y una guagua en Gran Canaria<\/p>\n<p>            <img decoding=\"async\" class=\"lazy\" loading=\"lazy\" data-src=\"https:\/\/static.eldiario.es\/clip\/3d4680c3-403c-4745-9436-fddef77835dd_16-9-aspect-ratio_default_0.jpg\" src=\"data:image\/svg+xml,%3Csvg xmlns=\" http:=\"\" viewbox=\"0 0 880 495\" alt=\"Un muerto y 16 heridos tras la colisi\u00f3n frontal entre un coche y una guagua en Gran Canaria\"\/><\/p>\n<p>                        <\/a><\/p>\n<p class=\"article-text\">\n        Ferm\u00edn Carlos Villar Rosales se conform\u00f3 con una pena de cinco a\u00f1os y un d\u00eda y dos multas que sumaron 3.361.104 euros tras llegar a una acuerdo con la Fiscal\u00eda en una macrocausa en la que hubo m\u00e1s de veinte personas encausadas.\n    <\/p>\n<p>    <a href=\"https:\/\/www.eldiario.es\/canariasahora\/sociedad\/accidente-juan-grande-guagua-global-coche_1_12690317.html\" data-mrf-recirculation=\"saber-mas-abajo\" data-dl-event=\"saber-mas-abajo\" rel=\"nofollow noopener\" target=\"_blank\"><\/p>\n<p class=\"know-more__title\">Global activa sus protocolos de emergencia y colabora con la Guardia Civil para esclarecer el accidente en Juan Grande\n<\/p>\n<p>            <img decoding=\"async\" class=\"lazy\" loading=\"lazy\" data-src=\"https:\/\/static.eldiario.es\/clip\/c59b2d6d-bcf0-4d51-aa0b-e06c94bc9a71_16-9-aspect-ratio_default_0.jpg\" src=\"data:image\/svg+xml,%3Csvg xmlns=\" http:=\"\" viewbox=\"0 0 880 495\" alt=\"Global activa sus protocolos de emergencia y colabora con la Guardia Civil para esclarecer el accidente en Juan Grande\"\/><\/p>\n<p>                        <\/a><\/p>\n<p class=\"article-text\">\n        El expolic\u00eda cumpli\u00f3 condena en la c\u00e1rcel de Estremera, en Madrid, donde son recluidos funcionarios policiales, de prisiones, jueces y fiscales. Durante su internamiento en esa prisi\u00f3n coincidi\u00f3 con el exjuex corrupto Salvador Alba.\n    <\/p>\n","protected":false},"excerpt":{"rendered":"El hombre que result\u00f3 muerto este jueves en Juan Grande (Gran Canaria) al chocar con su veh\u00edculo contra&hellip;\n","protected":false},"author":2,"featured_media":181898,"comment_status":"","ping_status":"","sticky":false,"template":"","format":"standard","meta":{"footnotes":""},"categories":[8],"tags":[17,18,13794,3075,25174,25,24,51567,13,14,1897,45981,11,366,51566,19,20,5555,7337,9,10,15,16,23,12,21,22],"class_list":{"0":"post-181897","1":"post","2":"type-post","3":"status-publish","4":"format-standard","5":"has-post-thumbnail","7":"category-espana","8":"tag-breaking-news","9":"tag-breakingnews","10":"tag-chocar","11":"tag-coche","12":"tag-condenado","13":"tag-es","14":"tag-espana","15":"tag-expolicia","16":"tag-featured-news","17":"tag-featurednews","18":"tag-gran-canaria","19":"tag-guagua","20":"tag-headlines","21":"tag-hombre","22":"tag-juan-grande","23":"tag-latest-news","24":"tag-latestnews","25":"tag-muerto","26":"tag-narcotrafico","27":"tag-news","28":"tag-noticias","29":"tag-noticias-destacadas","30":"tag-noticiasdestacadas","31":"tag-spain","32":"tag-titulares","33":"tag-ultimas-noticias","34":"tag-ultimasnoticias"},"share_on_mastodon":{"url":"","error":""},"_links":{"self":[{"href":"https:\/\/www.europesays.com\/es\/wp-json\/wp\/v2\/posts\/181897","targetHints":{"allow":["GET"]}}],"collection":[{"href":"https:\/\/www.europesays.com\/es\/wp-json\/wp\/v2\/posts"}],"about":[{"href":"https:\/\/www.europesays.com\/es\/wp-json\/wp\/v2\/types\/post"}],"author":[{"embeddable":true,"href":"https:\/\/www.europesays.com\/es\/wp-json\/wp\/v2\/users\/2"}],"replies":[{"embeddable":true,"href":"https:\/\/www.europesays.com\/es\/wp-json\/wp\/v2\/comments?post=181897"}],"version-history":[{"count":0,"href":"https:\/\/www.europesays.com\/es\/wp-json\/wp\/v2\/posts\/181897\/revisions"}],"wp:featuredmedia":[{"embeddable":true,"href":"https:\/\/www.europesays.com\/es\/wp-json\/wp\/v2\/media\/181898"}],"wp:attachment":[{"href":"https:\/\/www.europesays.com\/es\/wp-json\/wp\/v2\/media?parent=181897"}],"wp:term":[{"taxonomy":"category","embeddable":true,"href":"https:\/\/www.europesays.com\/es\/wp-json\/wp\/v2\/categories?post=181897"},{"taxonomy":"post_tag","embeddable":true,"href":"https:\/\/www.europesays.com\/es\/wp-json\/wp\/v2\/tags?post=181897"}],"curies":[{"name":"wp","href":"https:\/\/api.w.org\/{rel}","templated":true}]}}