{"id":181903,"date":"2025-10-17T02:18:16","date_gmt":"2025-10-17T02:18:16","guid":{"rendered":"https:\/\/www.europesays.com\/es\/181903\/"},"modified":"2025-10-17T02:18:16","modified_gmt":"2025-10-17T02:18:16","slug":"f1-los-tres-pilotos-que-son-peores-que-mick-schumacher-segun-ralf","status":"publish","type":"post","link":"https:\/\/www.europesays.com\/es\/181903\/","title":{"rendered":"F1: Los tres pilotos que son peores que Mick Schumacher, seg\u00fan Ralf"},"content":{"rendered":"<p data-testid=\"paragraph\" class=\"mb-[20px] md:mb-[30px] break-word\"><strong><a href=\"https:\/\/bolavip.com\/mx\/tema\/ralf-schumacher\" target=\"_blank\" rel=\"noreferrer noopener nofollow\" class=\"break-word font-articleLinkText text-articleLinkText hover:text-articleLinkTextHover hover:bg-articleLinkTextHoverBg cursor-pointer border-solid border-b-articleLinkTextHover\">Ralf Schumacher<\/a><\/strong> suele ser noticia por sus pol\u00e9micas declaraciones. El hermano del heptacampe\u00f3n -Michael- no tuvo una destacada carrera en el automovilismo y ahora, a sus 50 a\u00f1os, se desempe\u00f1a como comentarista de la <strong>F\u00f3rmula 1<\/strong> para Sky Sports. No obstante, en m\u00e1s de una oportunidad ha quedado en el ojo de la tormenta y en las \u00faltimas horas volvi\u00f3 a hacer de las suyas.<\/p>\n<p data-testid=\"paragraph\" class=\"mb-[20px] md:mb-[30px] break-word\">Puntualmente, Ralf analiz\u00f3 el presente de <strong>Mick Schumacher<\/strong>, su sobrino e hijo de Michael Schumacher. Este joven piloto de 26 a\u00f1os <strong>tuvo un breve paso con m\u00e1s penas que glorias por el Gran Circo: con Haas en 2021 y 2022<\/strong>. Sin embargo, a lo largo de los a\u00f1os no tuvo oportunidades pese a que se mantuvo como piloto de reserva.<\/p>\n<p><a title=\"Checo P\u00e9rez lleva a la F\u00f3rmula 1 a la TV abierta: los detalles del millonario acuerdo con Televisa\" href=\"https:\/\/bolavip.com\/mx\/f1\/checo-perez-lleva-a-la-formula-1-a-la-tv-abierta-los-detalles-del-millonario-acuerdo-con-televisa\" target=\"_self\" rel=\"nofollow noopener\" class=\"article-also-read-embed\"><img decoding=\"async\" class=\"aspect-square max-w-[100px] m-[10px] md:m-0\" src=\"https:\/\/www.europesays.com\/es\/wp-content\/uploads\/2025\/10\/1760667496_745_image\" alt=\"Checo P\u00e9rez lleva a la F\u00f3rmula 1 a la TV abierta: los detalles del millonario acuerdo con Televisa\" width=\"200\" height=\"200\" loading=\"lazy\"\/><\/p>\n<p class=\"font-secondary my-[13px] uppercase text-alsoReadSeeAlso bg-alsoReadSeeAlsoBackground alsoReadSeeAlso w-fit\">ver tambi\u00e9n<\/p>\n<p class=\"w-full line-clamp-3 md:line-clamp-2 text-alsoReadEmbedTitle font-primary alsoReadLink\">Checo P\u00e9rez lleva a la F\u00f3rmula 1 a la TV abierta: los detalles del millonario acuerdo con Televisa<\/p>\n<p><\/a><\/p>\n<p data-testid=\"paragraph\" class=\"mb-[20px] md:mb-[30px] break-word\">Precisamente <strong>de esto se quej\u00f3 Ralf, no sin antes menospreciar a tres pilotos de la actual parrilla de la F1: Franco Colapinto, Yuki Tsunoda y Liam Lawson<\/strong>. En el podcast Backstage Pit Lane, manifest\u00f3: \u201cDesde mi punto de vista, Mick es mejor que Tsunoda, Lawson y Colapinto\u201d. Sobre este \u00faltimo tambi\u00e9n a\u00f1adi\u00f3 que \u201cno ha mostrado el desarrollo que se esperaba de \u00e9l\u201d.<\/p>\n<p data-testid=\"paragraph\" class=\"mb-[20px] md:mb-[30px] break-word\">Adem\u00e1s, a\u00f1adi\u00f3: <strong>\u201cLos tres son peores que Mick, incluso significativamente peores. Los jefes de equipo cometieron un error al no contar con \u00e9l\u201d<\/strong>. Estas palabras de Ralf provocaron un sinf\u00edn de reacciones negativas, sobre todo por parte de los fans de <a href=\"https:\/\/bolavip.com\/mx\/tema\/franco-colapinto\" target=\"_blank\" rel=\"noreferrer noopener nofollow\" class=\"break-word font-articleLinkText text-articleLinkText hover:text-articleLinkTextHover hover:bg-articleLinkTextHoverBg cursor-pointer border-solid border-b-articleLinkTextHover\">Franco Colapinto<\/a> en Sudam\u00e9rica.<\/p>\n<p><img decoding=\"async\" src=\"https:\/\/www.europesays.com\/es\/wp-content\/uploads\/2025\/10\/BMX_20251016_BMX_373709_GettyImages-2168014590-1024x683_8f40e422.webp&#038;width=1024&#038;height=683.webp\" width=\"1024\" height=\"683\" alt=\"Ralf Schumacher en el paddock de la F1 (Getty Images)\" class=\"h-auto\" loading=\"lazy\"\/><\/p>\n<p class=\"text-center mt-5 text-[14px] leading-[20px] font-normal\">Ralf Schumacher en el paddock de la F1 (Getty Images)<\/p>\n<p>Mick Schumacher comenz\u00f3 su andadura en IndyCar<\/p>\n<p data-testid=\"paragraph\" class=\"mb-[20px] md:mb-[30px] break-word\">Tras ver lejano su principal objetivo de regresar a la <a href=\"https:\/\/bolavip.com\/mx\/f1\" target=\"_blank\" rel=\"noreferrer noopener nofollow\" class=\"break-word font-articleLinkText text-articleLinkText hover:text-articleLinkTextHover hover:bg-articleLinkTextHoverBg cursor-pointer border-solid border-b-articleLinkTextHover\">F\u00f3rmula 1<\/a> luego de su etapa junto al equipo Alpine de resistencia, Mick Schumacher tom\u00f3 la decisi\u00f3n de probar suerte en <strong>IndyCar<\/strong>, una categor\u00eda que ya le hab\u00edan ofrecido en el pasado, pero que \u00e9l mismo hab\u00eda rechazado a\u00fan con la cabeza en la M\u00e1xima.<\/p>\n<p data-testid=\"paragraph\" class=\"break-word\">Finalmente, realiz\u00f3 un test con el equipo Rahal Letterman Lanigan Racing en Indian\u00e1polis y declar\u00f3 tras esa experiencia: \u201cLlevaba tiempo interesado en probar un Indycar. He conocido algunos pilotos en los \u00faltimos a\u00f1os y todos me dec\u00edan lo divertido que es. <strong>Lo estoy disfrutando mucho, la gente aqu\u00ed es genial<\/strong>\u201c.<\/p>\n","protected":false},"excerpt":{"rendered":"Ralf Schumacher suele ser noticia por sus pol\u00e9micas declaraciones. El hermano del heptacampe\u00f3n -Michael- no tuvo una destacada&hellip;\n","protected":false},"author":2,"featured_media":181904,"comment_status":"","ping_status":"","sticky":false,"template":"","format":"standard","meta":{"footnotes":""},"categories":[270],"tags":[168,25,24,306,271,272,1723,11597,7858,17914,23,167,2105],"class_list":{"0":"post-181903","1":"post","2":"type-post","3":"status-publish","4":"format-standard","5":"has-post-thumbnail","7":"category-formula-1","8":"tag-deportes","9":"tag-es","10":"tag-espana","11":"tag-f1","12":"tag-formula-1","13":"tag-formula1","14":"tag-franco-colapinto","15":"tag-liam-lawson","16":"tag-mick-schumacher","17":"tag-ralf-schumacher","18":"tag-spain","19":"tag-sports","20":"tag-yuki-tsunoda"},"share_on_mastodon":{"url":"","error":""},"_links":{"self":[{"href":"https:\/\/www.europesays.com\/es\/wp-json\/wp\/v2\/posts\/181903","targetHints":{"allow":["GET"]}}],"collection":[{"href":"https:\/\/www.europesays.com\/es\/wp-json\/wp\/v2\/posts"}],"about":[{"href":"https:\/\/www.europesays.com\/es\/wp-json\/wp\/v2\/types\/post"}],"author":[{"embeddable":true,"href":"https:\/\/www.europesays.com\/es\/wp-json\/wp\/v2\/users\/2"}],"replies":[{"embeddable":true,"href":"https:\/\/www.europesays.com\/es\/wp-json\/wp\/v2\/comments?post=181903"}],"version-history":[{"count":0,"href":"https:\/\/www.europesays.com\/es\/wp-json\/wp\/v2\/posts\/181903\/revisions"}],"wp:featuredmedia":[{"embeddable":true,"href":"https:\/\/www.europesays.com\/es\/wp-json\/wp\/v2\/media\/181904"}],"wp:attachment":[{"href":"https:\/\/www.europesays.com\/es\/wp-json\/wp\/v2\/media?parent=181903"}],"wp:term":[{"taxonomy":"category","embeddable":true,"href":"https:\/\/www.europesays.com\/es\/wp-json\/wp\/v2\/categories?post=181903"},{"taxonomy":"post_tag","embeddable":true,"href":"https:\/\/www.europesays.com\/es\/wp-json\/wp\/v2\/tags?post=181903"}],"curies":[{"name":"wp","href":"https:\/\/api.w.org\/{rel}","templated":true}]}}