{"id":181905,"date":"2025-10-17T02:19:08","date_gmt":"2025-10-17T02:19:08","guid":{"rendered":"https:\/\/www.europesays.com\/es\/181905\/"},"modified":"2025-10-17T02:19:08","modified_gmt":"2025-10-17T02:19:08","slug":"galbiati-afronta-la-primera-crisis","status":"publish","type":"post","link":"https:\/\/www.europesays.com\/es\/181905\/","title":{"rendered":"Galbiati afronta la primera crisis"},"content":{"rendered":"<p>Poco importa que el curr\u00edculum rebose experiencia o que apenas muestre unos p\u00e1rrafos breves en la \u00e9lite europea. Todo entrenador que toma las riendas del  &#8230; Baskonia debe adaptarse a la exigencia interna de un club que intercala la ambici\u00f3n con la necesidad de lograr la m\u00e1xima optimizaci\u00f3n de las piezas disponibles. A estas alturas, es una realidad que conoce Paolo Galbiati, que afronta su primera crisis seria desde su llegada al banquillo azulgrana. <\/p>\n<p class=\"v-p\">No es que hasta el momento todo haya sido un paseo, pero la realidad de los nulos resultados cosechados hasta el momento en la Euroliga, ninguna victoria y cuatro derrotas, y la acumulaci\u00f3n de problemas m\u00e9dicos obligan al preparador italiano a buscar nuevas f\u00f3rmulas para asentar la qu\u00edmica de un equipo que se busca a s\u00ed mismo. Sin olvidar otro ingrediente clave; ganar partidos con cierta asiduidad, costumbre que no se aplica en un arranque de campa\u00f1a con un balance global de 1-5. Tampoco da tregua el calendario. Este viernes llega el Partizan al Buesa Arena despu\u00e9s de ceder en la cuarta jornada en la cancha del Madrid. <\/p>\n<p class=\"v-p\">La atenci\u00f3n se centra ahora en los partes m\u00e9dicos que puedan llegar al despacho de Galbiati. Tras la derrota ante el Par\u00eds Basketball, la plantilla azulgrana entren\u00f3 en la capital gala para viajar de vuelta a casa en horario vespertino. En el pasaje, dos contusionados, Trent Forrest y Markus Howard, que se perdieron completa la segunda parte del choque ante los galos. El base sufri\u00f3 un pinchazo en la parte anterior del muslo izquierdo y el escolta un problema en un dedo de la mano izquierda.<\/p>\n<p class=\"v-p\">De momento, no hay pronunciamiento p\u00fablico desde la entidad de Zurbano sobre el estado m\u00e9dico de los dos jugadores. Luego, queda la inc\u00f3gnita de Rodions Kurucs, dolorido en pie izquierdo, el mismo operado en verano, durante el choque ante el Madrid y que le impidi\u00f3 jugar en Par\u00eds. <\/p>\n<p class=\"v-p\">Para la estructura azulgrana son demasiados problemas f\u00edsicos. Y m\u00e1s cuando no se cuenta con una plantilla de talla XXL y ciertos recambios dejan dudas. A la espera de m\u00e1s luz informativa, el riesgo de que Forrest puede causar baja durante los pr\u00f3ximos encuentros es real mientras se pide turno para la realizaci\u00f3n de pruebas m\u00e9dicas. Adem\u00e1s, la disponibilidad de Kurucs sigue siendo una inc\u00f3gnita y el de Markus Howard es un problema a resolver m\u00e1s all\u00e1 de su situaci\u00f3n m\u00e9dica.<\/p>\n<p class=\"v-p\">La principal arma anotadora exterior y el triplista m\u00e1s acreditado en un per\u00edmetro sin grandes francotiradores no mete. Ni con un defensor encima ni en lanzamientos liberados. Ni un triple de quince intentos en los tres \u00faltimos encuentros. En su intento de aplicar un estilo de alta efervescencia anotadora y producci\u00f3n triplista, Galbiati tiene un problema serio con el pronunciado bache que atraviesa Howard.<\/p>\n<p>\nA la espera de diagn\u00f3stico\n<\/p>\n<p>La posible baja del base estadounidense abre una compleja encrucijada para el preparador azulgrana<\/p>\n<p class=\"v-p\">Pero el panorama puede agravarse de perder a Forrest, lo que dejar\u00eda a Markquis Nowell como base principal. El \u00faltimo en llegar a la disciplina azulgrana ha mostrado una buena capacidad de adaptaci\u00f3n, pero tambi\u00e9n paga ciertos peajes defensivos dada la limitaci\u00f3n f\u00edsica que imponen sus 170 cent\u00edmetros de altura. <\/p>\n<p class=\"v-p\">Pero la incertidumbre llega ante las opciones para dar descanso al timonel de Harlem. Rafa Villar aspiraba a ser el tercer base y posible recambio ante contingencias f\u00edsicas, pero el protagonismo que ha mostrado hasta el momento no le coloca en un puesto alto entre las preferencias de Galbiati. El jugador catal\u00e1n acumula seis minutos y medio en los dos encuentros de ACB y tres en los cuatro choques continentales jugados hasta el momento. Casi invisible. <\/p>\n<p>\nRelevos\n<\/p>\n<p>Las lesiones golpean una plantilla que no es larga y con algunos recambios que generan dudas<\/p>\n<p class=\"v-p\">Matteo Spagnolo, con un perfil bajo en el descorche de campa\u00f1a, tambi\u00e9n puede ser una alternativa de urgencia en el puesto de base. El per\u00edmetro deber\u00e1 juntar l\u00edneas para sellar grietas y mantener el ritmo alto que desea Galbiati. M\u00e1s esfuerzo repartido entre menos efectivos mientras se cruza los dedos por que jugadores de corte f\u00edsico como Luwawu-Cabarrot o Hamidou Diallo mantengan su buen tono y Tadas Sedekerskis mejore tambi\u00e9n sus registros triplistas.<\/p>\n<p class=\"v-p\">Un rompecabezas todav\u00eda por ordenar que tambi\u00e9n requiere de m\u00e1s brazos en el juego interior, con Diakite en pleno camino hacia una versi\u00f3n m\u00e1s reconocible, dependiente de Samanic, con Khalifa Diop relegado a un ostracismo del que no sali\u00f3 hasta el \u00faltimo cuarto en Par\u00eds y sin un papel claro para Clement Frisch.<\/p>\n","protected":false},"excerpt":{"rendered":"Poco importa que el curr\u00edculum rebose experiencia o que apenas muestre unos p\u00e1rrafos breves en la \u00e9lite europea.&hellip;\n","protected":false},"author":2,"featured_media":181906,"comment_status":"","ping_status":"","sticky":false,"template":"","format":"standard","meta":{"footnotes":""},"categories":[269],"tags":[1399,299,298,4170,168,25,24,17490,1078,23,167],"class_list":{"0":"post-181905","1":"post","2":"type-post","3":"status-publish","4":"format-standard","5":"has-post-thumbnail","7":"category-baloncesto","8":"tag-afronta","9":"tag-baloncesto","10":"tag-basketball","11":"tag-crisis","12":"tag-deportes","13":"tag-es","14":"tag-espana","15":"tag-galbiati","16":"tag-primera","17":"tag-spain","18":"tag-sports"},"share_on_mastodon":{"url":"","error":""},"_links":{"self":[{"href":"https:\/\/www.europesays.com\/es\/wp-json\/wp\/v2\/posts\/181905","targetHints":{"allow":["GET"]}}],"collection":[{"href":"https:\/\/www.europesays.com\/es\/wp-json\/wp\/v2\/posts"}],"about":[{"href":"https:\/\/www.europesays.com\/es\/wp-json\/wp\/v2\/types\/post"}],"author":[{"embeddable":true,"href":"https:\/\/www.europesays.com\/es\/wp-json\/wp\/v2\/users\/2"}],"replies":[{"embeddable":true,"href":"https:\/\/www.europesays.com\/es\/wp-json\/wp\/v2\/comments?post=181905"}],"version-history":[{"count":0,"href":"https:\/\/www.europesays.com\/es\/wp-json\/wp\/v2\/posts\/181905\/revisions"}],"wp:featuredmedia":[{"embeddable":true,"href":"https:\/\/www.europesays.com\/es\/wp-json\/wp\/v2\/media\/181906"}],"wp:attachment":[{"href":"https:\/\/www.europesays.com\/es\/wp-json\/wp\/v2\/media?parent=181905"}],"wp:term":[{"taxonomy":"category","embeddable":true,"href":"https:\/\/www.europesays.com\/es\/wp-json\/wp\/v2\/categories?post=181905"},{"taxonomy":"post_tag","embeddable":true,"href":"https:\/\/www.europesays.com\/es\/wp-json\/wp\/v2\/tags?post=181905"}],"curies":[{"name":"wp","href":"https:\/\/api.w.org\/{rel}","templated":true}]}}