{"id":181907,"date":"2025-10-17T02:20:13","date_gmt":"2025-10-17T02:20:13","guid":{"rendered":"https:\/\/www.europesays.com\/es\/181907\/"},"modified":"2025-10-17T02:20:13","modified_gmt":"2025-10-17T02:20:13","slug":"orri-oskarsson-recae-de-su-lesion-y-no-jugara-en-vigo","status":"publish","type":"post","link":"https:\/\/www.europesays.com\/es\/181907\/","title":{"rendered":"Orri \u00d3skarsson recae de su lesi\u00f3n y no jugar\u00e1 en Vigo"},"content":{"rendered":"<p>\n        <strong>O<\/strong><a href=\"https:\/\/www.noticiasdegipuzkoa.eus\/tags\/orri-oskarsson\/\" title=\"\u00d3rri \u00d3skarsson\" class=\"link copy\" rel=\"nofollow noopener\" target=\"_blank\"><strong>rri \u00d3skarsson<\/strong><\/a><strong> ha reca\u00eddo de su lesi\u00f3n<\/strong> y todo apunta a que <strong>se perder\u00e1, como m\u00ednimo, el encuentro que la <\/strong><a href=\"https:\/\/www.noticiasdegipuzkoa.eus\/tags\/real-sociedad\/\" title=\"Real\" class=\"link copy\" rel=\"nofollow noopener\" target=\"_blank\"><strong>Real <\/strong><\/a><strong>disputar\u00e1 este domingo frente al Celta en Vigo<\/strong> (16.15 horas). El club txuri-urdin ha informado de que las pruebas realizadas hoy al delantero island\u00e9s por los servicios m\u00e9dicos \u00abconfirman una<strong> reca\u00edda de la lesi\u00f3n muscular en el recto anterior de su pierna izquierda<\/strong>. Su evoluci\u00f3n marcar\u00e1 la disponibilidad\u00bb.\u00a0\n<\/p>\n<p class=\"article-body__text \">\n        <strong>\u00d3skarsson se lesion\u00f3 el pasado 30 de agosto <\/strong>en la derrota ante el Oviedo (1-0), donde tuvo que dejar su sitio a Jon Karrikaburu en el minuto 56, tras notar unas molestias.\n<\/p>\n<p class=\"article-body__text \">\n        Esta temporada,<strong> el ariete island\u00e9s solo ha podido participar en los tres primeros partidos de liga,<\/strong> disputando un total de 112 minutos en los que anot\u00f3 un gol, frente al Espanyol en Anoeta (2-2). <strong>Los problemas en su pierna pierna izquierda se han convertido en un quebradero de cabeza <\/strong>para el delantero island\u00e9s. El 19 de noviembre del a\u00f1o pasado se produjo una lesi\u00f3n en el s\u00f3leo en esa misma pierna, el 1 de mayo de este a\u00f1o sufri\u00f3 otra lesi\u00f3n en el muslo izquierdo que le hizo perderse el tramo final de la temporada, y el pasado 30 de agosto se da\u00f1\u00f3 el recto anterior izquierdo, volviendo a recaer ahora.\u00a0\n<\/p>\n<p class=\"article-body__text \">\n        <strong>La ausencia de \u00d3skarsson es un nuevo contratiempo m\u00e1s para la Real y para Sergio Francisco<\/strong>, que esperaba contar con toda su plantilla para visitar al conjunto gallego. Por el contrario, el t\u00e9cnico irundarra s\u00ed podr\u00e1 alinear por primera vez en la liga a Yangel Herrera.<\/p>\n","protected":false},"excerpt":{"rendered":"Orri \u00d3skarsson ha reca\u00eddo de su lesi\u00f3n y todo apunta a que se perder\u00e1, como m\u00ednimo, el encuentro&hellip;\n","protected":false},"author":2,"featured_media":181908,"comment_status":"","ping_status":"","sticky":false,"template":"","format":"standard","meta":{"footnotes":""},"categories":[268],"tags":[168,25,24,280,282,10660,8252,51572,51573,49873,281,23,167],"class_list":{"0":"post-181907","1":"post","2":"type-post","3":"status-publish","4":"format-standard","5":"has-post-thumbnail","7":"category-futbol","8":"tag-deportes","9":"tag-es","10":"tag-espana","11":"tag-football","12":"tag-futbol","13":"tag-jugara","14":"tag-lesion","15":"tag-orri","16":"tag-oskarsson","17":"tag-recae","18":"tag-soccer","19":"tag-spain","20":"tag-sports"},"share_on_mastodon":{"url":"","error":""},"_links":{"self":[{"href":"https:\/\/www.europesays.com\/es\/wp-json\/wp\/v2\/posts\/181907","targetHints":{"allow":["GET"]}}],"collection":[{"href":"https:\/\/www.europesays.com\/es\/wp-json\/wp\/v2\/posts"}],"about":[{"href":"https:\/\/www.europesays.com\/es\/wp-json\/wp\/v2\/types\/post"}],"author":[{"embeddable":true,"href":"https:\/\/www.europesays.com\/es\/wp-json\/wp\/v2\/users\/2"}],"replies":[{"embeddable":true,"href":"https:\/\/www.europesays.com\/es\/wp-json\/wp\/v2\/comments?post=181907"}],"version-history":[{"count":0,"href":"https:\/\/www.europesays.com\/es\/wp-json\/wp\/v2\/posts\/181907\/revisions"}],"wp:featuredmedia":[{"embeddable":true,"href":"https:\/\/www.europesays.com\/es\/wp-json\/wp\/v2\/media\/181908"}],"wp:attachment":[{"href":"https:\/\/www.europesays.com\/es\/wp-json\/wp\/v2\/media?parent=181907"}],"wp:term":[{"taxonomy":"category","embeddable":true,"href":"https:\/\/www.europesays.com\/es\/wp-json\/wp\/v2\/categories?post=181907"},{"taxonomy":"post_tag","embeddable":true,"href":"https:\/\/www.europesays.com\/es\/wp-json\/wp\/v2\/tags?post=181907"}],"curies":[{"name":"wp","href":"https:\/\/api.w.org\/{rel}","templated":true}]}}