{"id":181911,"date":"2025-10-17T02:23:07","date_gmt":"2025-10-17T02:23:07","guid":{"rendered":"https:\/\/www.europesays.com\/es\/181911\/"},"modified":"2025-10-17T02:23:07","modified_gmt":"2025-10-17T02:23:07","slug":"leonardo-favio-nadie-puede-olvidarlo-presentacion-del-libro-de-editorial-octubre","status":"publish","type":"post","link":"https:\/\/www.europesays.com\/es\/181911\/","title":{"rendered":"Leonardo Favio: Nadie puede olvidarlo | Presentaci\u00f3n del libro de editorial Octubre"},"content":{"rendered":"<p>Este <b>viernes 17 de octubre, a las 18.30 horas<\/b>, el <b>Centro Cultural Caras y Caretas<\/b> (Venezuela 330) ser\u00e1 escenario de una jornada especial con la presentaci\u00f3n del libro Leonardo Favio. Nadie puede olvidarlo, de <b>Editorial Octubre.\u00a0<\/b>Participar\u00e1n en la presentaci\u00f3n <b>Norberto Galasso<\/b>, <b>Lara Seijas<\/b> y <b>Silvina Pachelo<\/b>, coautora de la obra junto a Galasso.<\/p>\n<p>El libro re\u00fane la <b>biograf\u00eda, las cr\u00edticas y los ensayos<\/b> sobre la obra de uno de los artistas m\u00e1s grandes de Argentina. La idea naci\u00f3 al recuperar un texto de <b>Norberto Galasso<\/b>, que hoy renace en una <b>versi\u00f3n ampliada y actualizada<\/b>, enriquecida con nuevas cr\u00edticas, fotograf\u00edas e im\u00e1genes de archivo que recorren la vida y la creaci\u00f3n de Favio. La <b>editorial Octubre<\/b> presenta esta edici\u00f3n <b>extraordinaria<\/b>, de <b>tapa dura y encuadernado cosido<\/b>, impresa en <b>papel ilustraci\u00f3n a color<\/b>, que realza el valor art\u00edstico y documental de la obra.<\/p>\n<p>Cuenta Galasso en este libro que alguna vez <b>Pier Paolo Pasolini<\/b> anduvo por Argentina y vio, en el Festival de Mar del Plata, un filme de Favio. Dijo, conmocionado: \u201cDar\u00eda diez a\u00f1os de vida por filmar un plano como los de Leonardo Favio\u201d.\u00a0<b>Pachelo<\/b>\u00a0comparte: \u201cLa obra de Favio es descomunal, tiene una narrativa propia que se entrelaza con su vida. Condensar todo su universo en un solo libro fue una tarea tit\u00e1nica.\u201d<\/p>\n<p>Para cerrar la jornada, se proyectar\u00e1 <b>Cr\u00f3nicas de un ni\u00f1o solo<\/b>, una obra fundamental de Leonardo Favio.<\/p>\n","protected":false},"excerpt":{"rendered":"Este viernes 17 de octubre, a las 18.30 horas, el Centro Cultural Caras y Caretas (Venezuela 330) ser\u00e1&hellip;\n","protected":false},"author":2,"featured_media":181912,"comment_status":"","ping_status":"","sticky":false,"template":"","format":"standard","meta":{"footnotes":""},"categories":[172],"tags":[224,51575,17847,146,147,25,24,51574,225,51576,23],"class_list":{"0":"post-181911","1":"post","2":"type-post","3":"status-publish","4":"format-standard","5":"has-post-thumbnail","7":"category-libros","8":"tag-books","9":"tag-editorial-octubre","10":"tag-el-pais","11":"tag-entertainment","12":"tag-entretenimiento","13":"tag-es","14":"tag-espana","15":"tag-leonardo-favio","16":"tag-libros","17":"tag-norberto-galasso","18":"tag-spain"},"share_on_mastodon":{"url":"","error":""},"_links":{"self":[{"href":"https:\/\/www.europesays.com\/es\/wp-json\/wp\/v2\/posts\/181911","targetHints":{"allow":["GET"]}}],"collection":[{"href":"https:\/\/www.europesays.com\/es\/wp-json\/wp\/v2\/posts"}],"about":[{"href":"https:\/\/www.europesays.com\/es\/wp-json\/wp\/v2\/types\/post"}],"author":[{"embeddable":true,"href":"https:\/\/www.europesays.com\/es\/wp-json\/wp\/v2\/users\/2"}],"replies":[{"embeddable":true,"href":"https:\/\/www.europesays.com\/es\/wp-json\/wp\/v2\/comments?post=181911"}],"version-history":[{"count":0,"href":"https:\/\/www.europesays.com\/es\/wp-json\/wp\/v2\/posts\/181911\/revisions"}],"wp:featuredmedia":[{"embeddable":true,"href":"https:\/\/www.europesays.com\/es\/wp-json\/wp\/v2\/media\/181912"}],"wp:attachment":[{"href":"https:\/\/www.europesays.com\/es\/wp-json\/wp\/v2\/media?parent=181911"}],"wp:term":[{"taxonomy":"category","embeddable":true,"href":"https:\/\/www.europesays.com\/es\/wp-json\/wp\/v2\/categories?post=181911"},{"taxonomy":"post_tag","embeddable":true,"href":"https:\/\/www.europesays.com\/es\/wp-json\/wp\/v2\/tags?post=181911"}],"curies":[{"name":"wp","href":"https:\/\/api.w.org\/{rel}","templated":true}]}}