{"id":181913,"date":"2025-10-17T02:24:12","date_gmt":"2025-10-17T02:24:12","guid":{"rendered":"https:\/\/www.europesays.com\/es\/181913\/"},"modified":"2025-10-17T02:24:12","modified_gmt":"2025-10-17T02:24:12","slug":"el-surrealista-momento-de-carlos-alba-en-directo-de-supervivientes-all-stars-esta-en-modo-vacaciones","status":"publish","type":"post","link":"https:\/\/www.europesays.com\/es\/181913\/","title":{"rendered":"El surrealista momento de Carlos Alba en directo de Supervivientes All Stars: \u00abEst\u00e1 en modo vacaciones\u00bb"},"content":{"rendered":"<p data-journey-content=\"true\" data-node-id=\"3\" class=\"css-6wxqfj emevuu60\">Carlos Alba ha protagonizado un momento muy surrealista en pleno directo de <a href=\"https:\/\/diezminutos.es\/supervivientes-television\" target=\"_blank\" data-node-id=\"3.1\" class=\"css-177bzfx emevuu60\" rel=\"nofollow noopener\">Supervivientes All Stars<\/a>. Despu\u00e9s de 48 d\u00edas de aventura, el cansancio es extremo, sobre todo porque solo han dormido en la dura arena sin tener ning\u00fan elemento acolchado, ni siquiera las esterillas deluxe, puesto que esto solo les evita tocar la arena. Conscientes de ello, <strong data-node-id=\"3.3\">la organizaci\u00f3n ha dado una suculenta recompensa al ganador del juego de la gala de este 17 de octubre. <\/strong>Despu\u00e9s de someterse a un curioso test de <a href=\"https:\/\/www.diezminutos.es\/teleprograma\/programas-tv\/a69063807\/enfado-tony-spina-carlos-alba-supervivientes-all-stars-ahora-parece-que-despierta\/\" target=\"_blank\" data-vars-ga-outbound-link=\"https:\/\/www.diezminutos.es\/teleprograma\/programas-tv\/a69063807\/enfado-tony-spina-carlos-alba-supervivientes-all-stars-ahora-parece-que-despierta\/\" data-vars-ga-ux-element=\"Hyperlink\" data-vars-ga-call-to-action=\"cultura general que ha terminado con el gran enfado de Tony Spina,\" data-node-id=\"3.5\" class=\"body-link css-177bzfx emevuu60\" rel=\"nofollow noopener\">cultura general que ha terminado con el gran enfado de Tony Spina,<\/a> Carlos Alba era el ganador, dando lugar a una escena rocambolesca en medio del directo del programa. <\/p>\n<p data-journey-content=\"true\" data-node-id=\"6\" class=\"css-6wxqfj emevuu60\">El chef se tumbaba en una camilla de masaje y se pon\u00eda en manos de Cindy, una fisioterapeuta que le daba un masaje completo en la espalda. Una de las recompensas que m\u00e1s recordar\u00e1 el concursante despu\u00e9s de <strong data-node-id=\"6.1\">estar sometido a las diferentes pruebas, la dura arena, y los croquis para dormir bajo la lona con sus compa\u00f1eros.<\/strong><\/p>\n<p><img draggable=\"true\" alt=\"supervivientes all stars masaje\" title=\"supervivientes all stars masaje\" loading=\"lazy\" width=\"2226\" height=\"1253\" decoding=\"async\" data-nimg=\"1\" style=\"color:transparent;width:100%;height:auto;\"   src=\"https:\/\/www.europesays.com\/es\/wp-content\/uploads\/2025\/10\/masaje-carlos-alba-supervivientes-all-stars-68f1791e07027.jpg\" class=\"css-0 e1g79fud0\"\/><\/p>\n<p>Telecinco<\/p>\n<p data-journey-content=\"true\" data-node-id=\"9\" class=\"css-6wxqfj emevuu60\">Pero claro, el masaje, a \u00faltima hora de la tarde y despu\u00e9s de m\u00e1s de un mes de sufrimiento, ten\u00eda un claro riesgo: quedarse dormido. Y <strong data-node-id=\"9.1\">Carlos Alba no desperdiciaba la oportunidad <\/strong>de exprimir el masaje al m\u00e1ximo, incluso desabroch\u00e1ndose el pantal\u00f3n para que la fisioterapeuta pudiera masajearle la espalda baja tambi\u00e9n. <\/p>\n<p>\u00abEst\u00e1 en modo vacaciones\u00bb<\/p>\n<p data-journey-content=\"true\" data-node-id=\"14\" class=\"css-6wxqfj emevuu60\">Todo esto ocurr\u00eda en la Palapa mientras sus compa\u00f1eros escuchaban los diferentes v\u00eddeos con las trifulcas por su convivencia. En uno de ellos se escuchaba a Tony Spina criticar precisamente a Carlos: <strong data-node-id=\"14.1\">\u00abEs un poco mueble, est\u00e1 en &#8216;modo vacaciones'\u00bb, <\/strong>llegaba a decir <a href=\"https:\/\/www.diezminutos.es\/teleprograma\/programas-tv\/a68892876\/marta-penate-boda-tony-spina-supervivientes-all-stars-invitado-noel\/\" target=\"_blank\" data-vars-ga-outbound-link=\"https:\/\/www.diezminutos.es\/teleprograma\/programas-tv\/a68892876\/marta-penate-boda-tony-spina-supervivientes-all-stars-invitado-noel\/\" data-vars-ga-ux-element=\"Hyperlink\" data-vars-ga-call-to-action=\"el marido de Marta Pe\u00f1ate\" data-node-id=\"14.3\" class=\"body-link css-177bzfx emevuu60\" rel=\"nofollow noopener\">el marido de Marta Pe\u00f1ate<\/a>.<\/p>\n<p><img draggable=\"true\" alt=\"supervivientes all stars\" title=\"supervivientes all stars\" loading=\"lazy\" width=\"2527\" height=\"1421\" decoding=\"async\" data-nimg=\"1\" style=\"color:transparent;width:100%;height:auto;\"   src=\"https:\/\/www.europesays.com\/es\/wp-content\/uploads\/2025\/10\/carlos-alba-masaje-duerme-supervivientes-all-stars-68f17df9aa921.jpg\" class=\"css-0 e1g79fud0\"\/><\/p>\n<p>Telecinco<\/p>\n<p data-journey-content=\"true\" data-node-id=\"17\" class=\"css-6wxqfj emevuu60\">Y justo cuando le tocaba el turno a Carlos Alba para hablar, ve\u00edamos c\u00f3mo el chef manten\u00eda los ojos cerrados. \u00bfPodr\u00eda ser de disfrute? S\u00ed, pero un gesto con la cara cuando abr\u00eda <strong data-node-id=\"17.1\">finalmente los ojos nos confirmaba que realmente estaba dormido.<\/strong> Eso s\u00ed, sus compa\u00f1eros no lo notaban porque era capaz de reaccionar r\u00e1pidamente, tras haber escuchado la mitad del v\u00eddeo, y responder con vehemencia a sus compa\u00f1eros. <br data-node-id=\"17.3\"\/><\/p>\n<p><img src=\"https:\/\/www.europesays.com\/es\/wp-content\/uploads\/2025\/10\/1760667852_212_323095e3-d675-4360-ad79-c3a735f161a1_1681830139.file\" alt=\"Headshot of Aroa D\u00edaz\" title=\"Headshot of Aroa D\u00edaz\" width=\"100%\" height=\"100%\" decoding=\"async\" loading=\"lazy\" class=\"css-o0wq4v ev8dhu53\"\/><\/p>\n<p>Aroa D\u00edaz es experta en realities, televisi\u00f3n y actualidad en general. No hay momento del d\u00eda en el que no tenga encendida la televisi\u00f3n conociendo los \u00faltimos desvelos de los famosos, disfrutando de los realities como Supervivientes o de los concursos m\u00e1s rocambolescos. Las \u00faltimas novedades de los famosos del coraz\u00f3n son su perdici\u00f3n y la actualidad de las Casas Reales, su gran pasi\u00f3n. \u00a0\u00a0<\/p>\n<p>En sus ratos libres disfruta de las pel\u00edculas y series de moda, y bucea por los cat\u00e1logos de las plataformas de podcast buscando nuevas entrevistas y charlas de famosos.<\/p>\n<p>Adem\u00e1s, no ha parado de formarse en todos los aspectos convirti\u00e9ndose en una periodista 360: locuci\u00f3n, doblaje, grabaci\u00f3n de v\u00eddeo, periodismo m\u00f3vil, producci\u00f3n de podcast y SEO. Actualmente est\u00e1 form\u00e1ndose en el M\u00e1ster universitario de Periodismo y Comunicaci\u00f3n Digital: Datos y Nuevas Narrativas de la UOC.<\/p>\n<p>Graduada en periodismo por la Universidad Rey Juan Carlos, no ha parado de trabajar desde que obtuvo su t\u00edtulo all\u00e1 por el 2013. Despu\u00e9s de un breve impass en Palma de Mallorca, volvi\u00f3 a Legan\u00e9s donde arranc\u00f3 su experiencia con Legan\u00e9s Activo. En este tiempo he pasado por las redacciones de varios medios recayendo finalmente en Hearst Espa\u00f1a (Telenovela, Qu\u00e9 me dices y Diez Minutos). Tambi\u00e9n tiene experiencia en diferentes radios. \u00a0<\/p>\n","protected":false},"excerpt":{"rendered":"Carlos Alba ha protagonizado un momento muy surrealista en pleno directo de Supervivientes All Stars. Despu\u00e9s de 48&hellip;\n","protected":false},"author":2,"featured_media":181914,"comment_status":"","ping_status":"","sticky":false,"template":"","format":"standard","meta":{"footnotes":""},"categories":[171],"tags":[253,146,147,25,24,23,214],"class_list":{"0":"post-181913","1":"post","2":"type-post","3":"status-publish","4":"format-standard","5":"has-post-thumbnail","7":"category-tv","8":"tag-discover","9":"tag-entertainment","10":"tag-entretenimiento","11":"tag-es","12":"tag-espana","13":"tag-spain","14":"tag-tv"},"share_on_mastodon":{"url":"","error":""},"_links":{"self":[{"href":"https:\/\/www.europesays.com\/es\/wp-json\/wp\/v2\/posts\/181913","targetHints":{"allow":["GET"]}}],"collection":[{"href":"https:\/\/www.europesays.com\/es\/wp-json\/wp\/v2\/posts"}],"about":[{"href":"https:\/\/www.europesays.com\/es\/wp-json\/wp\/v2\/types\/post"}],"author":[{"embeddable":true,"href":"https:\/\/www.europesays.com\/es\/wp-json\/wp\/v2\/users\/2"}],"replies":[{"embeddable":true,"href":"https:\/\/www.europesays.com\/es\/wp-json\/wp\/v2\/comments?post=181913"}],"version-history":[{"count":0,"href":"https:\/\/www.europesays.com\/es\/wp-json\/wp\/v2\/posts\/181913\/revisions"}],"wp:featuredmedia":[{"embeddable":true,"href":"https:\/\/www.europesays.com\/es\/wp-json\/wp\/v2\/media\/181914"}],"wp:attachment":[{"href":"https:\/\/www.europesays.com\/es\/wp-json\/wp\/v2\/media?parent=181913"}],"wp:term":[{"taxonomy":"category","embeddable":true,"href":"https:\/\/www.europesays.com\/es\/wp-json\/wp\/v2\/categories?post=181913"},{"taxonomy":"post_tag","embeddable":true,"href":"https:\/\/www.europesays.com\/es\/wp-json\/wp\/v2\/tags?post=181913"}],"curies":[{"name":"wp","href":"https:\/\/api.w.org\/{rel}","templated":true}]}}