{"id":181938,"date":"2025-10-17T02:44:11","date_gmt":"2025-10-17T02:44:11","guid":{"rendered":"https:\/\/www.europesays.com\/es\/181938\/"},"modified":"2025-10-17T02:44:11","modified_gmt":"2025-10-17T02:44:11","slug":"accionistas-unidos-insiste-con-la-declaracion-de-bien-de-interes-cultural-etnologico-203-penas-y-6-000-firmas-lo-apoyan","status":"publish","type":"post","link":"https:\/\/www.europesays.com\/es\/181938\/","title":{"rendered":"Accionistas Unidos insiste con la declaraci\u00f3n de Bien de Inter\u00e9s Cultural Etnol\u00f3gico: 203 pe\u00f1as y 6.000 firmas lo apoyan"},"content":{"rendered":"<p class=\"parrafo\"><strong>Accionistas Unidos<\/strong>, la agrupaci\u00f3n de abonados con t\u00edtulos de la sociedad que aglutina algo m\u00e1s del <strong>3%<\/strong> del capital social, insiste en su encomienda de que el <strong>Sevilla FC<\/strong> sea declarado <strong>Bien de Inter\u00e9s Cultural Etnol\u00f3gico<\/strong>, como solicit\u00f3 hace ahora casi tres a\u00f1os formalmente. En su \u00faltimo comunicado, divulgado este jueves y del que se hace eco ESTADIO Deportivo, refleja que \u00ab<strong>203 pe\u00f1as sevillistas<\/strong> apoyan que la <strong>Junta de Andaluc\u00eda<\/strong> declare a la entidad <strong>BIC<\/strong>\u00ab. Se unen, as\u00ed, a la petici\u00f3n formulada en <strong>febrero de 2023<\/strong>, que secundaron con la recogida ya de \u00ab<strong>m\u00e1s de 6.000 firmas de apoyo entre el sevillismo<\/strong>\u00ab, destacando entre los colectivos adheridos las cinco pe\u00f1as m\u00e1s antiguas del club: <strong>P.S. Puerta Carmona<\/strong>,<strong> P.S. Al Relente<\/strong>,<strong> P.S. <\/strong><strong>Macarena<\/strong>,<strong> P.S. San Bernardo <\/strong>y<strong> P.S. de Los Palacios y Villafranca<\/strong>\u00ab.<\/p>\n<p><img decoding=\"async\" src=\"https:\/\/www.europesays.com\/es\/wp-content\/uploads\/2025\/10\/72c4cea6-8b8c-4aca-ad3c-0326e57aeb71_277x1600.jpeg\" loading=\"lazy\"\/><\/p>\n<p class=\"parrafo\">Asimismo, contin\u00faa la nota, se unen agrupaciones \u00ab<strong>de gran prestigio entre el sevillismo<\/strong>\u00ab, como son <strong>Biris Norte<\/strong>, la <strong>Federaci\u00f3n de Pe\u00f1as Sevillistas San Fernando<\/strong>, <strong>Patrimonio Sevillista<\/strong>, <strong>Sevillismo Unido <\/strong>o la <strong>Asociaci\u00f3n Jos\u00e9 Ram\u00f3n Cisneros Palacios<\/strong>. Y no s\u00f3lo en clave local, pues \u00abfuera de la provincia tambi\u00e9n ha querido unirse a esta iniciativa, tanto en <strong>Espa\u00f1a<\/strong> como en el extranjero; de este modo, las pe\u00f1as sevillistas de <strong>Madrid<\/strong>, <strong>Barcelona<\/strong>, <strong>San<\/strong> <strong>Sebasti\u00e1n<\/strong>, <strong>Valencia<\/strong>, <strong>Zaragoza<\/strong>, <strong>Badajoz<\/strong>, <strong>Ceuta<\/strong>, <strong>Ubrique<\/strong>, <strong>Huelva<\/strong>, <strong>Palos de la Frontera<\/strong>, <strong>Granada<\/strong>, <strong>Almer\u00eda<\/strong>, <strong>Antequera<\/strong>, <strong>Almonte<\/strong>, <strong>Arcos de la Frontera<\/strong>, <strong>Baeza<\/strong>, <strong>Aracena<\/strong>, <strong>Las Palmas de Gran Canaria<\/strong>, <strong>Salamanca<\/strong>, <strong>Elche<\/strong>, <strong>Alicante<\/strong>, <strong>Lleida<\/strong>, <strong>Tarifa<\/strong>, <strong>Jabugo<\/strong>, <strong>Monesterio<\/strong>, <strong>Bonares<\/strong>, <strong>Valladolid<\/strong>, <strong>Priego<\/strong> <strong>de C\u00f3rdob<\/strong><strong>a<\/strong>, <strong>La Carlota<\/strong>, <strong>Londres<\/strong>, <strong>Buenos<\/strong> <strong>Aires<\/strong>, <strong>Nueva<\/strong> <strong>York<\/strong>, <strong>Par\u00eds<\/strong>, <strong>Indonesia<\/strong>, <strong>Escandinavia<\/strong> o <strong>Escocia<\/strong>, han respaldado esta petici\u00f3n\u00bb.<\/p>\n<p class=\"parrafo\">En el terreno institucional, \u00abse han adherido a esta propuesta, adem\u00e1s del propio <strong>Sevilla FC<\/strong>, los cuatro grupos pol\u00edticos municipales de la ciudad (<a href=\"https:\/\/www.estadiodeportivo.com\/sevilla\/2019\/05\/31\/parlamento-blinda-sanchez-pizjuan\/227249.html\" target=\"_blank\" class=\"intext-link\" rel=\"nofollow noopener\">PP, PSOE, IU-Podemos y Vox<\/a>), as\u00ed como la propia <strong>Corporaci\u00f3n<\/strong> <strong>Municipal<\/strong>, que aprob\u00f3 en el pleno, un\u00e1nimemente, una <strong>declaraci\u00f3n institucional<\/strong> en tal sentido\u00bb. <strong>AU-SFC<\/strong> solicita a la <strong>Junta de Andaluc\u00eda <\/strong>\u00abque, tras casi dos a\u00f1os de espera, resuelva el expediente administrativo y apruebe la calificaci\u00f3n del <strong>SFC<\/strong>, como <strong>Bien de Inter\u00e9s Cultural Etnol\u00f3gico<\/strong>\u00ab.<\/p>\n<p><a class=\"elementos-rel-t2\" href=\"https:\/\/www.estadiodeportivo.com\/futbol\/sevilla-fc\/accionistas-unidos-propone-consejo-salvacion-20250516-495210.html\" title=\"Accionistas Unidos propone un consejo de salvaci\u00f3n\" rel=\"nofollow noopener\" target=\"_blank\">Accionistas Unidos propone un consejo de salvaci\u00f3n<img decoding=\"async\" src=\"https:\/\/www.europesays.com\/es\/wp-content\/uploads\/2025\/10\/5cd4a08a-b8bc-4b07-bf24-400d9a3a2efa_320x180.jpeg\" alt=\"Accionistas Unidos propone un consejo de salvaci\u00f3n\"\/><\/a><a class=\"elementos-rel-t2\" href=\"https:\/\/www.estadiodeportivo.com\/futbol\/sevilla-fc\/sevillismo-moviliza-hay-fecha-para-gran-manifestacion-20250616-499873.html\" title=\"El sevillismo se moviliza: ya hay fecha para la gran manifestaci\u00f3n\" rel=\"nofollow noopener\" target=\"_blank\">El sevillismo se moviliza: ya hay fecha para la gran manifestaci\u00f3n<img decoding=\"async\" src=\"https:\/\/www.europesays.com\/es\/wp-content\/uploads\/2025\/10\/5f734a3d-ee53-4033-a955-ede96910f137_320x180.jpeg\" alt=\"El sevillismo se moviliza: ya hay fecha para la gran manifestaci\u00f3n\"\/><\/a><a class=\"elementos-rel-t2\" href=\"https:\/\/www.estadiodeportivo.com\/futbol\/sevilla-fc\/accionistas-unidos-dice-que-sevilla-tiene-informe-legends-expone-sus-puntos-20220805-402869.html\" title=\"Accionistas Unidos dice que el Sevilla FC ya tiene el informe Legends y expone sus puntos\" rel=\"nofollow noopener\" target=\"_blank\">Accionistas Unidos dice que el Sevilla FC ya tiene el informe Legends y expone sus puntos<img decoding=\"async\" src=\"https:\/\/www.europesays.com\/es\/wp-content\/uploads\/2025\/10\/d8221cec-03ed-4466-be85-70516cb88cb7_320x180.jpeg\" alt=\"Accionistas Unidos dice que el Sevilla FC ya tiene el informe Legends y expone sus puntos\"\/><\/a>La mejor manera de proteger el Ram\u00f3n S\u00e1nchez-Pizju\u00e1n: la conversi\u00f3n en BIC<\/p>\n<p class=\"parrafo\">Las <strong>ventajas<\/strong> de que la entidad sea declarada <strong>BIC<\/strong> no s\u00f3lo consiste en <strong>incentivos fiscales<\/strong>, como la exenci\u00f3n del <strong>Impuesto sobre Bienes Inmuebles<\/strong> (<strong>IBI<\/strong>) y la posibilidad de acceder a <strong>ayudas <\/strong>y<strong> subvenciones <\/strong>para su <strong>mantenimiento<\/strong> y <strong>conservaci\u00f3n<\/strong>, incluyendo las del <strong>2%<\/strong> <strong>cultural<\/strong>, sino que se har\u00eda hincapi\u00e9 en la protecci\u00f3n del valor <strong>hist\u00f3rico<\/strong> y <strong>cultural<\/strong> excepcional del inmueble m\u00e1s representativo, en este caso el <strong>Estadio Ram\u00f3n S\u00e1nchez-Pizju\u00e1n<\/strong>. <a href=\"https:\/\/www.estadiodeportivo.com\/futbol\/sevilla-fc\/sevilla-otro-paso-para-protegerse-ante-invasion-extranjera-20250424-491948.html\" target=\"_blank\" class=\"intext-link\" rel=\"nofollow noopener\">La &#8216;Bombonera&#8217; de Nervi\u00f3n no se podr\u00eda vender casi bajo ninguna circunstancia<\/a>, quedando protegida de cualquier iniciativa especuladora en el futuro, como la rumoreada enajenaci\u00f3n para mudarse al <strong>Estadio de La Cartuja<\/strong> y enjugar, as\u00ed, la alta deuda que acumula la sociedad. Incluso, para cualquier remodelaci\u00f3n u obra, como la que implicar\u00eda la construcci\u00f3n del <strong>Nuevo Ram\u00f3n S\u00e1nchez-Pizju\u00e1n<\/strong>, ser\u00edan necesarios gestiones y permisos extras de un ente superior, no valiendo, por ejemplo, su aprobaci\u00f3n, incluso mayoritaria, en una junta de accionistas.<\/p>\n","protected":false},"excerpt":{"rendered":"Accionistas Unidos, la agrupaci\u00f3n de abonados con t\u00edtulos de la sociedad que aglutina algo m\u00e1s del 3% del&hellip;\n","protected":false},"author":2,"featured_media":181939,"comment_status":"","ping_status":"","sticky":false,"template":"","format":"standard","meta":{"footnotes":""},"categories":[268],"tags":[51579,168,25,24,284,280,282,4931,2993,281,23,167],"class_list":{"0":"post-181938","1":"post","2":"type-post","3":"status-publish","4":"format-standard","5":"has-post-thumbnail","7":"category-futbol","8":"tag-accionistas-unidos","9":"tag-deportes","10":"tag-es","11":"tag-espana","12":"tag-estadio-deportivo","13":"tag-football","14":"tag-futbol","15":"tag-junta-de-andalucia","16":"tag-sevilla-futbol-club","17":"tag-soccer","18":"tag-spain","19":"tag-sports"},"share_on_mastodon":{"url":"","error":""},"_links":{"self":[{"href":"https:\/\/www.europesays.com\/es\/wp-json\/wp\/v2\/posts\/181938","targetHints":{"allow":["GET"]}}],"collection":[{"href":"https:\/\/www.europesays.com\/es\/wp-json\/wp\/v2\/posts"}],"about":[{"href":"https:\/\/www.europesays.com\/es\/wp-json\/wp\/v2\/types\/post"}],"author":[{"embeddable":true,"href":"https:\/\/www.europesays.com\/es\/wp-json\/wp\/v2\/users\/2"}],"replies":[{"embeddable":true,"href":"https:\/\/www.europesays.com\/es\/wp-json\/wp\/v2\/comments?post=181938"}],"version-history":[{"count":0,"href":"https:\/\/www.europesays.com\/es\/wp-json\/wp\/v2\/posts\/181938\/revisions"}],"wp:featuredmedia":[{"embeddable":true,"href":"https:\/\/www.europesays.com\/es\/wp-json\/wp\/v2\/media\/181939"}],"wp:attachment":[{"href":"https:\/\/www.europesays.com\/es\/wp-json\/wp\/v2\/media?parent=181938"}],"wp:term":[{"taxonomy":"category","embeddable":true,"href":"https:\/\/www.europesays.com\/es\/wp-json\/wp\/v2\/categories?post=181938"},{"taxonomy":"post_tag","embeddable":true,"href":"https:\/\/www.europesays.com\/es\/wp-json\/wp\/v2\/tags?post=181938"}],"curies":[{"name":"wp","href":"https:\/\/api.w.org\/{rel}","templated":true}]}}