{"id":181960,"date":"2025-10-17T02:59:12","date_gmt":"2025-10-17T02:59:12","guid":{"rendered":"https:\/\/www.europesays.com\/es\/181960\/"},"modified":"2025-10-17T02:59:12","modified_gmt":"2025-10-17T02:59:12","slug":"la-copa-del-rey-de-balonmano-podria-disputarse-finalmente-en-el-centro-de-tecnificacion","status":"publish","type":"post","link":"https:\/\/www.europesays.com\/es\/181960\/","title":{"rendered":"La Copa del Rey de balonmano podr\u00eda disputarse finalmente en el Centro de Tecnificaci\u00f3n"},"content":{"rendered":"<p>Alicante puede ser posible sede de la fase final de la Copa del Rey de balonmano. l. As\u00ed lo ha comunicado este lunes el Ayuntamiento de la ciudad tras alcanzar un acuerdo con la Real Federaci\u00f3n Espa\u00f1ola de Balonmano, la Generalitat Valenciana y la Diputaci\u00f3n Provincial.<\/p>\n<p>Adem\u00e1s del conjunto catal\u00e1n, que participa como defensor del t\u00edtulo, tambi\u00e9n tiene garantizada su presencia el Horneo E\u00f3n Alicante, reci\u00e9n ascendido y anfitri\u00f3n del torneo.<\/p>\n<p>Las otras seis plazas disponibles ser\u00e1n disputadas por un total de 24 equipos: los 16 que integran la Divisi\u00f3n de Honor Plata Masculina y ocho pertenecientes a la Liga Asobal, la m\u00e1xima categor\u00eda.<\/p>\n","protected":false},"excerpt":{"rendered":"Alicante puede ser posible sede de la fase final de la Copa del Rey de balonmano. l. As\u00ed&hellip;\n","protected":false},"author":2,"featured_media":181961,"comment_status":"","ping_status":"","sticky":false,"template":"","format":"standard","meta":{"footnotes":""},"categories":[278],"tags":[376,168,25,24,375,23,167],"class_list":{"0":"post-181960","1":"post","2":"type-post","3":"status-publish","4":"format-standard","5":"has-post-thumbnail","7":"category-balonmano","8":"tag-balonmano","9":"tag-deportes","10":"tag-es","11":"tag-espana","12":"tag-handball","13":"tag-spain","14":"tag-sports"},"share_on_mastodon":{"url":"","error":""},"_links":{"self":[{"href":"https:\/\/www.europesays.com\/es\/wp-json\/wp\/v2\/posts\/181960","targetHints":{"allow":["GET"]}}],"collection":[{"href":"https:\/\/www.europesays.com\/es\/wp-json\/wp\/v2\/posts"}],"about":[{"href":"https:\/\/www.europesays.com\/es\/wp-json\/wp\/v2\/types\/post"}],"author":[{"embeddable":true,"href":"https:\/\/www.europesays.com\/es\/wp-json\/wp\/v2\/users\/2"}],"replies":[{"embeddable":true,"href":"https:\/\/www.europesays.com\/es\/wp-json\/wp\/v2\/comments?post=181960"}],"version-history":[{"count":0,"href":"https:\/\/www.europesays.com\/es\/wp-json\/wp\/v2\/posts\/181960\/revisions"}],"wp:featuredmedia":[{"embeddable":true,"href":"https:\/\/www.europesays.com\/es\/wp-json\/wp\/v2\/media\/181961"}],"wp:attachment":[{"href":"https:\/\/www.europesays.com\/es\/wp-json\/wp\/v2\/media?parent=181960"}],"wp:term":[{"taxonomy":"category","embeddable":true,"href":"https:\/\/www.europesays.com\/es\/wp-json\/wp\/v2\/categories?post=181960"},{"taxonomy":"post_tag","embeddable":true,"href":"https:\/\/www.europesays.com\/es\/wp-json\/wp\/v2\/tags?post=181960"}],"curies":[{"name":"wp","href":"https:\/\/api.w.org\/{rel}","templated":true}]}}