{"id":181962,"date":"2025-10-17T03:01:13","date_gmt":"2025-10-17T03:01:13","guid":{"rendered":"https:\/\/www.europesays.com\/es\/181962\/"},"modified":"2025-10-17T03:01:13","modified_gmt":"2025-10-17T03:01:13","slug":"vaya-bombazo-anderson-silva-vuelve-a-la-jaula-con-la-revancha-contra-chris-weidman","status":"publish","type":"post","link":"https:\/\/www.europesays.com\/es\/181962\/","title":{"rendered":"\u00a1Vaya bombazo! Anderson Silva vuelve a la jaula con la revancha contra Chris Weidman"},"content":{"rendered":"<p data-gtm-element-container=\"modulo-texto-link\" class=\"paragraph\">El jueves ha terminado con un sorpres\u00f3n en el universo de los deportes de combate. Una de sus mayores leyendas, el brasile\u00f1o <strong>Anderson Silva<\/strong>, volver\u00e1 a meterse en la jaula en cuesti\u00f3n de un mes en una pelea de boxeo en la que se enfrentar\u00e1 al hombre que termin\u00f3 de una vez por todas con su hist\u00f3rico reinado en la UFC. Con <strong>50 a\u00f1os<\/strong>, The Spider, buscar\u00e1 la revancha contra <strong>Chris Weidman<\/strong>, el luchador que cort\u00f3 su racha de 2.457 d\u00edas como campe\u00f3n del peso medio de la promotora reina de las MMA mundiales. A los<strong> 41 a\u00f1os<\/strong>, The All-American, pretende mantener intacto su balance contra quien es considerado uno de los m\u00e1s grandes luchadores de la historia de la promotora estadounidense.<\/p>\n<p data-gtm-element-container=\"modulo-texto-link\" class=\"paragraph\"><strong>\u00abEstoy entusiasmado por volver a enfrentarme a Chris.<\/strong> Tenemos nuestra historia, y<strong> vamos a firmar otro cap\u00edtulo juntos, un gran espect\u00e1culo para los aficionados<\/strong>\u00ab, ha comentado Silva en el comunicado del combate, que abrir\u00e1 la cartelera principal de la velada de boxeo encabezada por<strong> Jake Paul y Gervonta Davis <\/strong>el pr\u00f3ximo 14 de noviembre en el Kaseya Center de Miami, Florida.<\/p>\n<p data-gtm-element-container=\"modulo-texto-link\" class=\"paragraph\"><strong>\u00abEstoy imbatido en el boxeo y va a seguir as\u00ed despu\u00e9s del combate, por algo soy el asesino de ara\u00f1as original\u00bb<\/strong>, comenta Weidman, que el a\u00f1o pasado disput\u00f3 dos combates en la UFC y se ha mantenido mucho m\u00e1s activo que su rival estos \u00faltimos cursos.<\/p>\n<p data-gtm-element-container=\"modulo-texto-link\" class=\"paragraph\">Silva, considerado por muchos el mejor peleador de la historia de las MMA,<strong> encaden\u00f3 entre 2006 y 2013 16 victorias consecutivas<\/strong>, la mayor racha de triunfos de la UFC vigente todav\u00eda. El c\u00e9lebre KO que sufri\u00f3 ante su n\u00e9mesis en el <strong>UFC 162<\/strong> disputado en Las Vegas represent\u00f3 el inicio del fin para la gran estrella brasile\u00f1a. Meses despu\u00e9s de aquel primer rev\u00e9s, La Ara\u00f1a sufri\u00f3 un <strong>TKO muy doloroso <\/strong>al romperse la pierna en plena revancha con The All-American. Este mantuvo su corona hasta diciembre de 2015.<\/p>\n<p>    Lee tambi\u00e9n<\/p>\n<p data-gtm-element-container=\"modulo-texto-link\" class=\"paragraph\">Desde que cay\u00f3 ante Weidman, Silva tan solo pudo celebrar otra victoria en la UFC en 2017, y cay\u00f3 hasta en siete ocasiones, adem\u00e1s de un combate nulo contra Nick D\u00edaz or haber dado positivo en un control antidopaje. En sus apariciones profesionales en boxeo, el brasile\u00f1o presenta un balance de tres triunfos y dos derrotas, la \u00faltima contra Jake Paul en 2022. Su rival, en cambio, nunca ha disputado un combate como profesional en la especialidad.<\/p>\n<p data-gtm-element-container=\"modulo-texto-link\" class=\"paragraph\">El pr\u00f3ximo 14 de noviembre, en un combate que retransmitir\u00e1 Netflix, Silva y Weidman cerrar\u00e1n su historia de una vez por todas con su tercer encuentro encima de la lona. La nostalgia ser\u00e1 alta, y faltar\u00e1 por ver cu\u00e1nta calidad quedar\u00e1 en los guantes de ambos. La pelea, por cierto, ser\u00e1 a seis asaltos en el peso pesado.<\/p>\n","protected":false},"excerpt":{"rendered":"El jueves ha terminado con un sorpres\u00f3n en el universo de los deportes de combate. Una de sus&hellip;\n","protected":false},"author":2,"featured_media":181963,"comment_status":"","ping_status":"","sticky":false,"template":"","format":"standard","meta":{"footnotes":""},"categories":[276],"tags":[168,25,24,23,167,343],"class_list":{"0":"post-181962","1":"post","2":"type-post","3":"status-publish","4":"format-standard","5":"has-post-thumbnail","7":"category-ufc","8":"tag-deportes","9":"tag-es","10":"tag-espana","11":"tag-spain","12":"tag-sports","13":"tag-ufc"},"share_on_mastodon":{"url":"","error":""},"_links":{"self":[{"href":"https:\/\/www.europesays.com\/es\/wp-json\/wp\/v2\/posts\/181962","targetHints":{"allow":["GET"]}}],"collection":[{"href":"https:\/\/www.europesays.com\/es\/wp-json\/wp\/v2\/posts"}],"about":[{"href":"https:\/\/www.europesays.com\/es\/wp-json\/wp\/v2\/types\/post"}],"author":[{"embeddable":true,"href":"https:\/\/www.europesays.com\/es\/wp-json\/wp\/v2\/users\/2"}],"replies":[{"embeddable":true,"href":"https:\/\/www.europesays.com\/es\/wp-json\/wp\/v2\/comments?post=181962"}],"version-history":[{"count":0,"href":"https:\/\/www.europesays.com\/es\/wp-json\/wp\/v2\/posts\/181962\/revisions"}],"wp:featuredmedia":[{"embeddable":true,"href":"https:\/\/www.europesays.com\/es\/wp-json\/wp\/v2\/media\/181963"}],"wp:attachment":[{"href":"https:\/\/www.europesays.com\/es\/wp-json\/wp\/v2\/media?parent=181962"}],"wp:term":[{"taxonomy":"category","embeddable":true,"href":"https:\/\/www.europesays.com\/es\/wp-json\/wp\/v2\/categories?post=181962"},{"taxonomy":"post_tag","embeddable":true,"href":"https:\/\/www.europesays.com\/es\/wp-json\/wp\/v2\/tags?post=181962"}],"curies":[{"name":"wp","href":"https:\/\/api.w.org\/{rel}","templated":true}]}}