{"id":181988,"date":"2025-10-17T03:19:08","date_gmt":"2025-10-17T03:19:08","guid":{"rendered":"https:\/\/www.europesays.com\/es\/181988\/"},"modified":"2025-10-17T03:19:08","modified_gmt":"2025-10-17T03:19:08","slug":"trump-dice-que-se-reunira-con-putin-en-budapest-para-discutir-la-guerra-en-ucrania","status":"publish","type":"post","link":"https:\/\/www.europesays.com\/es\/181988\/","title":{"rendered":"Trump dice que se reunir\u00e1 con Putin en Budapest para discutir la guerra en Ucrania"},"content":{"rendered":"<p>      CNN<br \/>\n        \u00a0\u2014\u00a0<\/p>\n<p class=\"paragraph inline-placeholder vossi-paragraph\" data-uri=\"es.cms.cnn.com\/_components\/paragraph\/instances\/cmgtr1qrx000r27qkae0k58jq@published\" data-editable=\"text\" data-component-name=\"paragraph\" data-article-gutter=\"true\">\n            El presidente de Estados Unidos, Donald Trump, afirm\u00f3 este jueves que se reunir\u00e1 con el presidente de Rusia, Vladimir Putin, en Budapest, Hungr\u00eda, para discutir la guerra en Ucrania, tras una llamada telef\u00f3nica que describi\u00f3 como \u201cmuy productiva\u201d.\n    <\/p>\n<p class=\"paragraph inline-placeholder vossi-paragraph\" data-uri=\"es.cms.cnn.com\/_components\/paragraph\/instances\/cmgu67duw0000356nx5e25x2j@published\" data-editable=\"text\" data-component-name=\"paragraph\" data-article-gutter=\"true\">\n            \u201cEl presidente Putin y yo nos reuniremos despu\u00e9s en un lugar acordado, Budapest, Hungr\u00eda, para ver si podemos poner fin a esta guerra \u2018ingloriosa\u2019 entre Rusia y Ucrania. El presidente Zelenskyy y yo nos reuniremos ma\u00f1ana, en la Oficina Oval, donde discutiremos mi conversaci\u00f3n con el presidente Putin y mucho m\u00e1s\u201d, dijo el presidente en Truth Social.\n    <\/p>\n<p class=\"paragraph inline-placeholder vossi-paragraph\" data-uri=\"es.cms.cnn.com\/_components\/paragraph\/instances\/cmgu6idwb0006356ncfdgaqae@published\" data-editable=\"text\" data-component-name=\"paragraph\" data-article-gutter=\"true\">\n            La llamada entre los dos l\u00edderes mundiales dur\u00f3 casi dos horas y media y se realiz\u00f3 a petici\u00f3n de Rusia, seg\u00fan un asesor del Kremlin. Al parecer, cambi\u00f3 r\u00e1pidamente el tono de Trump hacia Rusia, que ha resistido sus esfuerzos por poner fin a la guerra. M\u00e1s tarde, Trump dijo a los periodistas durante un evento en la Oficina Oval que se reunir\u00eda con Putin \u201cen unas dos semanas o algo as\u00ed\u201d.\n    <\/p>\n<p class=\"paragraph inline-placeholder vossi-paragraph\" data-uri=\"es.cms.cnn.com\/_components\/paragraph\/instances\/cmgu6jvra000b356ndn18q8x6@published\" data-editable=\"text\" data-component-name=\"paragraph\" data-article-gutter=\"true\">\n            Tambi\u00e9n se\u00f1al\u00f3 en su publicaci\u00f3n en redes sociales que el secretario de Estado, Marco Rubio, encabezar\u00e1 una delegaci\u00f3n de asesores de alto nivel para reunirse con funcionarios rusos la pr\u00f3xima semana, en un lugar por determinar, y luego proporcion\u00f3 detalles adicionales a la prensa m\u00e1s tarde por la tarde.\n    <\/p>\n<p class=\"paragraph inline-placeholder vossi-paragraph\" data-uri=\"es.cms.cnn.com\/_components\/paragraph\/instances\/cmgu6l24y000f356naln2a7i5@published\" data-editable=\"text\" data-component-name=\"paragraph\" data-article-gutter=\"true\">\n            \u201cMarco Rubio va a reunirse con su hom\u00f3logo, como saben, (el ministro de Asuntos Exteriores de Rusia, Sergu\u00e9i) Lavrov, y se reunir\u00e1n muy pronto. Van a fijar una hora y un lugar, muy pronto; tal vez ya est\u00e9 todo planeado. Ya han hablado\u201d, dijo Trump.\n    <\/p>\n<p class=\"paragraph inline-placeholder vossi-paragraph\" data-uri=\"es.cms.cnn.com\/_components\/paragraph\/instances\/cmgu6m9lx000i356ngrmgagoa@published\" data-editable=\"text\" data-component-name=\"paragraph\" data-article-gutter=\"true\">\n            Putin apoy\u00f3 de inmediato la idea de Trump de una cumbre planificada en Budapest para discutir el fin de la guerra de Ucrania, dijo el asesor del Kremlin Yury Ushakov, calificando la llamada entre los dos l\u00edderes como \u201caltamente informativa y extremadamente franca\u201d.\n    <\/p>\n<p class=\"paragraph inline-placeholder vossi-paragraph\" data-uri=\"es.cms.cnn.com\/_components\/paragraph\/instances\/cmgu6nk38000o356ntdap843u@published\" data-editable=\"text\" data-component-name=\"paragraph\" data-article-gutter=\"true\">\n            Estos planes surgen m\u00e1s de dos meses despu\u00e9s de la \u00faltima cumbre presencial entre Trump y Putin, que tuvo lugar en Anchorage, Alaska. Budapest fue considerada como sede para ese encuentro antes de que se optara por Alaska, seg\u00fan fuentes familiarizadas con el asunto. El primer ministro de Hungr\u00eda, Viktor Orban, ha mantenido una relaci\u00f3n cercana tanto con Putin como con Trump.\n    <\/p>\n<p class=\"paragraph inline-placeholder vossi-paragraph\" data-uri=\"es.cms.cnn.com\/_components\/paragraph\/instances\/cmgtwnkxg000g356niahbjg3d@published\" data-editable=\"text\" data-component-name=\"paragraph\" data-article-gutter=\"true\">\n            Orb\u00e1n anunci\u00f3 el jueves por la tarde, tras una llamada con Trump, que \u201clos preparativos para la cumbre de paz entre Estados Unidos y Rusia est\u00e1n en marcha\u201d. \u201c\u00a1Hungr\u00eda es la isla de la PAZ!\u201d, public\u00f3 en X.\n    <\/p>\n<p class=\"paragraph inline-placeholder vossi-paragraph\" data-uri=\"es.cms.cnn.com\/_components\/paragraph\/instances\/cmgtwnjrc000d356nrm4l9eqq@published\" data-editable=\"text\" data-component-name=\"paragraph\" data-article-gutter=\"true\">\n            Trump dijo en su publicaci\u00f3n en redes sociales que cree que \u201cse lograron grandes avances con la conversaci\u00f3n telef\u00f3nica de hoy\u201d con Putin y mencion\u00f3 varios temas tratados.\n    <\/p>\n<p class=\"paragraph inline-placeholder vossi-paragraph\" data-uri=\"es.cms.cnn.com\/_components\/paragraph\/instances\/cmgtwww21001b356n3a8tapkq@published\" data-editable=\"text\" data-component-name=\"paragraph\" data-article-gutter=\"true\">\n            \u201cEl presidente Putin me felicit\u00f3 a m\u00ed y a Estados Unidos por el gran logro de la paz en Medio Oriente, algo que, dijo, se ha so\u00f1ado durante siglos. De hecho, creo que el \u00e9xito en Medio Oriente ayudar\u00e1 en nuestra negociaci\u00f3n para lograr el fin de la guerra con Rusia\/Ucrania\u201d, escribi\u00f3 el presidente en su publicaci\u00f3n en redes sociales. \u201cTambi\u00e9n pasamos mucho tiempo hablando sobre el comercio entre Rusia y Estados Unidos cuando termine la guerra con Ucrania\u201d.\n    <\/p>\n<p class=\"paragraph inline-placeholder vossi-paragraph\" data-uri=\"es.cms.cnn.com\/_components\/paragraph\/instances\/cmgtwwqhl0019356n83sa8g6w@published\" data-editable=\"text\" data-component-name=\"paragraph\" data-article-gutter=\"true\">\n            Trump asegur\u00f3 que Putin agradeci\u00f3 a la primera dama, Melania Trump, durante la llamada, por su labor en favor de los ni\u00f1os. \u201c\u00c9l estaba muy agradecido y dijo que esto continuar\u00e1\u201d, a\u00f1adi\u00f3.\n    <\/p>\n<p class=\"paragraph inline-placeholder vossi-paragraph\" data-uri=\"es.cms.cnn.com\/_components\/paragraph\/instances\/cmgtwyzs6001g356n5cile5nq@published\" data-editable=\"text\" data-component-name=\"paragraph\" data-article-gutter=\"true\">\n            La primera dama anunci\u00f3 la semana pasada que Rusia hab\u00eda permitido que ocho ni\u00f1os ucranianos se reunieran con sus padres, tras meses de conversaciones privadas entre funcionarios rusos y la oficina de la primera dama centradas en los ni\u00f1os separados de sus familias durante la guerra.\n    <\/p>\n<p class=\"paragraph inline-placeholder vossi-paragraph\" data-uri=\"es.cms.cnn.com\/_components\/paragraph\/instances\/cmgtwyzs6001h356nwrn9pvas@published\" data-editable=\"text\" data-component-name=\"paragraph\" data-article-gutter=\"true\">\n            Consultada por periodistas tras la llamada, la secretaria de prensa de la Casa Blanca, Karoline Leavitt, declar\u00f3 que el Gobierno proporcionar\u00eda \u201cm\u00e1s detalles tan pronto como podamos\u201d.\n    <\/p>\n<p class=\"paragraph inline-placeholder vossi-paragraph\" data-uri=\"es.cms.cnn.com\/_components\/paragraph\/instances\/cmgu6rjjx000z356n7ccukqfr@published\" data-editable=\"text\" data-component-name=\"paragraph\" data-article-gutter=\"true\">\n            \u201cAcabo de hablar con el presidente y el secretario de Estado y el vicepresidente, y fue una llamada muy buena y productiva. Dur\u00f3 m\u00e1s de dos horas\u201d, dijo.\n    <\/p>\n<p class=\"paragraph inline-placeholder vossi-paragraph\" data-uri=\"es.cms.cnn.com\/_components\/paragraph\/instances\/cmgu6t7530016356n202w1dm6@published\" data-editable=\"text\" data-component-name=\"paragraph\" data-article-gutter=\"true\">\n            Trump ha mostrado frustraci\u00f3n en las \u00faltimas semanas debido a que Putin ha continuado la guerra en Ucrania. Pero Trump ha mostrado poca disposici\u00f3n a impulsar medidas lideradas por EE.UU. que castiguen al Kremlin. Durante el evento en la Oficina Oval, se le pregunt\u00f3 a Trump sobre los planes del l\u00edder de la mayor\u00eda del Senado, John Thune, para que la c\u00e1mara pronto aborde una legislaci\u00f3n de sanciones destinada a castigar a Rusia por su guerra contra Ucrania. Sugiri\u00f3 que \u201cpuede que no sea el momento perfecto\u201d para aprobar la medida bipartidista, que ha estado detenida durante meses mientras los l\u00edderes del Congreso han cedido al deseo del presidente de posponer las sanciones y buscar la diplomacia.\n    <\/p>\n<p class=\"paragraph inline-placeholder vossi-paragraph\" data-uri=\"es.cms.cnn.com\/_components\/paragraph\/instances\/cmgu6uel7001e356n3ifby7xb@published\" data-editable=\"text\" data-component-name=\"paragraph\" data-article-gutter=\"true\">\n            \u201cEsta puede ser una llamada tan productiva que vamos a terminar; queremos lograr la paz. Queremos detener la matanza\u201d, dijo Trump. \u201cAs\u00ed que voy a hablar con \u00e9l y con el presidente de la C\u00e1mara, Mike Johnson. Hablar\u00e9 con ellos un poco m\u00e1s tarde, y les contar\u00e9 sobre esto, y tomaremos la decisi\u00f3n correcta. No estoy en contra de nada. Solo digo que puede que no sea el momento perfecto\u201d.\n    <\/p>\n<p class=\"paragraph inline-placeholder vossi-paragraph\" data-uri=\"es.cms.cnn.com\/_components\/paragraph\/instances\/cmgtx3dyh001y356nc7jmiziu@published\" data-editable=\"text\" data-component-name=\"paragraph\" data-article-gutter=\"true\">\n            La llamada entre Trump y Putin se produce antes de una reuni\u00f3n entre el l\u00edder estadounidense y el presidente de Ucrania, Volodymyr Zelensky, el viernes.\n    <\/p>\n<p class=\"paragraph inline-placeholder vossi-paragraph\" data-uri=\"es.cms.cnn.com\/_components\/paragraph\/instances\/cmgtx2cv5001p356nw3re4qhv@published\" data-editable=\"text\" data-component-name=\"paragraph\" data-article-gutter=\"true\">\n            CNN inform\u00f3 anteriormente que Zelensky dijo a un grupo de periodistas en Kyiv que los temas principales de su conversaci\u00f3n con el presidente en la Casa Blanca incluir\u00e1n \u201cla defensa a\u00e9rea y nuestras posibilidades con misiles de largo alcance para ejercer presi\u00f3n sobre Rusia\u201d.\n    <\/p>\n<p class=\"paragraph inline-placeholder vossi-paragraph\" data-uri=\"es.cms.cnn.com\/_components\/paragraph\/instances\/cmgtx7uwe0025356n5caegpzh@published\" data-editable=\"text\" data-component-name=\"paragraph\" data-article-gutter=\"true\">\n            Trump ha planteado recientemente la posibilidad de dar a Ucrania misiles de crucero Tomahawk a menos que Rusia cambie dr\u00e1sticamente su postura negociadora, una sugerencia que Zelensky se\u00f1al\u00f3 al anunciar su llegada a Washington el jueves.\n    <\/p>\n<p class=\"paragraph inline-placeholder vossi-paragraph\" data-uri=\"es.cms.cnn.com\/_components\/paragraph\/instances\/cmgtx7uwe0026356nw5706wu2@published\" data-editable=\"text\" data-component-name=\"paragraph\" data-article-gutter=\"true\">\n            \u201cMa\u00f1ana est\u00e1 programada una reuni\u00f3n con el presidente Trump, y esperamos que el impulso de frenar el terrorismo y la guerra que tuvo \u00e9xito en Medio Oriente ayude a poner fin a la guerra de Rusia contra Ucrania\u201d, dijo Zelensky en X. \u201cEl lenguaje de la fuerza y la justicia inevitablemente funcionar\u00e1 tambi\u00e9n contra Rusia. Ya podemos ver que Mosc\u00fa se apresura a reanudar el di\u00e1logo tan pronto como oye hablar de los Tomahawks\u201d.\n    <\/p>\n<p class=\"paragraph inline-placeholder vossi-paragraph\" data-uri=\"es.cms.cnn.com\/_components\/paragraph\/instances\/cmgtx7uwe0027356nci6rvhys@published\" data-editable=\"text\" data-component-name=\"paragraph\" data-article-gutter=\"true\">\n            El Kremlin dijo que Trump le hab\u00eda dicho a Putin que \u201ctendr\u00eda en cuenta\u201d las preocupaciones de Mosc\u00fa sobre el suministro de Tomahawk estadounidenses a Ucrania.\n    <\/p>\n<p class=\"paragraph inline-placeholder vossi-paragraph\" data-uri=\"es.cms.cnn.com\/_components\/paragraph\/instances\/cmgtx7uwe0028356n5c9joqwv@published\" data-editable=\"text\" data-component-name=\"paragraph\" data-article-gutter=\"true\">\n            En la llamada del jueves, Putin repiti\u00f3 su punto de vista de larga data de que \u201clos Tomahawks no cambiar\u00edan la situaci\u00f3n en el campo de batalla, pero que todo esto causar\u00eda un da\u00f1o significativo a las relaciones entre nuestros pa\u00edses, sin mencionar las perspectivas de una resoluci\u00f3n pac\u00edfica\u201d, dijo Ushakov durante una sesi\u00f3n informativa del Kremlin.\n    <\/p>\n<p class=\"paragraph inline-placeholder vossi-paragraph\" data-uri=\"es.cms.cnn.com\/_components\/paragraph\/instances\/cmgtx7uwe0029356nlzz5yd2m@published\" data-editable=\"text\" data-component-name=\"paragraph\" data-article-gutter=\"true\">\n            Ushakov agreg\u00f3 que Trump \u201ctambi\u00e9n dijo que durante su contacto con Zelensky, por supuesto, tendr\u00eda en cuenta las consideraciones expresadas por el presidente de Rusia durante la conversaci\u00f3n telef\u00f3nica de hoy\u201d.\n    <\/p>\n<p class=\"paragraph inline-placeholder vossi-paragraph\" data-uri=\"es.cms.cnn.com\/_components\/paragraph\/instances\/cmgu6udwq001c356n64kpkndf@published\" data-editable=\"text\" data-component-name=\"paragraph\" data-article-gutter=\"true\">\n            El presidente luego confirm\u00f3 en la Oficina Oval que los dos l\u00edderes \u201chablaron sobre\u201d los misiles Tomahawk \u201cun poco\u201d.\n    <\/p>\n<p class=\"paragraph inline-placeholder vossi-paragraph\" data-uri=\"es.cms.cnn.com\/_components\/paragraph\/instances\/cmgu71hfg001k356n87n9syzj@published\" data-editable=\"text\" data-component-name=\"paragraph\" data-article-gutter=\"true\">\n            \u201cS\u00ed, hablamos un poco de eso. No dije mucho, pero les digo, saben, nosotros tambi\u00e9n necesitamos Tomahawks para los Estados Unidos de Am\u00e9rica\u201d, dijo Trump.\n    <\/p>\n<p class=\"paragraph inline-placeholder vossi-paragraph\" data-uri=\"es.cms.cnn.com\/_components\/paragraph\/instances\/cmgtx7uwe002b356nidfbmphk@published\" data-editable=\"text\" data-component-name=\"paragraph\" data-article-gutter=\"true\">\n            Esta historia fue actualizada con detalles adicionales.\n    <\/p>\n","protected":false},"excerpt":{"rendered":"CNN \u00a0\u2014\u00a0 El presidente de Estados Unidos, Donald Trump, afirm\u00f3 este jueves que se reunir\u00e1 con el presidente&hellip;\n","protected":false},"author":2,"featured_media":181989,"comment_status":"","ping_status":"","sticky":false,"template":"","format":"standard","meta":{"footnotes":""},"categories":[42],"tags":[17,18,352,13,14,11,61,62,63,64,19,20,9,10,15,16,1614,12,7081,21,22,7083,65,66,67],"class_list":{"0":"post-181988","1":"post","2":"type-post","3":"status-publish","4":"format-standard","5":"has-post-thumbnail","7":"category-internacional","8":"tag-breaking-news","9":"tag-breakingnews","10":"tag-donald-trump","11":"tag-featured-news","12":"tag-featurednews","13":"tag-headlines","14":"tag-internacional","15":"tag-international","16":"tag-international-news","17":"tag-internationalnews","18":"tag-latest-news","19":"tag-latestnews","20":"tag-news","21":"tag-noticias","22":"tag-noticias-destacadas","23":"tag-noticiasdestacadas","24":"tag-rusia","25":"tag-titulares","26":"tag-ucrania","27":"tag-ultimas-noticias","28":"tag-ultimasnoticias","29":"tag-vladimir-putin","30":"tag-world","31":"tag-world-news","32":"tag-worldnews"},"share_on_mastodon":{"url":"","error":""},"_links":{"self":[{"href":"https:\/\/www.europesays.com\/es\/wp-json\/wp\/v2\/posts\/181988","targetHints":{"allow":["GET"]}}],"collection":[{"href":"https:\/\/www.europesays.com\/es\/wp-json\/wp\/v2\/posts"}],"about":[{"href":"https:\/\/www.europesays.com\/es\/wp-json\/wp\/v2\/types\/post"}],"author":[{"embeddable":true,"href":"https:\/\/www.europesays.com\/es\/wp-json\/wp\/v2\/users\/2"}],"replies":[{"embeddable":true,"href":"https:\/\/www.europesays.com\/es\/wp-json\/wp\/v2\/comments?post=181988"}],"version-history":[{"count":0,"href":"https:\/\/www.europesays.com\/es\/wp-json\/wp\/v2\/posts\/181988\/revisions"}],"wp:featuredmedia":[{"embeddable":true,"href":"https:\/\/www.europesays.com\/es\/wp-json\/wp\/v2\/media\/181989"}],"wp:attachment":[{"href":"https:\/\/www.europesays.com\/es\/wp-json\/wp\/v2\/media?parent=181988"}],"wp:term":[{"taxonomy":"category","embeddable":true,"href":"https:\/\/www.europesays.com\/es\/wp-json\/wp\/v2\/categories?post=181988"},{"taxonomy":"post_tag","embeddable":true,"href":"https:\/\/www.europesays.com\/es\/wp-json\/wp\/v2\/tags?post=181988"}],"curies":[{"name":"wp","href":"https:\/\/api.w.org\/{rel}","templated":true}]}}