{"id":182024,"date":"2025-10-17T03:43:09","date_gmt":"2025-10-17T03:43:09","guid":{"rendered":"https:\/\/www.europesays.com\/es\/182024\/"},"modified":"2025-10-17T03:43:09","modified_gmt":"2025-10-17T03:43:09","slug":"la-guardia-civil-ha-actuado-como-las-ss","status":"publish","type":"post","link":"https:\/\/www.europesays.com\/es\/182024\/","title":{"rendered":"\u00abLa Guardia Civil ha actuado como las SS\u00bb"},"content":{"rendered":"<p>El \u00faltimo fichaje de <a href=\"https:\/\/theobjective.com\/etiqueta\/jose-luis-abalos\/\" rel=\"nofollow noopener\" target=\"_blank\">Jos\u00e9 Luis \u00c1balos<\/a> aterriza con pol\u00e9mica. El fiscal Carlos Bautista, <a href=\"https:\/\/theobjective.com\/espana\/tribunales\/2025-10-16\/abalos-abogado-exfiscal-carlos-bautista\/\" rel=\"nofollow noopener\" target=\"_blank\">nuevo abogado del exministro<\/a>, fue sancionado en 2014 por escribir tuits ofensivos en <a href=\"https:\/\/theobjective.com\/etiqueta\/twitter\/\" rel=\"nofollow noopener\" target=\"_blank\">una cuenta en la red social X<\/a> en que la <strong>interactuaba con una identidad ficticia<\/strong>. Desde el perfil @cespiralidoso arremet\u00eda contra compa\u00f1eros del Ministerio P\u00fablico, jueces, miembros del Gobierno y otras autoridades. Durante los incidentes entre inmigrantes y las fuerzas y cuerpos de seguridad del Estado que se produjeron en Ceuta, el 21 de febrero de ese a\u00f1o escribi\u00f3: \u00ab<strong>Lamentablemente, la Guardia Civil ha actuado como las SS (unidad paramilitar nazi)\u00bb<\/strong>.<\/p>\n<p>El entonces fiscal general del Estado Eduardo Torres-Dulce <strong>sancion\u00f3 en agosto de 2014 con una multa de 400 euros a Bautista<\/strong> al considerar como una infracci\u00f3n grave los tuits que escribi\u00f3 con una identidad falsa. El r\u00e9gimen disciplinario del Ministerio P\u00fablico prev\u00e9 para este tipo de faltas penalizaciones que oscilan entre los 300 y los 3.000 euros, por lo que la sanci\u00f3n impuesta estuvo en la franja inferior. <strong>El nuevo abogado de \u00c1balos se disculp\u00f3 p\u00fablicamente por los comentarios y asumi\u00f3 su error<\/strong>.<\/p>\n<p>Bautista, exfiscal de la Audiencia Nacional, utiliz\u00f3 el perfil apenas un mes, entre el 4 de febrero y el 10 de marzo de 2014, para descalificar a superiores y compa\u00f1eros. Como desvel\u00f3 ABC, una persona an\u00f3nima comunic\u00f3 lo sucedido al entonces <a href=\"https:\/\/theobjective.com\/etiqueta\/javier-zaragoza\/\" rel=\"nofollow noopener\" target=\"_blank\">fiscal jefe de la Audiencia Nacional Javier Zaragoza<\/a>. Su superior recibi\u00f3 <strong>un correo electr\u00f3nico con pantallazos de unos 400 tuits<\/strong> en el que se informaba que detr\u00e1s de ese perfil se encontraba el nuevo abogado de \u00c1balos, que ha sido fiscal de causas tan relevantes como el atentado del 11-M o el <a href=\"https:\/\/theobjective.com\/espana\/politica\/2025-09-29\/zapatero-faisan-eta-marlaska\/\" rel=\"nofollow noopener\" target=\"_blank\">caso Fais\u00e1n<\/a>, una red de extorsi\u00f3n de ETA con base en un bar de ese nombre ubicado en Ir\u00fan (Guip\u00fazcoa).<\/p>\n<p>\u00c1balos rompe con su abogado<\/p>\n<p>Zaragoza llam\u00f3 a consultas a Bautista, que reconoci\u00f3 que hab\u00eda creado el perfil de X y le dio de baja. Los mensajes crearon un hondo malestar en los funcionarios de la <a href=\"https:\/\/www.poderjudicial.es\/cgpj\/es\/Poder-Judicial\/Audiencia-Nacional\/\" rel=\"nofollow noopener\" target=\"_blank\">Audiencia Nacional<\/a>. El nuevo abogado de \u00c1balos embisti\u00f3 contra el jefe del Ministerio P\u00fablico por cuestiones procedimentales. El 17 de febrero de 2014, d\u00edas despu\u00e9s de que se ahogaran 15 subsaharianos en Ceuta, escribi\u00f3 que <strong>\u00abFiscal\u00eda ya tiene el v\u00eddeo. Lo recibir\u00e1 editado. Aunque no sea as\u00ed, no pasa nada. Torres-Dulce tiene el t\u00edtulo de director de cine\u00bb<\/strong>.<\/p>\n<p>Las burlas alcanzaron a otros compa\u00f1eros. \u00ab<strong>El fiscal (Pedro) Horrach ha pedido un receso. Tiene que llamar a Zarzuela<\/strong>. Ah\u00ed est\u00e1 Torres-Dulce desde las 9.00. Ha despertado al Rey\u00bb, escribi\u00f3 Bautista el 8 de febrero, durante la declaraci\u00f3n de <a href=\"https:\/\/theobjective.com\/etiqueta\/infanta-cristina\/\" rel=\"nofollow noopener\" target=\"_blank\">la infanta Cristina<\/a> ante el juez Jos\u00e9 Castro por el <a href=\"https:\/\/theobjective.com\/etiqueta\/caso-noos\/\" rel=\"nofollow noopener\" target=\"_blank\">caso N\u00f3os<\/a>. El nuevo abogado insisti\u00f3 ese mismo d\u00eda: \u00abEl fiscal Horrach niega que est\u00e9 filtrando la declaraci\u00f3n de la infanta a (la revista) Mongolia. Que bastante tiene cont\u00e1ndosela al Rey. Lleva micro en la oreja\u00bb.<\/p>\n<p>Los jueces de la <a href=\"https:\/\/www.poderjudicial.es\/cgpj\/es\/Poder-Judicial\/Audiencia-Nacional\/\" target=\"_blank\" rel=\"noreferrer noopener nofollow\">Audiencia Nacional<\/a> tampoco se libraron de las mofas del nuevo abogado de \u00c1balos. Bautista escribi\u00f3 el 19 de febrero sobre el magistrado encargado de investigar las participaciones preferentes que \u00abhace 16 d\u00edas que el juez (Fernando) Andreu no incorpora los correos de (Miguel) Blesa a la causa de las preferentes. Esta muy cansado de ir de vinos\u00bb. D\u00edas m\u00e1s tarde lo tild\u00f3 de vago. Tambi\u00e9n carg\u00f3 contra el magistrado Alfonso Guevara por haber recibido al embajador de Kazajst\u00e1n cuando se tramitaba una petici\u00f3n de extradici\u00f3n que afectaba a dicho pa\u00eds: <strong>\u00abBajo su aureola de imparcialidad, hay un hombre con ambiciones y debilidad\u00bb<\/strong>.<\/p>\n<p><strong>El Gobierno, entonces del PP, tampoco se libr\u00f3 de los tuits de Bautista<\/strong>. El 21 de febrero de 2014 arremeti\u00f3 contra el entonces ministro del Interior, <a href=\"https:\/\/theobjective.com\/etiqueta\/jorge-fernandez-diaz\/\" rel=\"nofollow noopener\" target=\"_blank\">Jorge Fern\u00e1ndez D\u00edaz<\/a>, al que tild\u00f3 de inculto: <strong>\u00abDesconf\u00eda de las personas de un solo libro\u2026 Fdez D\u00edaz y La Biblia\u00bb<\/strong>. Tambi\u00e9n llam\u00f3 \u00abdescerebrados a los simpatizantes populares y se\u00f1al\u00f3 al Ejecutivo de <a href=\"https:\/\/theobjective.com\/etiqueta\/mariano-rajoy\/\" rel=\"nofollow noopener\" target=\"_blank\">Mariano Rajoy<\/a> el 18 de febrero por promocionar a m\u00e1s hombres que mujeres. D\u00edas antes tambi\u00e9n hab\u00eda tenido palabras contra Esperanza Aguirre, de la que asegur\u00f3 que le sal\u00eda <strong>\u00abla veta autoritaria inserta en el macizo inextinguible de la raza\u00bb<\/strong>.<\/p>\n<p>Experto en Derecho Penal Econ\u00f3mico<\/p>\n<p>La contrataci\u00f3n de Bautista por \u00c1balos ha saltado a la palestra este jueves, un d\u00eda despu\u00e9s de que el exministro estuviese citado a declarar en el Tribunal Supremo por el presunto cobro de mordidas a cambio del supuesto ama\u00f1o de obras p\u00fablicas. El actual diputado del Grupo Mixto descart\u00f3 declarar al sentirse <strong>\u00abindefenso\u00bb<\/strong> tras <a href=\"https:\/\/theobjective.com\/espana\/tribunales\/2025-10-13\/abalos-rompe-abogado-discusion-acta\/\" rel=\"nofollow noopener\" target=\"_blank\">haber despedido dos d\u00edas antes a su letrado hasta ese momento<\/a>, Jos\u00e9 An\u00edbal \u00c1lvarez, por <strong>\u00abdiferencias irreconciliables\u00bb<\/strong>. El juez que instruye el <a href=\"https:\/\/theobjective.com\/etiqueta\/caso-koldo-delorme\/\" rel=\"nofollow noopener\" target=\"_blank\">caso Koldo<\/a>, Leopoldo Puente, consider\u00f3 que se trataba de un <a href=\"https:\/\/theobjective.com\/espana\/tribunales\/2025-10-14\/juez-declaracion-abalos-fraude-ley\/\" rel=\"nofollow noopener\" target=\"_blank\">\u00abfraude de ley\u00bb<\/a> y le dio un plazo de tres d\u00edas para designar a un nuevo abogado tras las comparencias previstas.<\/p>\n<p>Bautista es experto en Derecho Penal Econ\u00f3mico y es socio de <a href=\"https:\/\/chabaneixabogados.es\/?gad_source=1&amp;gad_campaignid=20791539967&amp;gbraid=0AAAAADqQ6AnTJPwFra6oo2vmJ8HM7DagR&amp;gclid=CjwKCAjwr8LHBhBKEiwAy47uUm7UnpkG9ghvuS7TdLyVgaW36lGxTwY10t9VNPoGQG9fWBoPsA4T6BoCcEIQAvD_BwE\" target=\"_blank\" rel=\"noreferrer noopener nofollow\">Chabaneix Abogados<\/a>. El despacho ha subrayado que el nuevo abogado de \u00c1balos \u00abintervino en procedimientos de especial relevancia en materia de cooperaci\u00f3n judicial, delincuencia econ\u00f3mica y extradiciones, aportando una s\u00f3lida experiencia t\u00e9cnica en la gesti\u00f3n de causas complejas\u00bb. El letrado cuenta con amplia experiencia en Derecho Penitenciario y <strong>ejerci\u00f3 durante 32 a\u00f1os como fiscal, dos d\u00e9cadas en la Audiencia Nacional<\/strong>.<\/p>\n","protected":false},"excerpt":{"rendered":"El \u00faltimo fichaje de Jos\u00e9 Luis \u00c1balos aterriza con pol\u00e9mica. El fiscal Carlos Bautista, nuevo abogado del exministro,&hellip;\n","protected":false},"author":2,"featured_media":182025,"comment_status":"","ping_status":"","sticky":false,"template":"","format":"standard","meta":{"footnotes":""},"categories":[8],"tags":[12242,6543,17,18,25,24,13,14,1160,11,29322,19,20,9,10,15,16,23,12,4874,21,22],"class_list":{"0":"post-182024","1":"post","2":"type-post","3":"status-publish","4":"format-standard","5":"has-post-thumbnail","7":"category-espana","8":"tag-abogados","9":"tag-audiencia-nacional","10":"tag-breaking-news","11":"tag-breakingnews","12":"tag-es","13":"tag-espana","14":"tag-featured-news","15":"tag-featurednews","16":"tag-guardia-civil","17":"tag-headlines","18":"tag-josu00e9-luis-u00c1balos","19":"tag-latest-news","20":"tag-latestnews","21":"tag-news","22":"tag-noticias","23":"tag-noticias-destacadas","24":"tag-noticiasdestacadas","25":"tag-spain","26":"tag-titulares","27":"tag-tribunal-supremo","28":"tag-ultimas-noticias","29":"tag-ultimasnoticias"},"share_on_mastodon":{"url":"","error":""},"_links":{"self":[{"href":"https:\/\/www.europesays.com\/es\/wp-json\/wp\/v2\/posts\/182024","targetHints":{"allow":["GET"]}}],"collection":[{"href":"https:\/\/www.europesays.com\/es\/wp-json\/wp\/v2\/posts"}],"about":[{"href":"https:\/\/www.europesays.com\/es\/wp-json\/wp\/v2\/types\/post"}],"author":[{"embeddable":true,"href":"https:\/\/www.europesays.com\/es\/wp-json\/wp\/v2\/users\/2"}],"replies":[{"embeddable":true,"href":"https:\/\/www.europesays.com\/es\/wp-json\/wp\/v2\/comments?post=182024"}],"version-history":[{"count":0,"href":"https:\/\/www.europesays.com\/es\/wp-json\/wp\/v2\/posts\/182024\/revisions"}],"wp:featuredmedia":[{"embeddable":true,"href":"https:\/\/www.europesays.com\/es\/wp-json\/wp\/v2\/media\/182025"}],"wp:attachment":[{"href":"https:\/\/www.europesays.com\/es\/wp-json\/wp\/v2\/media?parent=182024"}],"wp:term":[{"taxonomy":"category","embeddable":true,"href":"https:\/\/www.europesays.com\/es\/wp-json\/wp\/v2\/categories?post=182024"},{"taxonomy":"post_tag","embeddable":true,"href":"https:\/\/www.europesays.com\/es\/wp-json\/wp\/v2\/tags?post=182024"}],"curies":[{"name":"wp","href":"https:\/\/api.w.org\/{rel}","templated":true}]}}