{"id":182026,"date":"2025-10-17T03:45:15","date_gmt":"2025-10-17T03:45:15","guid":{"rendered":"https:\/\/www.europesays.com\/es\/182026\/"},"modified":"2025-10-17T03:45:15","modified_gmt":"2025-10-17T03:45:15","slug":"bm-caserio-con-confianza-pero-sin-relajaciones","status":"publish","type":"post","link":"https:\/\/www.europesays.com\/es\/182026\/","title":{"rendered":"BM Caser\u00edo con confianza pero sin relajaciones"},"content":{"rendered":"<p>Encarar una nueva jornada de liga desde la tranquilidad de comparecer con una victoria el \u00faltimo fin de semana, es para el\u00a0<a href=\"https:\/\/www.instagram.com\/balonmano_caserio\/\" target=\"_blank\" rel=\"noreferrer noopener nofollow\">Balonmano Caser\u00edo\u00a0<\/a>un arma de doble filo. De ah\u00ed, que esta semana se haya insistido mucho en el vestuario en la necesidad de trabajar con la misma intensidad que siempre, sin mirar la clasificaci\u00f3n, sabiendo que cada jornada tocar\u00e1 picar piedra para celebrar dos puntos. <\/p>\n<p>El entrenador del <a target=\"_blank\" rel=\"noopener noreferrer nofollow\" href=\"https:\/\/www.lanzadigital.com\/equipo\/caserio\/\">BM Caser\u00edo<\/a>, Santi Urdiales ha subrayado esta necesidad. \u00abHaber ganado el \u00faltimo partido puede ser incluso peligroso porque puede haber una tranquilidad excesiva. Tenemos que ser conscientes de la <strong>m\u00e1xima igualdad en la categor\u00eda<\/strong> y de la importancia de sumar todo lo posible\u00bb. <\/p>\n<p>En estas c\u00e1balas de n\u00fameros, entiende Urdiales que \u00abs\u00f3lo con los puntos de casa va a ser muy dif\u00edcil luchar por salvarnos, as\u00ed que <strong>tenemos que empezar tambi\u00e9n a sumar fuera<\/strong> si queremos que el final de temporada sea tranquilo\u00bb. <\/p>\n<p>El partido de Huesca, ha explicado, \u00abes un reto para nosotros. Hemos tenido dos salidas realmente dif\u00edciles, tanto a Ir\u00fan como a Le\u00f3n y ha sido dif\u00edcil calibrar el nivel que podemos dar contra dos equipos que van a estar seguramente arriba. Ahora vamos a una pista tambi\u00e9n complicada, para medirnos a un equipo duro, con muchos kilos, con muchos cent\u00edmetros e intentaremos demostrar que queremos competir tambi\u00e9n fuera de casa\u00bb. <\/p>\n<p>Bada Huesca, ha destacado, \u00abes un equipo s\u00faper contrastado, con un gran entrenador, con grand\u00edsimos jugadores y a eso nos medimos este fin de semana\u00bb. <\/p>\n<p>Por eso, y por las alturas de temporada, el entrenador del BM Caser\u00edo ha querido quitarle importancia a la situaci\u00f3n clasificatoria del rival. \u00abTodos los equipos que estamos implicados en esa lucha por la permanencia, tenemos que encarar los partidos a vida o muerte, en cuatro puntos hay, no s\u00e9 si son diez equipos, una victoria te hace ganar plazas y una derrota perderlas\u00bb. As\u00ed pues, ha afirmado, \u00abque vayan \u00faltimos yo creo que es meramente circunstancial y depende tambi\u00e9n de los calendarios que hemos tenido unos y otros\u00bb. <\/p>\n<p>Una versi\u00f3n m\u00e1s coral como equipo <\/p>\n<p>El \u00faltimo partido en el <strong>Quijote Arena<\/strong>, tal vez haya sido el m\u00e1s completo en lo que va de a\u00f1o del BM Caser\u00edo. \u00abHab\u00edamos hablado mucho durante la semana, que ten\u00edamos que intentar mejorar en el aspecto defensivo, que es normal que nos est\u00e9 costando porque somos un equipo reci\u00e9n ascendido y con muchos jugadores nuevos; y el segundo reto era que cuando vinieran esos parciales malos, el equipo no se desconectara como nos hab\u00eda pasado en alg\u00fan partido\u00bb.<\/p>\n<p>Estos retos, se ha felicitado, \u00abcreo que se consiguieron. <strong>Fue nuestro mejor partido defensivamente<\/strong>, contra un buen rival, muchos minutos seguidos haciendo buenas cosas en defensa, con una gran porter\u00eda, y luego tuvimos esos momentos malos y el equipo, en vez de caer como nos hab\u00eda pasado en otros partidos, sigui\u00f3 trabajando y conseguimos ganar\u00bb. <\/p>\n<p><img decoding=\"async\" fetchpriority=\"high\" width=\"1299\" height=\"730\" src=\"https:\/\/www.europesays.com\/es\/wp-content\/uploads\/2025\/10\/BM-Caserio-La-Nava-_-Clara-Manzano-327-1299x730.jpg\" alt=\"BM Caser\u00edo - La Nava _ Clara Manzano--327\"  \/><\/p>\n<p>Encuentro entre el BM Caser\u00edo y BM Nava\/ Clara Manzano<\/p>\n<p>Con esta din\u00e1mica afronta el cuadro ciudadreale\u00f1o la salida a Huesca, sin pensar en el Bar\u00e7a. \u00abEl partido del Barcelona, evidentemente, es un partido que tendremos que jugar todos, y que casi da un poco igual en qu\u00e9 momento llegue. Para nosotros, para la ciudad, <strong>va a ser una fiesta<\/strong>. Este tipo de partidos est\u00e1 marcado en el calendario desde que conseguimos el ascenso, porque significa poder ver a uno de los mejores equipos del mundo, a los mejores jugadores del mundo y eso es maravilloso\u00bb. <\/p>\n<p>No obstante, ha asegurado, \u00ablo que es evidente es que <strong>tenemos que pensar en Huesca<\/strong> y hacer un muy buen partido para ganar\u00bb. <\/p>\n<p>Sergio Casares, jugador del BM Caser\u00edo: \u00abTenemos muchas ganas\u00bb<\/p>\n<p>Por su parte, Sergio Casares, uno de los <strong>j\u00f3venes talentos del BM Caser\u00edo<\/strong>, ha afirmado que \u00abel equipo se encuentra con muchas ganas. Tenemos que ir con la actitud que tuvimos aqu\u00ed en casa en el \u00faltimo partido y hacerlo lo mejor posible para conseguir la primera fuera de casa\u00bb. <\/p>\n<p>Pese a medirse al colista de la clasificaci\u00f3n, Casares ha incidido en la <strong>necesidad de ser cautos<\/strong>. \u00abUna de las claves para conseguir la victoria ser\u00e1 quiz\u00e1 no mirar la clasificaci\u00f3n porque a estas alturas no deja de ser un poco anecd\u00f3tica. Estamos casi en el primer mes de competici\u00f3n y no sirve para nada mirar ahora qui\u00e9n va arriba qui\u00e9n va abajo porque luego puede cambiar mucho\u00bb.<\/p>\n<p>En lo personal, tras dejar la lesi\u00f3n que le impidi\u00f3 a estar en el inicio, el jugador ha comentado que <strong>se encuentra \u00abmuy bien<\/strong> y con muchas ganas de seguir trabajando y haciendo las cosas bien\u00bb. <\/p>\n<p>Sobre el equipo, ha finalizado, \u00abtenemos jugadores que tienen mucha<strong> experiencia a pesar de la juventud<\/strong>, tenemos tambi\u00e9n esa mezcla de veteran\u00eda y nos ayudan a competir y a mejorar cada d\u00eda\u00bb. <\/p>\n<p>Domingo, 18:00 horas, el Balonmano Caser\u00edo busca la <strong>primera gran victoria fuera de casa<\/strong> en su andadura en la m\u00e1xima categor\u00eda del balonmano espa\u00f1ol. Despu\u00e9s, habr\u00e1 tiempo para pensar en la fiesta contra el Bar\u00e7a. <\/p>\n<p><strong>Resultado en directo<\/strong><\/p>\n<p>Divisi\u00f3n de Honor Masculina \/ 6\u00aa Jornada<\/p>\n<p>\n         Actualizar resultados\n    <\/p>\n<p>\u00a0<\/p>\n<p>Puedes seguir la emisi\u00f3n en directo de este partido en <a target=\"_blank\" rel=\"noopener noreferrer nofollow\" href=\"https:\/\/www.lanzadigital.com\/tag\/partidos-en-directo\/\">Lanza Digital<\/a>. Recuerda que puedes seguir todo el desarrollo de la jornada deportiva en nuestro apartado de <a target=\"_blank\" rel=\"noopener noreferrer nofollow\" href=\"https:\/\/www.lanzadigital.com\/clasificaciones\/resultados-deportivos-de-ciudad-real-en-directo\/\">resultados en directo<\/a>, con los resultados y clasificaciones de todos los equipos de la provincia de Ciudad Real.<\/p>\n<p>\t\t\t\t<script async src=\"\/\/www.instagram.com\/embed.js\"><\/script><\/p>\n","protected":false},"excerpt":{"rendered":"Encarar una nueva jornada de liga desde la tranquilidad de comparecer con una victoria el \u00faltimo fin de&hellip;\n","protected":false},"author":2,"featured_media":182027,"comment_status":"","ping_status":"","sticky":false,"template":"","format":"standard","meta":{"footnotes":""},"categories":[278],"tags":[376,168,25,24,375,23,167],"class_list":{"0":"post-182026","1":"post","2":"type-post","3":"status-publish","4":"format-standard","5":"has-post-thumbnail","7":"category-balonmano","8":"tag-balonmano","9":"tag-deportes","10":"tag-es","11":"tag-espana","12":"tag-handball","13":"tag-spain","14":"tag-sports"},"share_on_mastodon":{"url":"","error":""},"_links":{"self":[{"href":"https:\/\/www.europesays.com\/es\/wp-json\/wp\/v2\/posts\/182026","targetHints":{"allow":["GET"]}}],"collection":[{"href":"https:\/\/www.europesays.com\/es\/wp-json\/wp\/v2\/posts"}],"about":[{"href":"https:\/\/www.europesays.com\/es\/wp-json\/wp\/v2\/types\/post"}],"author":[{"embeddable":true,"href":"https:\/\/www.europesays.com\/es\/wp-json\/wp\/v2\/users\/2"}],"replies":[{"embeddable":true,"href":"https:\/\/www.europesays.com\/es\/wp-json\/wp\/v2\/comments?post=182026"}],"version-history":[{"count":0,"href":"https:\/\/www.europesays.com\/es\/wp-json\/wp\/v2\/posts\/182026\/revisions"}],"wp:featuredmedia":[{"embeddable":true,"href":"https:\/\/www.europesays.com\/es\/wp-json\/wp\/v2\/media\/182027"}],"wp:attachment":[{"href":"https:\/\/www.europesays.com\/es\/wp-json\/wp\/v2\/media?parent=182026"}],"wp:term":[{"taxonomy":"category","embeddable":true,"href":"https:\/\/www.europesays.com\/es\/wp-json\/wp\/v2\/categories?post=182026"},{"taxonomy":"post_tag","embeddable":true,"href":"https:\/\/www.europesays.com\/es\/wp-json\/wp\/v2\/tags?post=182026"}],"curies":[{"name":"wp","href":"https:\/\/api.w.org\/{rel}","templated":true}]}}