{"id":182051,"date":"2025-10-17T04:06:08","date_gmt":"2025-10-17T04:06:08","guid":{"rendered":"https:\/\/www.europesays.com\/es\/182051\/"},"modified":"2025-10-17T04:06:08","modified_gmt":"2025-10-17T04:06:08","slug":"la-casa-blanca-estudia-castigos-comerciales-a-espana-al-margen-de-la-ue","status":"publish","type":"post","link":"https:\/\/www.europesays.com\/es\/182051\/","title":{"rendered":"La Casa Blanca estudia castigos comerciales a Espa\u00f1a al margen de la UE"},"content":{"rendered":"<p style=\"\">El <strong>presidente Donald Trump <\/strong>dijo el martes que se plantea imponer aranceles a Espa\u00f1a como \u00abcastigo\u00bb por lo que calific\u00f3 de <a href=\"https:\/\/www.abc.es\/espana\/trump-amenaza-imponer-aranceles-espana-aumenta-gasto-20251014204238-nt.html\" title=\"www.abc.es\" data-voc-vtm-id=\"in-text-traffic\" data-mrf-link=\"www.abc.es\" rel=\"nofollow noopener\" target=\"_blank\">\u00abfalta total de respeto a la OTAN\u00bb<\/a>. Desde entonces, su equipo ha comenzado a analizar los siguientes pasos y las v\u00edas legales para  &#8230; hacerlo. Seg\u00fan ha podido saber ABC, el m\u00e9todo que manejan en la Casa Blanca ser\u00eda <strong>plicar sanciones dirigidas a productos espec\u00edficos<\/strong>, con el objetivo de que el impacto recaiga especialmente sobre el mercado espa\u00f1ol.<\/p>\n<p class=\"voc-p\" style=\"\">Desde el pasado verano, EE.UU. impone unos aranceles del 15% a los productos de la Uni\u00f3n Europea, una reducci\u00f3n con respecto a la <strong>amenaza inicial del 35%<\/strong>. Este acuerdo se lograba tras una reuni\u00f3n en Escocia entre Trump y la presidenta de la Comisi\u00f3n Europea, Ursula von der Leyen, con un compromiso de \u00e9sta de inyectar 600.000 millones de d\u00f3lares de inversi\u00f3n en la econom\u00eda estadounidense.<\/p>\n<p class=\"voc-p\" style=\"\">En su d\u00eda, la Casa Blanca opt\u00f3 por un arancel general a Europa con excepciones por sector. Se mantuvieron grav\u00e1menes m\u00e1s altos para industrias consideradas estrat\u00e9gicas o sensibles por Washington, como el acero y el aluminio, que siguen sujetos a un 50%, y el autom\u00f3vil, con un 27,5%. Tambi\u00e9n quedaron fuera del acuerdo los productos farmac\u00e9uticos, sobre los que EE.UU. planea imponer <strong>aranceles de hasta el 200% en 2026<\/strong>, y el cobre, que afronta un 50%. En cambio, se concedieron exenciones parciales a bienes agr\u00edcolas y aeron\u00e1uticos europeos, en un intento de evitar un conflicto total con Bruselas y mantener abiertas las conversaciones comerciales.<\/p>\n<p class=\"voc-p\" style=\"\">Pero el equipo comercial de Trump, coordinado por el secretario del sector, Howard Lutnick, y el representante de Comercio, Jameson Grier, est\u00e1 analizando sectores especialmente vulnerables en Espa\u00f1a. El <strong>precedente inmediato son los aranceles impuestos <\/strong>en a\u00f1os anteriores a productos espa\u00f1oles en el marco de investigaciones comerciales paralelas, como el caso de la aceituna negra y el de las torres e\u00f3licas. Trump aun no ha decidido si aplica esos aranceles, puesto que le abrir\u00eda un frente no solo con Espa\u00f1a, sino con toda la UE.<\/p>\n<p class=\"voc-p\" style=\"\">Washington ya impuso derechos compensatorios y contra venta a p\u00e9rdida que alcanzaron hasta el 35% sobre las exportaciones de aceituna de mesa procedentes de Andaluc\u00eda, tras acusar a los productores de recibir <strong>ayudas indebidas de la Pol\u00edtica Agraria Com\u00fan<\/strong>. Aquella medida afect\u00f3 directamente a un sector que exportaba m\u00e1s de 70 millones de d\u00f3lares anuales a Estados Unidos y provoc\u00f3 una larga batalla legal en la Organizaci\u00f3n Mundial del Comercio. La OMC termin\u00f3 fallando en contra de Estados Unidos, al considerar que los aranceles eran ilegales y discriminatorios, pero Washington no los retir\u00f3 completamente, alegando \u00abriesgos de distorsi\u00f3n persistente\u00bb en el mercado.<\/p>\n<p class=\"voc-p\" style=\"\">En el caso de las torres e\u00f3licas, el Departamento de Comercio estadounidense impuso aranceles de hasta el 73% a varios fabricantes espa\u00f1oles, bajo el argumento de competencia desleal y &#8216;dumping&#8217; en los precios de exportaci\u00f3n. Las sanciones afectaron a empresas con <strong>contratos activos en Texas y Oklahoma<\/strong>, y generaron tensiones con Bruselas. Esos aranceles quedaron reducidos en febrero al 29%.<\/p>\n<p>\nNuevos sectores\n<\/p>\n<p class=\"voc-p\" style=\"\">Con estos antecedentes, el equipo de Lutnick y Grier busca ahora identificar nuevos sectores espa\u00f1oles <strong>-energ\u00edas renovables, agroalimentario y componentes industriales-<\/strong> susceptibles de ser utilizados como herramienta de presi\u00f3n comercial.<\/p>\n<p class=\"voc-p\" style=\"\">Seg\u00fan fuentes consultadas por ABC, entre los sectores que podr\u00edan verse m\u00e1s afectados por nuevas medidas se encuentran los agroalimentarios <strong>-aceite de oliva, vino, quesos curados y frutas procesadas-<\/strong>, todos con un fuerte peso en las exportaciones espa\u00f1olas a este pa\u00eds. El mercado norteamericano es el segundo destino extracomunitario para el aceite de oliva espa\u00f1ol, con ventas que superan los 400 millones de d\u00f3lares anuales, y el primero en volumen para los vinos de Rioja y Ribera del Duero fuera de la Uni\u00f3n Europea. <\/p>\n<p>El peligroso precedente de Brasil<\/p>\n<p>El caso de Brasil se ha convertido en el modelo que la Casa Blanca estudia para aplicar sanciones selectivas a pa\u00edses integrados en bloques comerciales. En julio, Trump declar\u00f3 una \u00abemergencia econ\u00f3mica nacional\u00bb y orden\u00f3 un arancel general del 40% sobre las importaciones brasile\u00f1as, alegando \u00abdevaluaci\u00f3n artificial del real\u00bb y \u00abcompetencia desleal en el mercado de materias primas\u00bb. En realidad, la decisi\u00f3n coincidi\u00f3 con la condena judicial de Jair Bolsonaro por conato de insurrecci\u00f3n y en Washington se interpret\u00f3 como una represalia pol\u00edtica encubierta.<\/p>\n<p>La medida golpe\u00f3 al acero, al aluminio y a los productos agr\u00edcolas, en especial la soja, y fue vista como un aviso de que Trump est\u00e1 dispuesto a imponer sanciones incluso dentro de marcos comerciales regionales. Aunque Brasil forma parte de Mercosur, esa uni\u00f3n aduanera carece del nivel de integraci\u00f3n de la UE, lo que facilit\u00f3 la aplicaci\u00f3n unilateral de los aranceles.<\/p>\n<p class=\"voc-p\" style=\"\">Los quesos artesanales y los c\u00edtricos tambi\u00e9n se encuentran entre los productos que Washington podr\u00eda usar como <strong>palanca de presi\u00f3n comercial<\/strong>, junto a componentes industriales de empresas espa\u00f1olas vinculadas a la automoci\u00f3n, el transporte ferroviario o la energ\u00eda e\u00f3lica.<\/p>\n<p class=\"voc-p\" style=\"\">La estrategia pasa por aplicar aranceles selectivos que concentren el da\u00f1o en determinados pa\u00edses sin alterar el equilibrio general con la Uni\u00f3n Europea. El dise\u00f1o de esta pol\u00edtica seguir\u00eda la l\u00f3gica de los <strong>aranceles de 2019 vinculados al caso Airbus<\/strong>, cuando Washington penaliz\u00f3 productos procedentes de Espa\u00f1a, Francia, Alemania y Reino Unido, entre ellos el vino, el aceite y los embutidos, con recargos de entre el 15% y el 25%.<\/p>\n<p class=\"voc-p\" style=\"\">Un alto funcionario estadounidense, que participa en estas deliberaciones, explic\u00f3 ayer a ABC que <strong>las advertencias del presidente \u00abson reales, no es solo ret\u00f3rica\u00bb<\/strong> y que el an\u00e1lisis de medidas espec\u00edficas contra Espa\u00f1a \u00abno es una reacci\u00f3n improvisada, sino una discusi\u00f3n que lleva meses dentro del Consejo Econ\u00f3mico Nacional y la Oficina del Representante de Comercio\u00bb. A\u00f1adi\u00f3 que \u00abTrump considera que hay aliados que se benefician de la protecci\u00f3n estadounidense sin contribuir a la seguridad com\u00fan, y quiere que eso tenga un coste econ\u00f3mico real\u00bb.<\/p>\n","protected":false},"excerpt":{"rendered":"El presidente Donald Trump dijo el martes que se plantea imponer aranceles a Espa\u00f1a como \u00abcastigo\u00bb por lo&hellip;\n","protected":false},"author":2,"featured_media":182052,"comment_status":"","ping_status":"","sticky":false,"template":"","format":"standard","meta":{"footnotes":""},"categories":[8],"tags":[386,17,18,385,51592,10153,25,24,12188,13,14,11,19,20,29401,9,10,15,16,23,12,943,21,22],"class_list":{"0":"post-182051","1":"post","2":"type-post","3":"status-publish","4":"format-standard","5":"has-post-thumbnail","7":"category-espana","8":"tag-blanca","9":"tag-breaking-news","10":"tag-breakingnews","11":"tag-casa","12":"tag-castigos","13":"tag-comerciales","14":"tag-es","15":"tag-espana","16":"tag-estudia","17":"tag-featured-news","18":"tag-featurednews","19":"tag-headlines","20":"tag-latest-news","21":"tag-latestnews","22":"tag-margen","23":"tag-news","24":"tag-noticias","25":"tag-noticias-destacadas","26":"tag-noticiasdestacadas","27":"tag-spain","28":"tag-titulares","29":"tag-ue","30":"tag-ultimas-noticias","31":"tag-ultimasnoticias"},"share_on_mastodon":{"url":"","error":""},"_links":{"self":[{"href":"https:\/\/www.europesays.com\/es\/wp-json\/wp\/v2\/posts\/182051","targetHints":{"allow":["GET"]}}],"collection":[{"href":"https:\/\/www.europesays.com\/es\/wp-json\/wp\/v2\/posts"}],"about":[{"href":"https:\/\/www.europesays.com\/es\/wp-json\/wp\/v2\/types\/post"}],"author":[{"embeddable":true,"href":"https:\/\/www.europesays.com\/es\/wp-json\/wp\/v2\/users\/2"}],"replies":[{"embeddable":true,"href":"https:\/\/www.europesays.com\/es\/wp-json\/wp\/v2\/comments?post=182051"}],"version-history":[{"count":0,"href":"https:\/\/www.europesays.com\/es\/wp-json\/wp\/v2\/posts\/182051\/revisions"}],"wp:featuredmedia":[{"embeddable":true,"href":"https:\/\/www.europesays.com\/es\/wp-json\/wp\/v2\/media\/182052"}],"wp:attachment":[{"href":"https:\/\/www.europesays.com\/es\/wp-json\/wp\/v2\/media?parent=182051"}],"wp:term":[{"taxonomy":"category","embeddable":true,"href":"https:\/\/www.europesays.com\/es\/wp-json\/wp\/v2\/categories?post=182051"},{"taxonomy":"post_tag","embeddable":true,"href":"https:\/\/www.europesays.com\/es\/wp-json\/wp\/v2\/tags?post=182051"}],"curies":[{"name":"wp","href":"https:\/\/api.w.org\/{rel}","templated":true}]}}