{"id":182057,"date":"2025-10-17T04:09:08","date_gmt":"2025-10-17T04:09:08","guid":{"rendered":"https:\/\/www.europesays.com\/es\/182057\/"},"modified":"2025-10-17T04:09:08","modified_gmt":"2025-10-17T04:09:08","slug":"bous-al-carrer-27-astados-de-prestigiosos-hierros-protagonizan-un-cartel-taurino-de-altura","status":"publish","type":"post","link":"https:\/\/www.europesays.com\/es\/182057\/","title":{"rendered":"bous al carrer, 27 astados de prestigiosos hierros protagonizan un cartel taurino de altura"},"content":{"rendered":"<p class=\"ft-text\"><strong>Los <\/strong><a class=\"ft-link ft-link--decoration\" href=\"https:\/\/www.elperiodicomediterraneo.com\/magdalena\/2025\/03\/06\/fiestas-magdalena-castellon-programa-actos-2025-114003853.html\" rel=\"nofollow noopener\" target=\"_blank\"><strong>actos<\/strong><\/a><strong> taurinos son un elemento clave e imprescindible en la Fira d\u2019<\/strong><a class=\"ft-link ft-link--decoration\" href=\"https:\/\/www.elperiodicomediterraneo.com\/castello\/onda\/\" target=\"_blank\" rel=\"nofollow noopener\"><strong>Onda<\/strong><\/a>, un punto de encuentro para los aficionados de toda la provincia y de otros puntos de <a class=\"ft-link ft-link--decoration\" href=\"https:\/\/www.elperiodicomediterraneo.com\/tags\/espana\/\" target=\"_blank\" rel=\"nofollow noopener\">Espa\u00f1a<\/a>. En base a su relevancia en las celebraciones,<strong> este <\/strong><a class=\"ft-link ft-link--decoration\" href=\"https:\/\/www.elperiodicomediterraneo.com\/tags\/anos\/\" target=\"_blank\" rel=\"nofollow noopener\"><strong>a\u00f1o<\/strong><\/a><strong> los festejos incluir\u00e1n la exhibici\u00f3n de un total de 27 toros, 14 cerriles patrocinados por el Ayuntamiento y 13 que brindan las asociaciones y entidades taurinas. <\/strong><\/p>\n<p class=\"ft-text\">La cifra coincide con la de la pasada edici\u00f3n, no obstante la programaci\u00f3n incluye alguna <a class=\"ft-link ft-link--decoration\" href=\"https:\/\/www.elperiodicomediterraneo.com\/tags\/novedades\/\" target=\"_blank\" rel=\"nofollow noopener\">novedad<\/a>. As\u00ed,<strong> ma\u00f1ana se llevar\u00e1 a cabo la suelta de tres ejemplares y el pr\u00f3ximo mi\u00e9rcoles, 22 de octubre, habr\u00e1 seis toros a lo largo de la jornada.<\/strong><\/p>\n<p>Cartel de calidad<\/p>\n<p class=\"ft-text\">La emoci\u00f3n est\u00e1 garantizada con estos <strong>27 toros procedentes de 13 ganader\u00edas, una cualidad que corrobora la calidad y variedad del cartel<\/strong>. Los prestigiosos hierros que se dar\u00e1n cita en la Fira, desde ma\u00f1ana hasta el s\u00e1bado al 25 de son:<strong> Miura, Torrestrella, Las Ramblas, Daniel Ramos, Pe\u00f1ajara, La Jotera, Partido de Resina, Hijos de Celestino Cuadri, Jim\u00e9nez Pasquau, Cebada Gago, Murteira Grave, Palha y Adolfo Mart\u00edn.<\/strong><\/p>\n<p class=\"ft-text\"><strong>La entrada de toros y, a continuaci\u00f3n, las vaquillas de la ganader\u00eda La Espuela inaugurar\u00e1n el apartado de los bous al carrer<\/strong>, en el que las jornadas m\u00e1s multitudinarias y que despertar\u00e1n mayor expectaci\u00f3n ser\u00e1n aquellas en las que lleven a cabo los esperados <a class=\"ft-link ft-link--decoration\" href=\"https:\/\/www.elperiodicomediterraneo.com\/tags\/encierros\/\" target=\"_blank\" rel=\"nofollow noopener\">encierros<\/a>.<\/p>\n<p class=\"ft-text\">Como es costumbre<strong>, habr\u00e1 tres, en tres d\u00edas consecutivos, en los que los aficionados tendr\u00e1n la posibilidad de medirse con los astados en trepidantes carreras<\/strong>.<\/p>\n<p>Fechas de los encierros<\/p>\n<p class=\"ft-text\">El <strong>primero <\/strong>de ellos, patrocinado por el consistorio, se celebrar\u00e1 el<strong> jueves, d\u00eda 23<\/strong>, y estar\u00e1 protagonizado por seis toros de Cebada Gago. En el <strong>segundo<\/strong>, el <strong>d\u00eda 24<\/strong>, correr\u00e1 a cargo de los cuatro ejemplares de Murteira Grave y los dos de Palha, patrocinados por la pe\u00f1a Guarismo 2. El <strong>\u00faltimo <\/strong>encierro ser\u00e1 el <strong>d\u00eda 25<\/strong>, con morlacos de la ganader\u00eda de Adolfo Mart\u00edn.<\/p>\n","protected":false},"excerpt":{"rendered":"Los actos taurinos son un elemento clave e imprescindible en la Fira d\u2019Onda, un punto de encuentro para&hellip;\n","protected":false},"author":2,"featured_media":182058,"comment_status":"","ping_status":"","sticky":false,"template":"","format":"standard","meta":{"footnotes":""},"categories":[277],"tags":[1054,2984,21315,9992,373,4398,168,25,24,51594,51593,3556,23,167,374,444],"class_list":{"0":"post-182057","1":"post","2":"type-post","3":"status-publish","4":"format-standard","5":"has-post-thumbnail","7":"category-toreo","8":"tag-1054","9":"tag-aficionados","10":"tag-astados","11":"tag-bous-al-carrer","12":"tag-bullfighting","13":"tag-cartel","14":"tag-deportes","15":"tag-es","16":"tag-espana","17":"tag-hierros","18":"tag-prestigiosos","19":"tag-protagonizan","20":"tag-spain","21":"tag-sports","22":"tag-toreo","23":"tag-toros"},"share_on_mastodon":{"url":"","error":""},"_links":{"self":[{"href":"https:\/\/www.europesays.com\/es\/wp-json\/wp\/v2\/posts\/182057","targetHints":{"allow":["GET"]}}],"collection":[{"href":"https:\/\/www.europesays.com\/es\/wp-json\/wp\/v2\/posts"}],"about":[{"href":"https:\/\/www.europesays.com\/es\/wp-json\/wp\/v2\/types\/post"}],"author":[{"embeddable":true,"href":"https:\/\/www.europesays.com\/es\/wp-json\/wp\/v2\/users\/2"}],"replies":[{"embeddable":true,"href":"https:\/\/www.europesays.com\/es\/wp-json\/wp\/v2\/comments?post=182057"}],"version-history":[{"count":0,"href":"https:\/\/www.europesays.com\/es\/wp-json\/wp\/v2\/posts\/182057\/revisions"}],"wp:featuredmedia":[{"embeddable":true,"href":"https:\/\/www.europesays.com\/es\/wp-json\/wp\/v2\/media\/182058"}],"wp:attachment":[{"href":"https:\/\/www.europesays.com\/es\/wp-json\/wp\/v2\/media?parent=182057"}],"wp:term":[{"taxonomy":"category","embeddable":true,"href":"https:\/\/www.europesays.com\/es\/wp-json\/wp\/v2\/categories?post=182057"},{"taxonomy":"post_tag","embeddable":true,"href":"https:\/\/www.europesays.com\/es\/wp-json\/wp\/v2\/tags?post=182057"}],"curies":[{"name":"wp","href":"https:\/\/api.w.org\/{rel}","templated":true}]}}