{"id":182059,"date":"2025-10-17T04:10:07","date_gmt":"2025-10-17T04:10:07","guid":{"rendered":"https:\/\/www.europesays.com\/es\/182059\/"},"modified":"2025-10-17T04:10:07","modified_gmt":"2025-10-17T04:10:07","slug":"adrian-luna-martinetti-el-nuevo-ecuatoriano-en-la-ufc-visito-a-barcelona-sc","status":"publish","type":"post","link":"https:\/\/www.europesays.com\/es\/182059\/","title":{"rendered":"Adri\u00e1n Luna Martinetti, el nuevo ecuatoriano en la UFC, visit\u00f3 a Barcelona SC"},"content":{"rendered":"<p>El ecuatoriano\u00a0<strong>Adri\u00e1n Luna Martinetti<\/strong>, quien firm\u00f3 contrato con la\u00a0<strong>UFC<\/strong>\u00a0en octubre de 2025 tras brillar en el\u00a0<strong>Dana White\u2019s Contender Series<\/strong>, visit\u00f3 este\u00a0<strong>jueves 16 de octubre<\/strong>\u00a0las instalaciones de\u00a0<strong>Barcelona Sporting Club<\/strong>.<\/p>\n<p>El luchador guayaquile\u00f1o acudi\u00f3 acompa\u00f1ado de su hermano gemelo,\u00a0<strong>Andr\u00e9s<\/strong>, y durante su recorrido por el estadio\u00a0comparti\u00f3 con el presidente del club,\u00a0<strong>Antonio \u00c1lvarez<\/strong>, el director deportivo\u00a0<strong>Mat\u00edas Oyola<\/strong>, y varios jugadores del primer plantel. <\/p>\n<p>M\u00e1s noticias:<\/p>\n<p>Tambi\u00e9n coincidi\u00f3 con parte del cuerpo t\u00e9cnico, donde figuran los\u00a0<strong>hermanos Rescalvo<\/strong>, otro par de gemelos muy conocidos en la instituci\u00f3n.<\/p>\n<p>A trav\u00e9s de sus redes sociales,\u00a0<strong>Barcelona SC<\/strong>\u00a0destac\u00f3 la visita con un mensaje de orgullo:<\/p>\n<p>\u201cHoy recibimos en casa a los gemelos Luna Martinetti, socios del club desde hace muchos a\u00f1os y deportistas de \u00e9lite que nos inspiran con su esfuerzo, disciplina y esp\u00edritu de superaci\u00f3n. \u00a1Orgullo barcelonista!\u201d, public\u00f3 la instituci\u00f3n en Instagram.<\/p>\n<p>\u201cEste siempre ser\u00e1 mi casa\u201d<\/p>\n<p>Adri\u00e1n Luna Martinetti, quien ha sido socio del club desde hace varios a\u00f1os, respondi\u00f3 con un mensaje emotivo en su cuenta de Instagram.<\/p>\n<p>\u201cDe utilero en las formativas a compartir momentos con las grandes figuras. A\u00f1os despu\u00e9s, sigo siendo socio de Barcelona y este siempre ser\u00e1 mi casa\u201d, escribi\u00f3 el peleador de artes marciales mixtas.<\/p>\n<blockquote class=\"instagram-media\" data-instgrm-captioned=\"\" data-instgrm-permalink=\"https:\/\/www.instagram.com\/p\/DP4tIzVjn1h\/?utm_source=ig_embed&amp;utm_campaign=loading\" data-instgrm-version=\"14\" style=\" background:#FFF; border:0; border-radius:3px; box-shadow:0 0 1px 0 rgba(0,0,0,0.5),0 1px 10px 0 rgba(0,0,0,0.15); margin: 1px; max-width:540px; min-width:326px; padding:0; width:99.375%; width:-webkit-calc(100% - 2px); width:calc(100% - 2px);\"\/><p>Impact\u00f3 a Dana White en su debut<\/p>\n<p>El nombre de\u00a0<strong>Adri\u00e1n Luna Martinetti<\/strong>\u00a0dio la vuelta al mundo tras su espectacular presentaci\u00f3n el pasado <strong>7 de octubre<\/strong>, cuando venci\u00f3 al ruso\u00a0<strong>Mark Vologdin<\/strong>\u00a0en el\u00a0<strong>Dana White\u2019s Contender Series<\/strong>, evento clasificatorio organizado por la UFC en el\u00a0<strong>Apex de Las Vegas<\/strong>.<\/p>\n<p>El ecuatoriano domin\u00f3 el combate con contundencia y provoc\u00f3 un profundo corte en la ceja derecha de su rival. Luna Martinetti gan\u00f3 por decisi\u00f3n un\u00e1nime y dej\u00f3 una impresi\u00f3n imborrable en el presidente de la compa\u00f1\u00eda,\u00a0<strong>Dana White<\/strong>.<\/p>\n<p>\u201cVamos a enviar a ambos chicos al hospital. Fue una de las mejores peleas que he visto en la historia del Contender Series\u201d, afirm\u00f3 el directivo tras la contienda.<\/p>\n<p>La actuaci\u00f3n del guayaquile\u00f1o fue calificada por el equipo de transmisi\u00f3n como\u00a0<strong>\u201cuna de las mejores en la historia del DWCS\u201d<\/strong>, y le vali\u00f3 un\u00a0<strong>contrato directo con la UFC<\/strong>, convirti\u00e9ndose as\u00ed en\u00a0<strong>el nuevo representante ecuatoriano en la mayor empresa de artes marciales mixtas del mundo<\/strong>.<\/p>\n<p>\u00bfCu\u00e1ndo juega Barcelona SC?<\/p>\n<p>Barcelona SC juega este viernes 17 de octubre de 2025. El \u2018\u00cddolo\u2019 visita a Liga de Quito en el Estadio Rodrigo Paz Delgado, por la fecha dos del hexagonal al t\u00edtulo.<\/p>\n<p>El partido tiene previsto arrancar a las 20:15. <\/p>\n<p><script async src=\"\/\/www.instagram.com\/embed.js\"><\/script><\/p>\n","protected":false},"excerpt":{"rendered":"El ecuatoriano\u00a0Adri\u00e1n Luna Martinetti, quien firm\u00f3 contrato con la\u00a0UFC\u00a0en octubre de 2025 tras brillar en el\u00a0Dana White\u2019s Contender&hellip;\n","protected":false},"author":2,"featured_media":182060,"comment_status":"","ping_status":"","sticky":false,"template":"","format":"standard","meta":{"footnotes":""},"categories":[276],"tags":[47174,51595,168,25,24,282,23,167,343],"class_list":{"0":"post-182059","1":"post","2":"type-post","3":"status-publish","4":"format-standard","5":"has-post-thumbnail","7":"category-ufc","8":"tag-adrian-luna-martinetti","9":"tag-barcelona-sc","10":"tag-deportes","11":"tag-es","12":"tag-espana","13":"tag-futbol","14":"tag-spain","15":"tag-sports","16":"tag-ufc"},"share_on_mastodon":{"url":"","error":""},"_links":{"self":[{"href":"https:\/\/www.europesays.com\/es\/wp-json\/wp\/v2\/posts\/182059","targetHints":{"allow":["GET"]}}],"collection":[{"href":"https:\/\/www.europesays.com\/es\/wp-json\/wp\/v2\/posts"}],"about":[{"href":"https:\/\/www.europesays.com\/es\/wp-json\/wp\/v2\/types\/post"}],"author":[{"embeddable":true,"href":"https:\/\/www.europesays.com\/es\/wp-json\/wp\/v2\/users\/2"}],"replies":[{"embeddable":true,"href":"https:\/\/www.europesays.com\/es\/wp-json\/wp\/v2\/comments?post=182059"}],"version-history":[{"count":0,"href":"https:\/\/www.europesays.com\/es\/wp-json\/wp\/v2\/posts\/182059\/revisions"}],"wp:featuredmedia":[{"embeddable":true,"href":"https:\/\/www.europesays.com\/es\/wp-json\/wp\/v2\/media\/182060"}],"wp:attachment":[{"href":"https:\/\/www.europesays.com\/es\/wp-json\/wp\/v2\/media?parent=182059"}],"wp:term":[{"taxonomy":"category","embeddable":true,"href":"https:\/\/www.europesays.com\/es\/wp-json\/wp\/v2\/categories?post=182059"},{"taxonomy":"post_tag","embeddable":true,"href":"https:\/\/www.europesays.com\/es\/wp-json\/wp\/v2\/tags?post=182059"}],"curies":[{"name":"wp","href":"https:\/\/api.w.org\/{rel}","templated":true}]}}