{"id":182061,"date":"2025-10-17T04:14:06","date_gmt":"2025-10-17T04:14:06","guid":{"rendered":"https:\/\/www.europesays.com\/es\/182061\/"},"modified":"2025-10-17T04:14:06","modified_gmt":"2025-10-17T04:14:06","slug":"hamilton-horner-en-ferrari-estas-cosas-no-ayudan-para-nada-solo-es-una-distraccion-mas","status":"publish","type":"post","link":"https:\/\/www.europesays.com\/es\/182061\/","title":{"rendered":"Hamilton: \u00ab\u00bfHorner en Ferrari? Estas cosas no ayudan para nada, solo es una distracci\u00f3n m\u00e1s\u00bb"},"content":{"rendered":"<p data-gtm-element-container=\"modulo-texto-link\" class=\"paragraph\">En los \u00faltimos d\u00edas, prensa brit\u00e1nica y alemana aliment\u00f3 el rumor sobre la posibilidad de que <strong>Christian Horner<\/strong>, ex jefe de equipo de <strong>Red Bull,<\/strong> recalara en <strong>Maranello en 2026<\/strong> cuando acabe su periodo obligatorio de &#8216;gardering&#8217; (tiempo que tiene que dejar cualquier exmiembro de un equipo para trabajar en otro conjunto) en sustituci\u00f3n de<strong> Fred Vasseur <\/strong>como nuevo<strong> Team Principal de Ferrari<\/strong>. En Italia, diarios como &#8216;Il Corriere della Sera&#8217; no han tardado en negarlo rotundamente, recordando que <a href=\"https:\/\/www.mundodeportivo.com\/motor\/f1\/20250731\/1004000289\/oficial-ferrari-anuncia-renovacion-jefe-fred-vasseur-acaba-rumor.html\" target=\"_blank\" rel=\"nofollow noopener\">el equipo italiano renov\u00f3 hace tan solo dos meses el contrato de Vasseur<\/a> y que el cuadro transalpino conf\u00eda en su liderazgo.\u00a0<\/p>\n<p data-gtm-element-container=\"modulo-texto-link\" class=\"paragraph\">Sin embargo, ese rumor lleg\u00f3 a la rueda de prensa previa al GP de Estados Unidos de F1.<strong> A Hamilton no dudaron en preguntarle sobre el que fuera uno de sus principales enemigos en 2021<\/strong>, el <strong>ex jefe de Verstappen en Red Bull <\/strong>en un a\u00f1o lleno de tensi\u00f3n y pol\u00e9mica en el que Max se acab\u00f3 llevando el t\u00edtulo en la \u00faltima vuelta del curso. Y Lewis no quiso darle importancia a tales habladur\u00edas, destacando que esos rumores solo pueden ser \u00abuna distracci\u00f3n\u00bb para Ferrari en un momento de tanto trabajo para salir del bache que vive la &#8216;Scuseria&#8217; de resultados, especialmente, centrados en la creaci\u00f3n del coche de 2026, a\u00f1o de nuevas regulaciones y que supone una oportunidad para los ferraristas de volver a luchar por triunfos.\u00a0<\/p>\n<p data-gtm-element-container=\"modulo-texto-link\" class=\"paragraph\"><strong>\u00a0\u201cNo s\u00e9 de d\u00f3nde salen estos rumores, as\u00ed que no puedo<br \/>\ndespejarte ninguna inc\u00f3gnita. Es algo que a\u00f1ade distracci\u00f3n al equipo.<\/strong> El equipo<strong> ha<br \/>\ndejado claro que ha renovado a Fred (Vasseur, y tanto Fred, como yo y el equipo estamos<br \/>\ntrabajando duro por y para el futuro.<\/strong> <strong>Estas cosas no ayudan nada,<br \/>\nobviamente<\/strong>, y s\u00e9 que la gente en la f\u00e1brica est\u00e1 trabajando duro, est\u00e1n todos<br \/>\ncentrados y<strong> esta clase de rumores pueden ser una distracci\u00f3n\u00bb<\/strong>, apunto Lewis.\u00a0<\/p>\n<p data-gtm-element-container=\"modulo-texto-link\" class=\"paragraph\">\u00abPor mi parte,<br \/>\ntengo que mantener la concentraci\u00f3n en el objetivo que tenemos y construir el<br \/>\ncoche del a\u00f1o que viene desde los cimientos que hemos construido este a\u00f1o.<br \/>\nTenemos que mejorar nuestra ejecuci\u00f3n (de las carreras) y tener un mejor rendimiento. Como dije en Spa, <strong>estoy<br \/>\nmanteniendo muchas reuniones para ir en la direcci\u00f3n que considero que es la<br \/>\ncorrecta\u00bb<\/strong>, a\u00f1adi\u00f3 el brit\u00e1nico, al que le volvieron a lanzar otra cuesti\u00f3n sobre Christian.\u00a0<\/p>\n<p data-gtm-element-container=\"modulo-texto-link\" class=\"paragraph\">\u00b7\u00bfEs verdad que est\u00e1n hablando? \u00bfEs buena idea?\u00bb, le preguntaron.\u00a0<strong>\u201cNo, y no voy a hablar de rumores\u201d<\/strong>, dijo Hamilton, zanjando el tema.\u00a0<\/p>\n<p><img decoding=\"async\" loading=\"lazy\" alt=\"Horizontal\" src=\"https:\/\/imagenes2.mundodeportivo.com\/files\/content_image_mobile_filter\/uploads\/2025\/10\/17\/68f16f89b9584.jpeg\" data-full-src=\"https:\/\/www.europesays.com\/es\/wp-content\/uploads\/2025\/10\/68f16f89b9584.jpeg\"\/>A Lewis Hamilton le preguntaron por Christian Horner en la rueda de prensa oficial de la FIA en AustinJohn Locher \/ Ap-LaPresse\u00bbLas \u00faltimas 6 carreras son un test\u00bb<\/p>\n<p data-gtm-element-container=\"modulo-texto-link\" class=\"paragraph\">Con Ferrari lejos de los triunfos en una temporada muy decepcionante para los de rojo, en la que en las \u00faltimas carreras tambi\u00e9n se han visto superados por Mercedes, Hamilton quiere utilizar las 6 carreras finales de este curso como una plataforma de pruebas para mejorar algunos aspectos claves en la forma de operar del equipo en un Gran Premio.\u00a0<\/p>\n<p><img decoding=\"async\" loading=\"lazy\" alt=\"Horizontal\" src=\"https:\/\/imagenes2.mundodeportivo.com\/files\/content_image_mobile_filter\/uploads\/2025\/10\/17\/68f170299c1fc.jpeg\" data-full-src=\"https:\/\/www.europesays.com\/es\/wp-content\/uploads\/2025\/10\/68f170299c1fc.jpeg\"\/>Lewis Hamilton, en el GP de los Estados Unidos de F1 2025DUSTIN SAFRANEK \/ EFE<\/p>\n<p data-gtm-element-container=\"modulo-texto-link\" class=\"paragraph\"><strong>\u201cVeo las pr\u00f3ximas 6 carreras como fines de semana de test,<br \/>\nen el sentido de mejorar y aprender sobre nuestros procesos. <\/strong>En las \u00faltimas<br \/>\ncarreras ha habido cosas que no hemos capitalizado\u00bb, destac\u00f3 de cara a las citas finales de este a\u00f1o.\u00a0<\/p>\n<p data-gtm-element-container=\"modulo-texto-link\" class=\"paragraph\"><strong>\u00abHabr\u00e1 que extraer y seguir<br \/>\ntrabajando y usar lo que funciona y dejar de usar lo que no funciona. Hay que<br \/>\nseguir mejorando nuestras relaciones, la comunicaci\u00f3n dentro del equipo y todo<br \/>\nel mundo en la f\u00e1brica merece un buen resultado. <\/strong>Y ese es nuestro foco: obtener<br \/>\nbuenos resultados y exprimir hasta el \u00faltimo punto de cada fin de semana. Y<br \/>\nrealmente pensamos que lo podemos lograr, as\u00ed que hay que mantener esa<br \/>\nconcentraci\u00f3n\u201d, expres\u00f3 al respecto.\u00a0<\/p>\n","protected":false},"excerpt":{"rendered":"En los \u00faltimos d\u00edas, prensa brit\u00e1nica y alemana aliment\u00f3 el rumor sobre la posibilidad de que Christian Horner,&hellip;\n","protected":false},"author":2,"featured_media":182062,"comment_status":"","ping_status":"","sticky":false,"template":"","format":"standard","meta":{"footnotes":""},"categories":[270],"tags":[168,25,24,306,271,272,23,167],"class_list":{"0":"post-182061","1":"post","2":"type-post","3":"status-publish","4":"format-standard","5":"has-post-thumbnail","7":"category-formula-1","8":"tag-deportes","9":"tag-es","10":"tag-espana","11":"tag-f1","12":"tag-formula-1","13":"tag-formula1","14":"tag-spain","15":"tag-sports"},"share_on_mastodon":{"url":"","error":""},"_links":{"self":[{"href":"https:\/\/www.europesays.com\/es\/wp-json\/wp\/v2\/posts\/182061","targetHints":{"allow":["GET"]}}],"collection":[{"href":"https:\/\/www.europesays.com\/es\/wp-json\/wp\/v2\/posts"}],"about":[{"href":"https:\/\/www.europesays.com\/es\/wp-json\/wp\/v2\/types\/post"}],"author":[{"embeddable":true,"href":"https:\/\/www.europesays.com\/es\/wp-json\/wp\/v2\/users\/2"}],"replies":[{"embeddable":true,"href":"https:\/\/www.europesays.com\/es\/wp-json\/wp\/v2\/comments?post=182061"}],"version-history":[{"count":0,"href":"https:\/\/www.europesays.com\/es\/wp-json\/wp\/v2\/posts\/182061\/revisions"}],"wp:featuredmedia":[{"embeddable":true,"href":"https:\/\/www.europesays.com\/es\/wp-json\/wp\/v2\/media\/182062"}],"wp:attachment":[{"href":"https:\/\/www.europesays.com\/es\/wp-json\/wp\/v2\/media?parent=182061"}],"wp:term":[{"taxonomy":"category","embeddable":true,"href":"https:\/\/www.europesays.com\/es\/wp-json\/wp\/v2\/categories?post=182061"},{"taxonomy":"post_tag","embeddable":true,"href":"https:\/\/www.europesays.com\/es\/wp-json\/wp\/v2\/tags?post=182061"}],"curies":[{"name":"wp","href":"https:\/\/api.w.org\/{rel}","templated":true}]}}