{"id":182070,"date":"2025-10-17T04:20:11","date_gmt":"2025-10-17T04:20:11","guid":{"rendered":"https:\/\/www.europesays.com\/es\/182070\/"},"modified":"2025-10-17T04:20:11","modified_gmt":"2025-10-17T04:20:11","slug":"supervivientes-all-stars-nuevo-expulsado-una-declaracion-de-amor-y-confesiones-de-suenos-humedos","status":"publish","type":"post","link":"https:\/\/www.europesays.com\/es\/182070\/","title":{"rendered":"&#8216;Supervivientes All Stars&#8217;: nuevo expulsado, una declaraci\u00f3n de amor y confesiones de \u00absue\u00f1os humedos\u00bb"},"content":{"rendered":"<p class=\"v-mdl-ath__p v-mdl-ath__p--6\">\nViernes, 17 de octubre 2025, 01:10<\/p>\n<p>| Actualizado 01:25h.<\/p>\n<p class=\"v-p\">&#8216;<a href=\"https:\/\/www.lasprovincias.es\/culturas\/tv\/explosiva-unificacion-supervivientes-all-stars-20251014215000-nt.html\" data-voc-vtm-id=\"in-text-traffic\" title=\"Supervivientes All Stars: Tierra de nadie\" rel=\"nofollow noopener\" target=\"_blank\">Supervivientes All Stars: Tierra de nadie<\/a>&#8216; celebr\u00f3 este jueves una nueva gala en la que hubo de todo, como suele ser habitual en el reality m\u00e1s salvaje de la televisi\u00f3n. Y es que no faltaron las discusiones pero tambi\u00e9n hubo tiempo para el amor y el juego de la recompensa. <\/p>\n<p class=\"v-p\">En primer lugar lleg\u00f3 la ceremonia del barro, con Adar Molinero, Iv\u00e1n Gonz\u00e1lez y Miri Cabrero frente a frenta para descubruir qui\u00e9n pod\u00eda librarse en el pen\u00faltimo momento de la noche de esa fat\u00eddica expulsi\u00f3n. Finalmente era Adara quien consegu\u00eda zafarse una semana m\u00e1s. La concursante romp\u00eda a gritar dando las gracias al p\u00fablico. <\/p>\n<p class=\"v-p\">Antes del momento m\u00e1s esperado de la gala, Iv\u00e1n quiso recordar a su novia, para la que solo tuvo buenas palabras: \u00abTe quiero\u00bb. Posteriormente llegar\u00eda el momento de conocer el expulsado.<\/p>\n<p class=\"v-p\">\u00abEl concursante que se salva esta noche es Miri\u00bb, espet\u00f3 Jorge Javier V\u00e1zquez. Finalmente Iv\u00e1n Gonz\u00e1lez es el expulsado de esta semana. El eliminado quiso dar las gracias a los compa\u00f1eros, \u00abhizo las paces\u00bb con Gloria Camila, quien incluso le pidi\u00f3 perd\u00f3n y se emocion\u00f3 visiblemente al ver que era el expulsado de la noche. Se fundieron en un abrazo. <\/p>\n<p>Juego de recompensa<\/p>\n<p class=\"v-p\">Los concursantes disputaron una deliciosa recompensa en &#8216;El columpio de Fedra&#8217;: un masaje. En este cl\u00e1sico juego, los supervivientes se encuentran suspendidos cada uno de ellos por cuatro cuerdas, las cuales ir\u00e1 cortando Laura Madrue\u00f1o a medida que contesten mal a las preguntas de cultura general. Finalmente el ganador fue Carlos que pudo disfrutar de ese ansiado masaje y relajarse mientras el resto de concursantes ten\u00edan que conformarse con mirar. <\/p>\n<p>\u00abSue\u00f1os humedos\u00bb de algunos concursantes<\/p>\n<p class=\"v-p\">Los concursantes ya han cumplido un total de 42 d\u00edas en Honduras y el deseo sexual ha aparecido en algunos, como es en el caso de Rub\u00e9n Torres, Iv\u00e1n Gonz\u00e1lez y Tony Spina. Los tres supervivientes han comentado en &#8216;Playa Leyenda&#8217; las ganas que tienen de ver a sus parejas y alguno que otro ha confesado que ha tenido sue\u00f1os h\u00famedos&#8230; y a punto de \u00abculminar\u00bb. Posteriormente, al ver las im\u00e1genes, las parejas de los tres concursantes han reaccionado a estos \u00absue\u00f1os h\u00famedos\u00bb tras la pregunta de Jorge Javier V\u00e1zquez.<\/p>\n<p><a href=\"http:\/\/www.lasprovincias.es\/culturas\/tv\/luto-supervivientes-tras-muerte-integrante-equipo-siempre-20251012231444-nt.html#vtm_modulosEngag=mod-rel:culturas:noticia:1:cmp:1-not\" class=\"v-a-link\" aria-label=\"Imagen\" rel=\"nofollow noopener\" target=\"_blank\"><\/p>\n<p><img decoding=\"async\" loading=\"lazy\" src=\"https:\/\/www.europesays.com\/es\/wp-content\/uploads\/2025\/10\/el-emotivo-homenaje-de-laura-madrueno-tras-la-muerte-de-una-integrante-del-equipo-de-supervivientes_.jpeg\" class=\"v-a-img\" width=\"258\" height=\"180\" alt=\"\" data-voc-vtm-id=\"in-text-traffic\"\/><\/p>\n<p><\/a><\/p>\n<p class=\"v-p\">Ha sido Rub\u00e9n Torres quien ha &#8216;abierto el mel\u00f3n&#8217; con un gracioso juego de palabras: \u00abAyer, como me dieron 30 segundos de recompensa de perrito caliente, pues han puesto al perrito caliente\u00bb. El bombero ha contado que ha tenido \u00absue\u00f1os hot\u00bb con su chica, Laura Cantizano.<\/p>\n<p class=\"v-p\">Adem\u00e1s, Rub\u00e9n Torres ha se\u00f1alado que en el sue\u00f1o \u00abllegaba a consumar un poquito\u00bb: \u00abPero me he despertado luego. El perrito estaba morcill\u00f3n la verdad\u00bb. <\/p>\n<p>Reporta un error<\/p>\n","protected":false},"excerpt":{"rendered":"Viernes, 17 de octubre 2025, 01:10 | Actualizado 01:25h. &#8216;Supervivientes All Stars: Tierra de nadie&#8216; celebr\u00f3 este jueves&hellip;\n","protected":false},"author":2,"featured_media":182071,"comment_status":"","ping_status":"","sticky":false,"template":"","format":"standard","meta":{"footnotes":""},"categories":[171],"tags":[11286,1733,51596,15091,146,147,25,24,7625,51597,524,23,11287,12108,3947,214],"class_list":{"0":"post-182070","1":"post","2":"type-post","3":"status-publish","4":"format-standard","5":"has-post-thumbnail","7":"category-tv","8":"tag-all","9":"tag-amor","10":"tag-confesiones","11":"tag-declaracion","12":"tag-entertainment","13":"tag-entretenimiento","14":"tag-es","15":"tag-espana","16":"tag-expulsado","17":"tag-humedos","18":"tag-nuevo","19":"tag-spain","20":"tag-stars","21":"tag-suenos","22":"tag-supervivientes","23":"tag-tv"},"share_on_mastodon":{"url":"","error":""},"_links":{"self":[{"href":"https:\/\/www.europesays.com\/es\/wp-json\/wp\/v2\/posts\/182070","targetHints":{"allow":["GET"]}}],"collection":[{"href":"https:\/\/www.europesays.com\/es\/wp-json\/wp\/v2\/posts"}],"about":[{"href":"https:\/\/www.europesays.com\/es\/wp-json\/wp\/v2\/types\/post"}],"author":[{"embeddable":true,"href":"https:\/\/www.europesays.com\/es\/wp-json\/wp\/v2\/users\/2"}],"replies":[{"embeddable":true,"href":"https:\/\/www.europesays.com\/es\/wp-json\/wp\/v2\/comments?post=182070"}],"version-history":[{"count":0,"href":"https:\/\/www.europesays.com\/es\/wp-json\/wp\/v2\/posts\/182070\/revisions"}],"wp:featuredmedia":[{"embeddable":true,"href":"https:\/\/www.europesays.com\/es\/wp-json\/wp\/v2\/media\/182071"}],"wp:attachment":[{"href":"https:\/\/www.europesays.com\/es\/wp-json\/wp\/v2\/media?parent=182070"}],"wp:term":[{"taxonomy":"category","embeddable":true,"href":"https:\/\/www.europesays.com\/es\/wp-json\/wp\/v2\/categories?post=182070"},{"taxonomy":"post_tag","embeddable":true,"href":"https:\/\/www.europesays.com\/es\/wp-json\/wp\/v2\/tags?post=182070"}],"curies":[{"name":"wp","href":"https:\/\/api.w.org\/{rel}","templated":true}]}}