{"id":182076,"date":"2025-10-17T04:25:11","date_gmt":"2025-10-17T04:25:11","guid":{"rendered":"https:\/\/www.europesays.com\/es\/182076\/"},"modified":"2025-10-17T04:25:11","modified_gmt":"2025-10-17T04:25:11","slug":"muere-su-hermano-rafael-a-los-56-anos","status":"publish","type":"post","link":"https:\/\/www.europesays.com\/es\/182076\/","title":{"rendered":"muere su hermano Rafael a los 56 a\u00f1os"},"content":{"rendered":"<p class=\"paragraph\" id=\"paragraph_1\">Dur\u00edsimo golpe el que ha recibido este jueves, 16 de octubre, la familia Cuesta Unkhoff: ha fallecido <strong>Rafael Cuesta<\/strong>, el hermano de<strong> Blanca Cuesta <\/strong>(51 a\u00f1os), mujer de <strong>Borja Thyssen <\/strong>(45), a los 56 a\u00f1os. Rafael ha perdido la vida tras encarar una larga enfermedad.<\/p>\n<p class=\"paragraph\" id=\"paragraph_2\">La noticia, avanzada por Vanitatis, ha destrozado a toda la familia y a los m\u00e1s allegados. Desde que Rafael cay\u00f3 enfermo, la<strong> preocupaci\u00f3n<\/strong> en torno a su salud ha sido m\u00e1xima. Sobre todo, en los \u00faltimos meses.<\/p>\n<p class=\"paragraph\" id=\"paragraph_3\">Especialmente rotos y destrozados se encuentran en estos momentos la hermana del finado, Blanca Cuesta, y los padres de ambos, <strong>Miguel Cuesta<\/strong> y<strong> Heidi Unkhoff<\/strong>, ambos <strong>profesionales de la salud<\/strong>.<\/p>\n<p><img loading=\"lazy\" decoding=\"async\" alt=\"Alberto Mart\u00edn,  exmarido de Lydia Bosch, construye la pr\u00f3xima casa de Borja Thyssen y Blanca Cuesta.\" height=\"180\" src=\"https:\/\/www.europesays.com\/es\/wp-content\/uploads\/2025\/10\/934167084_254206265_320x180.jpg\" width=\"320\" data-lazy-status=\"processed\" data-lazy-info=\"remove loading item 1\"\/><\/p>\n<p><img decoding=\"async\" alt=\"Blanca Cuesta y Borja Thyssen en una fotograf\u00eda de archivo.\" data-imgm=\"true\" height=\"180\" loading=\"lazy\"  src=\"https:\/\/www.europesays.com\/es\/wp-content\/uploads\/2025\/10\/1003743972700_259403729_1024x576.jpg\"  width=\"320\"\/><\/p>\n<p>                                                            Blanca Cuesta y Borja Thyssen en una fotograf\u00eda de archivo.<\/p>\n<p>                    Gtres<\/p>\n<p class=\"paragraph\" id=\"paragraph_4\">\u00abLo peor es ver sufrir a un hijo cuando ya no hay futuro vital y la ciencia m\u00e9dica ya no puede hacer nada\u00bb, manifestaron Miguel y Heidi, hace un tiempo, en el citado medio, en relaci\u00f3n a la enfermedad que padec\u00eda su v\u00e1stago. \u00abEs muy duro. <strong>Es irracional ver morir a un hijo<\/strong>\u00ab, agregaron.<\/p>\n<p class=\"paragraph\" id=\"paragraph_5\">Huelga decir que los padres de Blanca Cuesta est\u00e1n vinculados con el \u00e1mbito de la salud. Por un lado, el padre es <strong>cirujano tor\u00e1cico<\/strong>, jubilado del Hospital M\u00fatua de Terrassa; y Heidi Unkhoff, la madre, es enfermera de vocaci\u00f3n.<\/p>\n<p class=\"paragraph\" id=\"paragraph_6\">La familia, <strong>profundamente creyente<\/strong>, encuentra consuelo en la esperanza de un reencuentro espiritual. Blanca Cuesta, junto a sus hermanos, ha mantenido siempre una relaci\u00f3n estrecha con sus padres, al margen de los conflictos p\u00fablicos que han rodeado a Borja Thyssen.<\/p>\n<p class=\"paragraph\" id=\"paragraph_7\">El a\u00f1o pasado celebraron juntos el centenario de Miguel Cuesta, <strong>una ocasi\u00f3n que reuni\u00f3 a hijos<\/strong>,\u00a0<strong>nietos y amigos en Barcelona<\/strong>. Este a\u00f1o, las fiestas estar\u00e1n marcadas por la ausencia de Rafael, aunque, como ha expresado el medio de comunicaci\u00f3n, \u00absiempre estar\u00e1 entre nosotros\u00bb.<\/p>\n<p><img decoding=\"async\" alt=\"Blanca Cuesta en una fotograf\u00eda tomada en la Feria de ARCO, en 2019.\" data-imgm=\"true\" height=\"854\" loading=\"lazy\"  src=\"https:\/\/www.europesays.com\/es\/wp-content\/uploads\/2025\/10\/1003743972717_259403925_1280x1706.jpg\"  width=\"640\"\/><\/p>\n<p>                                                            Blanca Cuesta en una fotograf\u00eda tomada en la Feria de ARCO, en 2019.<\/p>\n<p>                    Gtres<\/p>\n<p class=\"paragraph\" id=\"paragraph_8\">Sea como fuere, este deceso ha tra\u00eddo a la primera l\u00ednea de los titulares la figura de Blanca Cuesta,<strong> siempre tan discreta<\/strong>. En la actualidad, y antes de este rev\u00e9s familiar, Blanca viv\u00eda un momento de gran serenidad y estabilidad familiar.\u00a0<\/p>\n<p class=\"paragraph\" id=\"paragraph_9\">Blanca vive <strong>volcada en su familia y en su faceta art\u00edstica<\/strong>, lejos del foco medi\u00e1tico que marc\u00f3 sus primeros a\u00f1os junto al hijo de la<strong> Baronesa Thyssen <\/strong>(82). Madre de cinco hijos, Blanca ha construido un entorno familiar s\u00f3lido y discreto, centrado en la educaci\u00f3n y el bienestar de los peque\u00f1os.<\/p>\n<p class=\"paragraph\" id=\"paragraph_10\">Las vacaciones en Ibiza o las escapadas a <strong>Gstaad<\/strong>, donde Borja adquiri\u00f3 un apartamento doble,<strong> son parte de su rutina<\/strong>, siempre acompa\u00f1ada por sus seres queridos.<\/p>\n<p class=\"paragraph\" id=\"paragraph_11\">Su pasi\u00f3n por la pintura ha sido una constante en su vida adulta. Desde que en 2012 expuso por primera vez en la <strong>Feria ARCO<\/strong>, Blanca ha desarrollado una carrera art\u00edstica con identidad propia.<\/p>\n<p class=\"paragraph\" id=\"paragraph_12\">Sus obras,<strong> de estilo abstracto y emocional<\/strong>, han sido bien recibidas en c\u00edrculos especializados, y ha participado en exposiciones tanto en Espa\u00f1a como en el extranjero.<\/p>\n<p><img decoding=\"async\" alt=\"El matrimonio en un evento social.\" data-imgm=\"true\" height=\"240\" loading=\"lazy\"  src=\"https:\/\/www.europesays.com\/es\/wp-content\/uploads\/2025\/10\/1003743972723_259403992_854x640.jpg\"  width=\"320\"\/><\/p>\n<p>                                                            El matrimonio en un evento social.<\/p>\n<p>                    Gtres<\/p>\n<p class=\"paragraph\" id=\"paragraph_13\">Adem\u00e1s, junto a Borja, ha apoyado iniciativas culturales vinculadas al Museo Thyssen-Bornemisza, <strong>como la inauguraci\u00f3n de exposiciones y acuerdos de colaboraci\u00f3n con instituciones p\u00fablicas<\/strong>.<\/p>\n<p class=\"paragraph\" id=\"paragraph_14\"><strong>La relaci\u00f3n con Carmen Cervera ha atravesado altibajos a lo largo de los a\u00f1os<\/strong>. En sus inicios, Blanca fue vista con recelo por la familia Thyssen, protagonizando desencuentros p\u00fablicos con su suegra.<\/p>\n<p class=\"paragraph\" id=\"paragraph_15\">Sin embargo, en los \u00faltimos tiempos, <strong>ambas han mostrado gestos de acercamiento<\/strong>. Blanca celebr\u00f3 su 49 cumplea\u00f1os en un clima de reconciliaci\u00f3n, y aunque las tensiones no han desaparecido del todo, se percibe una voluntad de mantener la paz familiar.<\/p>\n","protected":false},"excerpt":{"rendered":"Dur\u00edsimo golpe el que ha recibido este jueves, 16 de octubre, la familia Cuesta Unkhoff: ha fallecido Rafael&hellip;\n","protected":false},"author":2,"featured_media":182077,"comment_status":"","ping_status":"","sticky":false,"template":"","format":"standard","meta":{"footnotes":""},"categories":[91],"tags":[51604,146,147,25,24,367,256,4809,23],"class_list":{"0":"post-182076","1":"post","2":"type-post","3":"status-publish","4":"format-standard","5":"has-post-thumbnail","7":"category-entretenimiento","8":"tag-borja-thyssen","9":"tag-entertainment","10":"tag-entretenimiento","11":"tag-es","12":"tag-espana","13":"tag-familia","14":"tag-famosos","15":"tag-muertes","16":"tag-spain"},"share_on_mastodon":{"url":"","error":""},"_links":{"self":[{"href":"https:\/\/www.europesays.com\/es\/wp-json\/wp\/v2\/posts\/182076","targetHints":{"allow":["GET"]}}],"collection":[{"href":"https:\/\/www.europesays.com\/es\/wp-json\/wp\/v2\/posts"}],"about":[{"href":"https:\/\/www.europesays.com\/es\/wp-json\/wp\/v2\/types\/post"}],"author":[{"embeddable":true,"href":"https:\/\/www.europesays.com\/es\/wp-json\/wp\/v2\/users\/2"}],"replies":[{"embeddable":true,"href":"https:\/\/www.europesays.com\/es\/wp-json\/wp\/v2\/comments?post=182076"}],"version-history":[{"count":0,"href":"https:\/\/www.europesays.com\/es\/wp-json\/wp\/v2\/posts\/182076\/revisions"}],"wp:featuredmedia":[{"embeddable":true,"href":"https:\/\/www.europesays.com\/es\/wp-json\/wp\/v2\/media\/182077"}],"wp:attachment":[{"href":"https:\/\/www.europesays.com\/es\/wp-json\/wp\/v2\/media?parent=182076"}],"wp:term":[{"taxonomy":"category","embeddable":true,"href":"https:\/\/www.europesays.com\/es\/wp-json\/wp\/v2\/categories?post=182076"},{"taxonomy":"post_tag","embeddable":true,"href":"https:\/\/www.europesays.com\/es\/wp-json\/wp\/v2\/tags?post=182076"}],"curies":[{"name":"wp","href":"https:\/\/api.w.org\/{rel}","templated":true}]}}