{"id":182088,"date":"2025-10-17T04:32:10","date_gmt":"2025-10-17T04:32:10","guid":{"rendered":"https:\/\/www.europesays.com\/es\/182088\/"},"modified":"2025-10-17T04:32:10","modified_gmt":"2025-10-17T04:32:10","slug":"antonio-chacon-sale-de-la-cuadrilla-de-roca","status":"publish","type":"post","link":"https:\/\/www.europesays.com\/es\/182088\/","title":{"rendered":"Antonio Chac\u00f3n sale de la cuadrilla de Roca"},"content":{"rendered":"<p>            <a href=\"https:\/\/www.lascosasdeltoro.com\/wp-content\/uploads\/2025\/10\/Antonio-Chacon.jpg\" data-caption=\"Screenshot\" rel=\"nofollow noopener\" target=\"_blank\"><img loading=\"lazy\" decoding=\"async\" width=\"696\" height=\"1028\" class=\"entry-thumb td-modal-image\" src=\"https:\/\/www.europesays.com\/es\/wp-content\/uploads\/2025\/10\/Antonio-Chacon-696x1028.jpg\"   alt=\"\" title=\"Screenshot\"\/><\/a>Screenshot<\/p>\n<p>Uno de los hombres de plata m\u00e1s importantes de estas \u00faltimas temporadas, <strong>Antonio Chac\u00f3n<\/strong> ha quedado de forma sorpresiva libre, pues ha salido de la cuadrilla del matador de toros peruano <strong>Andr\u00e9s Roca Rey.<\/strong><\/p>\n<p>El banderillero nos ha comunicado de forma oficial que por lo pronto queda libre de cara a la temporada 2026.<\/p>\n<p>Chac\u00f3n ha estado toda esta temporada a las \u00f3rdenes del torero peruano.<\/p>\n<p>Como vemos siguen los movimientos de las cuadrillas de cara a la pr\u00f3xima temporada, algunos de los cuales como este ha sido totalmente inesperado.<\/p>\n<p>Inform\u00f3: ROGELIO BURNAO. Granada. Foto: archivo.<\/p>\n<p><a href=\"#\"><img decoding=\"async\" src=\"https:\/\/www.lascosasdeltoro.com\/wp-content\/uploads\/2016\/10\/rec728.jpg\"\/><\/a>        <\/p>\n","protected":false},"excerpt":{"rendered":"Screenshot Uno de los hombres de plata m\u00e1s importantes de estas \u00faltimas temporadas, Antonio Chac\u00f3n ha quedado de&hellip;\n","protected":false},"author":2,"featured_media":182089,"comment_status":"","ping_status":"","sticky":false,"template":"","format":"standard","meta":{"footnotes":""},"categories":[277],"tags":[373,168,25,24,23,167,374],"class_list":{"0":"post-182088","1":"post","2":"type-post","3":"status-publish","4":"format-standard","5":"has-post-thumbnail","7":"category-toreo","8":"tag-bullfighting","9":"tag-deportes","10":"tag-es","11":"tag-espana","12":"tag-spain","13":"tag-sports","14":"tag-toreo"},"share_on_mastodon":{"url":"","error":""},"_links":{"self":[{"href":"https:\/\/www.europesays.com\/es\/wp-json\/wp\/v2\/posts\/182088","targetHints":{"allow":["GET"]}}],"collection":[{"href":"https:\/\/www.europesays.com\/es\/wp-json\/wp\/v2\/posts"}],"about":[{"href":"https:\/\/www.europesays.com\/es\/wp-json\/wp\/v2\/types\/post"}],"author":[{"embeddable":true,"href":"https:\/\/www.europesays.com\/es\/wp-json\/wp\/v2\/users\/2"}],"replies":[{"embeddable":true,"href":"https:\/\/www.europesays.com\/es\/wp-json\/wp\/v2\/comments?post=182088"}],"version-history":[{"count":0,"href":"https:\/\/www.europesays.com\/es\/wp-json\/wp\/v2\/posts\/182088\/revisions"}],"wp:featuredmedia":[{"embeddable":true,"href":"https:\/\/www.europesays.com\/es\/wp-json\/wp\/v2\/media\/182089"}],"wp:attachment":[{"href":"https:\/\/www.europesays.com\/es\/wp-json\/wp\/v2\/media?parent=182088"}],"wp:term":[{"taxonomy":"category","embeddable":true,"href":"https:\/\/www.europesays.com\/es\/wp-json\/wp\/v2\/categories?post=182088"},{"taxonomy":"post_tag","embeddable":true,"href":"https:\/\/www.europesays.com\/es\/wp-json\/wp\/v2\/tags?post=182088"}],"curies":[{"name":"wp","href":"https:\/\/api.w.org\/{rel}","templated":true}]}}