{"id":182094,"date":"2025-10-17T04:38:09","date_gmt":"2025-10-17T04:38:09","guid":{"rendered":"https:\/\/www.europesays.com\/es\/182094\/"},"modified":"2025-10-17T04:38:09","modified_gmt":"2025-10-17T04:38:09","slug":"rudy-cierra-en-lleida-la-emotiva-ceremonia-de-ingreso-de-la-5a-promocion-del-hall-of-fame","status":"publish","type":"post","link":"https:\/\/www.europesays.com\/es\/182094\/","title":{"rendered":"Rudy cierra en Lleida la emotiva ceremonia de ingreso de la 5\u00aa Promoci\u00f3n del Hall of Fame"},"content":{"rendered":"<p>Rudy cierra en Lleida la emotiva ceremonia de ingreso de la 5\u00aa Promoci\u00f3n del Hall of Fame<\/p>\n<p>La emblem\u00e1tica Seu Vella de Lleida ha sido este jueves el escenario de la emotiva ceremonia de ingreso de la 5\u00aa Promoci\u00f3n del Hall of Fame del Baloncesto Espa\u00f1ol, el proyecto de la FEB y el diario As con el que se tributa reconocimiento y recuerdo, de forma individual o colectiva, a los m\u00e1s destacados protagonistas de la historia de nuestro deporte. En esta edici\u00f3n, los protagonistas han sido cinco jugadores-as, un entrenador, un \u00e1rbitro y dos clubs, que se han sumado a los 64 miembros ya ingresados en las cuatro ediciones precedentes, todo un elenco de representantes de la historia de nuestro deporte.<\/p>\n<p>\u00c1REA DE COMUNICACI\u00d3N FEB<\/p>\n<p>M\u00e1s de 200 invitados, entre ellos representantes institucionales, de las empresas patrocinadoras de la FEB y familiares y amigos de los ingresados, han vivido este jueves la emotiva ceremonia de ingreso de los miembros de la 5\u00aa Promoci\u00f3n del Hall of Fame del Baloncesto Espa\u00f1ol: los jugadores y jugadoras Rudy Fern\u00e1ndez, Jordi Villacampa, Lucila Pascua, Ana Bel\u00e9n \u00c1lvaro y Joe Arlauckas, el entrenador Svetislav Pesic, el \u00e1rbitro Santiago Fern\u00e1ndez y los clubs Joventut de Badalona y Estudiantes de Madrid. Todos ellos han recogido el reconocimiento y cari\u00f1o de todos los presentes en una noche que, como las de los cuatro a\u00f1os anteriores, ha sido una noche m\u00e1gica.<\/p>\n<p>Elisa Aguilar: \u201cEsta ceremonia es un momento \u00fanico\u201d<br \/>&#13;<br \/>\n El evento, que han presentado Marta Fern\u00e1ndez y Pacoj\u00f3 Delgado, lo ha abierto la presidenta de la FEB, Elisa Aguilar, quien ha empezado diciendo que \u201cen esta quinta Promoci\u00f3n estrena una nueva ubicaci\u00f3n y quiero agradec\u00e9rselo a las instituciones de Lleida y en especial al conceller de la Generalitat, Berni Alvarez, muchas gracias por la huella que est\u00e1s dejando\u201d. Tambi\u00e9n ha agradecido el apoyo de CaixaBank al Hall of Fame y a todos los socios de la FEB\u201d. \u201cNo es f\u00e1cil sintetizar lo que significa este Hall of Fame \u2013ha a\u00f1adido- pero lo podemos resumir con que todos, los que ya est\u00e1n y los que estar\u00e1n, sois parte important\u00edsima de nuestra historia\u201d. Y ha tenido palabras especiales y plenas de cari\u00f1o para cada uno de los nueve nuevos miembros a los que ha agradecido \u201cvuestra contribuci\u00f3n al baloncesto espa\u00f1ol. La ceremonia de ingreso al Hall of Fame es un momento \u00fanico, y recordando todos los \u00e9xitos de nuestro baloncesto, ha finalizado asegurando que \u201ccada ma\u00f1ana cuando atravieso la puerta de la FEB me digo que lo mejor est\u00e1 por llegar\u201d.<\/p>\n<p>F\u00e9lix Larrosa: \u201cEncantado de compartir una noche cono \u00e9sta\u201d<br \/>&#13;<br \/>\n El testigo de Elisa Aguilar lo ha recogido el alcalde de Lleida. F\u00e9lix Larrosa ha dado la bienvenida a todos a Lleida\u201d y ha explicado \u201cel orgullo de esta Seu, cuya construcci\u00f3n ya represent\u00f3 los valores de uni\u00f3n, trabajo en equipo y compromiso\u201d. \u201cEstoy orgulloso y contento de recibir el Hall of Fame del baloncesto en nuestra ciudad, de teneros a todos aqu\u00ed\u201d. Y ha finalizado: \u201cAqu\u00ed estamos, a vuestra disposici\u00f3n y encantado de compartir con vosotros una noche como \u00e9sta\u201d.<\/p>\n<p>Luci Pascua: \u201cEstar aqu\u00ed es muy emocionante\u201d<br \/>&#13;<br \/>\n El propio Larrosa ha sido el cargado de recibir a la primera ingresada de la noche, Lucila Pascua. \u201cVen\u00eda con muchas cosas pensadas para decir pero lo resumo en que es un placer estar aqu\u00ed esta noche y compartir la promoci\u00f3n con los dem\u00e1s ingresados. Es muy emocionante. Tengo much\u00edsimos agradecimientos pero no quiero decir nombres porque seguro que me dejar\u00eda alguno\u201d. De modo que ha dado las gracias a todos los que han participado de su carrera deportiva. \u201cEspecialmente a mis imprescindibles (las amigas y amigos que le han acompa\u00f1ado)\u00a0 y sobre todo recordar a mis padres, ojal\u00e1 hubieran estado aqu\u00ed, pero se fueron demasiado pronto\u201d.<\/p>\n<p>Santiago Fern\u00e1ndez: \u201cEl baloncesto me hizo como persona\u201d<br \/>&#13;<br \/>\n El hist\u00f3rico ex \u00e1rbitro Santiago Fern\u00e1ndez, el miembro m\u00e1s veterano de esta 5\u00aa Promoci\u00f3n, ha querido \u201cdar las gracias a la Federaci\u00f3n Espa\u00f1ola, a Lleida y a todos los dem\u00e1s galardonados por todo lo que han hecho por nuestro baloncesto\u201d. Estoy en deuda con el baloncesto, me ha hecho como persona, y quiero recordar a todos los que me han ayudado y me han tra\u00eddo hasta aqu\u00ed\u201d. Adem\u00e1s, ha mencionado a otros muchos y en especial a Jos\u00e9 Vallejo, el gran referente de los \u00e1rbitros catalanes, rememorando tambi\u00e9n \u201cmi arbitraje en los Juegos Ol\u00edmpicos de Mexico en 1968\u201d. Fern\u00e1ndez ha finalizado nombrando a Eduardo Portela y recordando que su hijo fue tambi\u00e9n \u00e1rbitro, como sus dos nietos.<\/p>\n<p>Jordi Villacampa: \u201cMuy contento de coincidir con Rudy y el Joventut\u201d<br \/>&#13;<br \/>\n El legendario ex internacional Jordi Villacampa, quien a\u00fan ostenta el r\u00e9cord de anotaci\u00f3n en un partido de la Selecci\u00f3n, ha sido el siguiente, recibido por Marta Capdevila, de CaixaBank. Jordi ha asegurado que \u201ceste reconocimiento es como cerrar un c\u00edrculo emocional que me lleva al d\u00eda en que entr\u00e9 por primera vez en el pabell\u00f3n de Aussias March\u201d. Ha recordado que \u201ccon el Joventut fuimos la alternativa a los grandes clubs\u201d, su etapa en la Selecci\u00f3n, el \u2018boom\u2019 de mediados de los a\u00f1os 80. \u201cEstoy muy contento de coincidir en la misma promoci\u00f3n que Rudy, al que intentamos dar todo para que tuviera una gran carrera, y por supuesto que el Joventut\u201d. Y ha tenido palabras de recuerdo y cari\u00f1o para sus padres y su esposa Mayte, presente en la ceremonia. \u201cMe honra estar junto a gente que ha sido tan importante para nuestro baloncesto\u201d.<\/p>\n<p>Joan Talarn: \u201cUn placer daros la bienvenida\u201d<br \/>&#13;<br \/>\n El presidente de la Diputaci\u00f3 de Lleida, Joan Talarn, ha protagonizado el primer par\u00e9ntesis de la ceremonia, para destacar que \u201ces un placer daros la bienvenida a Lleida y ofreceros este magn\u00edfico espacio\u201d. Ha recordado adem\u00e1s que Lleida es una referencia en el deporte con la clave de \u201ctrabajar en la cantera\u201d y se ha mostrado feliz por vivir la ceremonia del Hall of Fame.<\/p>\n<p>Ignacio Triana: \u201cEs un honor entrar en este Hall of Fame\u201d<br \/>&#13;<br \/>\n Ha llegado el turno para el Club Estudiantes, en la persona de su presidente, Ignacio Triana, a quien han recibido los presidentes de las federaciones de Madrid y Catalana, Santos Moraga y Ferran Aril respectivamente. \u201cInfinitas gracias \u2013ha dicho Triana para empezar-, al diario As, a la Federaci\u00f3n, creo que formamos un buen trabajo en equipo conjunto para formar el talento\u201d. \u201cEsto empieza cuando hace tantos a\u00f1os un profesor decide que el baloncesto iba a ser una asignatura m\u00e1s, y esta carrera hist\u00f3rica, en la que han participado tantos, quiero centrarla en la persona de Miguel Angel Bufal\u00e1\u201d. Y ha querido tambi\u00e9n destacar que \u201ces un honor entrar en este Hall of Fame, y hacerlo junto al Joventut porque somos clubs con los mismos valores\u201d. \u201cSomos un equipo de patio de colegio y afortunadamente seguiremos si\u00e9ndolo\u201d.<\/p>\n<p>Ana Bel\u00e9n \u00c1lvaro: \u201cEl baloncesto ha sido mi escuela de vida\u201d<br \/>&#13;<br \/>\n A la siguiente ingresada, Ana Bel\u00e9n \u00c1lvaro, le han dado la bienvenida al Hall of Fame los presidentes de las federaciones Andaluza y Aragonesa, Antonio de Torres y Jos\u00e9 Miguel Sierra. Para la hist\u00f3rica ex base, \u201cestoy aqu\u00ed gracias a un grupo de personas que me han acompa\u00f1ado en este viaje: mi padre, mi madre, mi hermana, y tambi\u00e9n tengo que dar las gracias a todos los entrenadores que he tenido, todos me han ayudado a formarme\u201d. Y tambi\u00e9n ha remarcado que \u201ctodas mis compa\u00f1eras en equipos y selecciones, los momentos que pasamos recordando todas las an\u00e9cdotas de tantos a\u00f1os. El baloncesto me ha aportado much\u00edsimo, me ha dado una vida llena de emociones y experiencias. Ha sido la escuela de mi vida. Gracias a todos\u201d.<\/p>\n<p>Svetislav Pesic: \u201cGracias a la Federaci\u00f3n y todos los que han hecho de este pa\u00eds un ejemplo\u201d<br \/>&#13;<br \/>\n Tras recordar en un emotivo par\u00e9ntesis a los ingresados en las ediciones anteriores en un bonito video retrospectivo, le ha llegado el momento a Svetislav Pesic. El legendario entrenador serbio ha reconocido que \u201centrar en el Hall of Fame del baloncesto espa\u00f1ol es un gran honor para m\u00ed, algo especial. Formar parte de una Liga tan grande como la ACB es siempre una motivaci\u00f3n para todos los entrenadores del mundo\u201d. Ha repasado su paso por el Bar\u00e7a, Girona y Valencia, \u201ctodos estos equipos han quedado para siempre en mi coraz\u00f3n\u201d. Y ha destacado el papel del entrenador, que \u201cno puede pensar que est\u00e1 por encima de los jugadores o del club. Cuando se logra un buen equilibrio se puede esperar grandes resultados\u201d. \u201cGracias a la Federaci\u00f3n y a todos los que han hecho de este pa\u00eds un ejemplo para el baloncesto\u201d.<\/p>\n<p>Juan Antonio Morales: \u201cSin cantera el baloncesto no tiene sentido\u201d<br \/>&#13;<br \/>\n Al presidente del Club Joventut de Badalona, Juan Antonio Morales, le ha dado la bienvenida el conseller d\u2019Esports de la Generalitat, Berni \u00c1lvarez. Morales ha dado las gracias por este reconocimiento \u201cde parte de todos los jugadores y entrenadores de la historia de nuestro club, es tambi\u00e9n un placer coincidir en esta promoci\u00f3n con dos jugadores formados en la Penya como Rudy Fern\u00e1ndez y Jordi Villacampa\u201d. Ha remarcado las dificultades del trabajo de los clubs de cantera pero tambi\u00e9n que \u201csin la cantera el baloncesto no tiene sentido, tanto en las grandes momentos como en los dif\u00edciles\u201d. Ha finalizado agradeciendo la labor \u201cde los entrenadores que trabajan cada d\u00eda con nuestros jugadores y jugadoras\u00a0<\/p>\n<p>Berni \u00c1lvarez: \u201cCuando nos planteamos traer el Hall of Fame nos entendimos enseguida\u201d<br \/>&#13;<br \/>\n Tras ingresar a la Penya, Berni \u00c1lvarez ha realizado un breve parlamento, en el que ha dejado constancia de que \u201ccuando nos planteamos acoger el Hall of Fame con Elisa nos entendimos enseguida\u201d, ha agradecido tambi\u00e9n el apoyo de la ciudad de Lleida y la Diputaci\u00f3 y ha destacado el momento que vive el baloncesto catal\u00e1n con tantos equipos en las dos primeras Ligas nacionales. \u201cTenemos que cuidar a nuestros referentes, tenemos un deber de recordar a quienes han dado toda su vida para que el deporte tenga impacto. Por eso necesitamos que eventos como \u00e9ste tengan el espacio y el valor que merecen\u201d. Y ha recordado asimismo la hist\u00f3rica \u2018final four\u2019 de la Liga Europa que en 1992 reuni\u00f3 a Penya y Estudiantes en Estambul, una fase final \u201cen la que todo el mundo iba con dos equipos\u201d. \u201cMuchas gracias a todos \u2013ha concluido- y a disfrutar de este escenario y esta velada\u201d.<\/p>\n<p>Joe Arlauckas: \u201cEs un momento muy especial para m\u00ed, Epa\u00f1a es mi casa\u201d<br \/>&#13;<br \/>\n El recibimiento a Joe Arlauckas ha corrido a cargo de Elisa Aguilar. El hist\u00f3rico jugador estadounidense, de amplio recorrido en nuestro baloncesto, ha dado las gracias a la Federaci\u00f3, el diario As y los miembros del jurado que le han elegido. Ha dicho que \u201cde peque\u00f1o ten\u00eda el sue\u00f1o de ser deportista, quer\u00eda jugar a b\u00e9isbol y al final acab\u00e9 en el baloncesto, as\u00ed que no s\u00e9 c\u00f3mo he llegado hasta aqu\u00ed\u201d. Ha repasado su historial antes de llegar a Espa\u00f1a, empezando por M\u00e1laga, las dificultades, \u201cy si no llego a venir a M\u00e1laga no estar\u00eda esta noche junto a vosotros. \u201cEsta es mi casa, Espa\u00f1a es mi casa, este es un momento muy especial para m\u00ed. Muchas gracias\u201d.<\/p>\n<p>Rudy Fern\u00e1ndez: \u201cLos t\u00edtulos son muy bonitos pero me quedo con la Familia\u201d<br \/>&#13;<br \/>\n Y el ingreso de Rudy Fern\u00e1ndez, el m\u00e1s que legendario jugador de Espa\u00f1a, uno de los grandes referentes de nuestro baloncesto en las dos \u00faltimas d\u00e9cadas, ha puesto la guinda a la ceremonia. \u201cTen\u00eda algo escrito \u2013ha asegurado-, pero es mejor dar el agradecimiento a todos los que han considerado que pod\u00eda estar aqu\u00ed, sobre todo en esta quinta, el 5 que me ha acompa\u00f1ado siempre\u201d. \u201cTengo que hablar del gran orgullo que significa tener hoy aqu\u00ed a mi lado a mi hermana, Marta, gracias por haber sido mi referente, hemos estado juntos en todos los momentos\u2026 Mi hermana merece este momento y tambi\u00e9n me madre, que te quiero mucho, todo lo que he conseguido ha sido gracias a ti y a pap\u00e1. Siempre os he tenido al lado, apoyando. Cuando yo a mi padre le dec\u00eda \u201cyo quiero llamarme Jordi Villacampa\u201d y mi padre me dec\u00eda que no, que ten\u00eda que ser \u201cRodolfo Fern\u00e1ndez\u201d y mi madre dijo que no, que Rudy. Mis padres han sido nuestros referentes, y no quiero olvidarme de mis abuelos\u201d. Por \u00faltimo, Rudy ha asegurado que \u201ccon la Selecci\u00f3n han sido dos d\u00e9cadas inolvidables, exitosas, todos los t\u00edtulos son muy bonitos pero me quedo con La Familia. El momento m\u00e1s duro de gestionar, en 2019, la Federaci\u00f3n estuvo a mi lado, me cuid\u00f3, Jorge Garbajosa, Elisa\u2026\u201d La Familia de la que Rudy Fern\u00e1ndez ha sido capit\u00e1n y bandera durante tantos a\u00f1os para la historia.<\/p>\n<p>La foto de familia ha sido el punto final de la noche, otra noche inolvidable para un Hall of Fame del Baloncesto Espa\u00f1ol que ha celebrado su quinta edici\u00f3n en un marco incomparable y apunta ya a la sexta.<br \/>&#13;<br \/>\n \u00a0<\/p>\n","protected":false},"excerpt":{"rendered":"Rudy cierra en Lleida la emotiva ceremonia de ingreso de la 5\u00aa Promoci\u00f3n del Hall of Fame La&hellip;\n","protected":false},"author":2,"featured_media":182095,"comment_status":"","ping_status":"","sticky":false,"template":"","format":"standard","meta":{"footnotes":""},"categories":[269],"tags":[4605,299,1918,298,4597,4613,4616,4609,4608,4610,168,4603,4606,25,24,4120,4598,4614,2713,4601,830,4599,4600,4602,4615,4617,4607,4604,23,167,4611,4612],"class_list":{"0":"post-182094","1":"post","2":"type-post","3":"status-publish","4":"format-standard","5":"has-post-thumbnail","7":"category-baloncesto","8":"tag-arbitros-baloncesto","9":"tag-baloncesto","10":"tag-basket","11":"tag-basketball","12":"tag-basquet","13":"tag-canalfeb","14":"tag-clasificacion","15":"tag-copa-princesa","16":"tag-copa-principe","17":"tag-copa-reina","18":"tag-deportes","19":"tag-eba","20":"tag-entrenadores-baloncesto","21":"tag-es","22":"tag-espana","23":"tag-estadisticas","24":"tag-federacion-baloncesto","25":"tag-jornada-virtual","26":"tag-jugadores","27":"tag-laeb-plata","28":"tag-leb-oro","29":"tag-liga-espana","30":"tag-liga-espanola-baloncesto","31":"tag-liga-femenina","32":"tag-marcadores-baloncesto","33":"tag-rankings","34":"tag-reglas-baloncesto","35":"tag-seleccion-baloncesto","36":"tag-spain","37":"tag-sports","38":"tag-supercopa","39":"tag-television-baloncesto"},"share_on_mastodon":{"url":"","error":""},"_links":{"self":[{"href":"https:\/\/www.europesays.com\/es\/wp-json\/wp\/v2\/posts\/182094","targetHints":{"allow":["GET"]}}],"collection":[{"href":"https:\/\/www.europesays.com\/es\/wp-json\/wp\/v2\/posts"}],"about":[{"href":"https:\/\/www.europesays.com\/es\/wp-json\/wp\/v2\/types\/post"}],"author":[{"embeddable":true,"href":"https:\/\/www.europesays.com\/es\/wp-json\/wp\/v2\/users\/2"}],"replies":[{"embeddable":true,"href":"https:\/\/www.europesays.com\/es\/wp-json\/wp\/v2\/comments?post=182094"}],"version-history":[{"count":0,"href":"https:\/\/www.europesays.com\/es\/wp-json\/wp\/v2\/posts\/182094\/revisions"}],"wp:featuredmedia":[{"embeddable":true,"href":"https:\/\/www.europesays.com\/es\/wp-json\/wp\/v2\/media\/182095"}],"wp:attachment":[{"href":"https:\/\/www.europesays.com\/es\/wp-json\/wp\/v2\/media?parent=182094"}],"wp:term":[{"taxonomy":"category","embeddable":true,"href":"https:\/\/www.europesays.com\/es\/wp-json\/wp\/v2\/categories?post=182094"},{"taxonomy":"post_tag","embeddable":true,"href":"https:\/\/www.europesays.com\/es\/wp-json\/wp\/v2\/tags?post=182094"}],"curies":[{"name":"wp","href":"https:\/\/api.w.org\/{rel}","templated":true}]}}