{"id":182101,"date":"2025-10-17T04:43:14","date_gmt":"2025-10-17T04:43:14","guid":{"rendered":"https:\/\/www.europesays.com\/es\/182101\/"},"modified":"2025-10-17T04:43:14","modified_gmt":"2025-10-17T04:43:14","slug":"la-aficionada-sevillana-del-athletic-que-aspira-a-ganar-operacion-triunfo-2025","status":"publish","type":"post","link":"https:\/\/www.europesays.com\/es\/182101\/","title":{"rendered":"La aficionada sevillana del Athletic que aspira a ganar Operaci\u00f3n Triunfo 2025"},"content":{"rendered":"<p><img fetchpriority=\"high\" class=\"v-a-img\" src=\"https:\/\/www.europesays.com\/es\/wp-content\/uploads\/2025\/10\/hinchaathleticot-ksCE-U2303399860564KmF-1200x840@El Correo.jpg\" loading=\"eager\" decoding=\"async\" alt=\"La aficionada sevillana del Athletic que aspira a ganar Operaci\u00f3n Triunfo 2025\"  width=\"1200\" height=\"840\"\/><\/p>\n<p>Cristina, de 18 a\u00f1os, tiene v\u00eddeos en su cuenta de Tik Tok en la final de Sevilla con la camiseta rojiblanca, equipo del que es hincha<\/p>\n<p><a class=\"v-mdl-ath__fig-a\" href=\"https:\/\/www.elcorreo.com\/autor\/juanma-mallo-90.html\" title=\"Juanma Mallo\" rel=\"nofollow noopener\" target=\"_blank\"><br \/>\n<img decoding=\"async\" class=\"v-mdl-ath__img\" src=\"https:\/\/www.europesays.com\/es\/wp-content\/uploads\/2025\/07\/autor-90-foto-2.jpeg\" alt=\"Juanma Mallo\"\/><br \/>\n<\/a><\/p>\n<p class=\"v-mdl-ath__p v-mdl-ath__p--6\">\nJueves, 16 de octubre 2025, 20:50<\/p>\n<p class=\"v-p\">Cristina S\u00e1nchez, una sevillana de 18 a\u00f1os que participa en &#8216;Operaci\u00f3n Triunfo 2025&#8217; y que es una de las favoritas para hacerse con el t\u00edtulo en la presente edici\u00f3n, lleva al Athletic en el coraz\u00f3n. Se puede ver en los v\u00eddeos colgados en Tik Tok de un d\u00eda hist\u00f3rico para todo hincha rojiblanco: el 6 de abril de 2024, la jornada en la que la formaci\u00f3n de Ernesto Valverde alz\u00f3 la Copa en la ciudad que vio nacer a esta cantante con m\u00e1s de 46.000 seguidores en Tik Tok. <\/p>\n<p class=\"v-p\">Con el t\u00edtulo \u00abyo me meo con mi padre, en serio esto merece ser publicado\u00bb, Cristina publica un v\u00eddeo en el que se ve a la marea rojiblanca dirigirse a pie a La Cartuja. Tambi\u00e9n se pasa por Athletic Hiria y muestra c\u00f3mo a su padre le hacen una entrevista. Siempre con la camiseta rojiblanca. <\/p>\n<p class=\"v-p\">Esta uni\u00f3n de Cristina con el Athletic no ha pasado desaparecibida para otras hinchas de la entidad bilba\u00edna. De hecho, una usuaria @anemartinezn pide apoyo para que la andaluza sea la vencedora de la edici\u00f3n presenta por Chenoa. \u00abTenemos la obligaci\u00f3n de que una athleticzale gane OT, Cristina debe ganar ese programa\u00bb, escribe. <\/p>\n<p class=\"v-p\">\u00bfPor qu\u00e9 se la considera una de las favoritas? En la primera gala consigui\u00f3 m\u00e1s de un mill\u00f3n de votos con su interpretaci\u00f3n de &#8216;APT&#8217;. Es la benjamina de la presente edici\u00f3n del programa. De hecho, muchos echan la vista atr\u00e1s y la comparan con Aitana. Estudiante de Doble Grado en Periodismo y Comunicaci\u00f3n, en el pasado curs\u00f3 baile, teatro, sabe tocar el piano&#8230; <\/p>\n<p>Reporta un error<\/p>\n","protected":false},"excerpt":{"rendered":"Cristina, de 18 a\u00f1os, tiene v\u00eddeos en su cuenta de Tik Tok en la final de Sevilla con&hellip;\n","protected":false},"author":2,"featured_media":182102,"comment_status":"","ping_status":"","sticky":false,"template":"","format":"standard","meta":{"footnotes":""},"categories":[171],"tags":[45,51609,9678,2182,146,147,25,24,2000,2885,45273,23,2886,214],"class_list":{"0":"post-182101","1":"post","2":"type-post","3":"status-publish","4":"format-standard","5":"has-post-thumbnail","7":"category-tv","8":"tag-45","9":"tag-aficionada","10":"tag-aspira","11":"tag-athletic","12":"tag-entertainment","13":"tag-entretenimiento","14":"tag-es","15":"tag-espana","16":"tag-ganar","17":"tag-operacion","18":"tag-sevillana","19":"tag-spain","20":"tag-triunfo","21":"tag-tv"},"share_on_mastodon":{"url":"","error":""},"_links":{"self":[{"href":"https:\/\/www.europesays.com\/es\/wp-json\/wp\/v2\/posts\/182101","targetHints":{"allow":["GET"]}}],"collection":[{"href":"https:\/\/www.europesays.com\/es\/wp-json\/wp\/v2\/posts"}],"about":[{"href":"https:\/\/www.europesays.com\/es\/wp-json\/wp\/v2\/types\/post"}],"author":[{"embeddable":true,"href":"https:\/\/www.europesays.com\/es\/wp-json\/wp\/v2\/users\/2"}],"replies":[{"embeddable":true,"href":"https:\/\/www.europesays.com\/es\/wp-json\/wp\/v2\/comments?post=182101"}],"version-history":[{"count":0,"href":"https:\/\/www.europesays.com\/es\/wp-json\/wp\/v2\/posts\/182101\/revisions"}],"wp:featuredmedia":[{"embeddable":true,"href":"https:\/\/www.europesays.com\/es\/wp-json\/wp\/v2\/media\/182102"}],"wp:attachment":[{"href":"https:\/\/www.europesays.com\/es\/wp-json\/wp\/v2\/media?parent=182101"}],"wp:term":[{"taxonomy":"category","embeddable":true,"href":"https:\/\/www.europesays.com\/es\/wp-json\/wp\/v2\/categories?post=182101"},{"taxonomy":"post_tag","embeddable":true,"href":"https:\/\/www.europesays.com\/es\/wp-json\/wp\/v2\/tags?post=182101"}],"curies":[{"name":"wp","href":"https:\/\/api.w.org\/{rel}","templated":true}]}}