{"id":182123,"date":"2025-10-17T05:00:27","date_gmt":"2025-10-17T05:00:27","guid":{"rendered":"https:\/\/www.europesays.com\/es\/182123\/"},"modified":"2025-10-17T05:00:27","modified_gmt":"2025-10-17T05:00:27","slug":"alonso-y-el-jefe-de-ingenieros-de-aston-martin-valoran-la-nueva-cara-de-su-monoplaza-se-ve-genial-asi","status":"publish","type":"post","link":"https:\/\/www.europesays.com\/es\/182123\/","title":{"rendered":"Alonso y el jefe de ingenieros de Aston Martin valoran la nueva &#8216;cara&#8217; de su monoplaza: \u00abSe ve genial as\u00ed\u00bb"},"content":{"rendered":"<p class=\"c-paragraph\"><b>Aston Martin presenta este fin de semana una nueva decoraci\u00f3n exclusiva para el Gran Premio de Estados Unidos de <a href=\"https:\/\/www.20minutos.es\/tags\/deportes\/formula-1.html\" title=\"F\u00f3rmula 1\" rel=\"nofollow noopener\" target=\"_blank\">F\u00f3rmula 1<\/a><\/b>. La escuder\u00eda brit\u00e1nica, completamente centrada en el desarrollo del monoplaza de 2026, busca maximizar sus resultados en lo que resta de temporada, y exhibir en uno de los grandes mercados mundiales a su principal patrocinador, Aramco, la petrolera estatal de Arabia Saud\u00ed.\u00a0<\/p>\n<p class=\"c-paragraph\">\u00ab<b>El coche se ve genial as\u00ed<\/b>. Creo que es una buena manera de mostrar el trabajo colectivo que hay detr\u00e1s de un equipo y de un coche de F\u00f3rmula Uno, especialmente con Aramco y Aston Martin. <b>La tecnolog\u00eda que podemos desarrollar en este coche tiene que mostrarse de alguna manera y creo que este es un buen ejemplo<\/b>\u00ab, repas\u00f3 <b><a href=\"https:\/\/www.20minutos.es\/tags\/deportes\/fernando-alonso.html\" title=\"Fernando Alonso\" rel=\"nofollow noopener\" target=\"_blank\">Fernando Alonso <\/a><\/b>en cuanto a la nueva librea.\u00a0<\/p>\n<p class=\"c-paragraph\">\u00abAramco y Aston Martin han colaborado estrechamente en los \u00faltimos a\u00f1os, intentando inspirar a la pr\u00f3xima generaci\u00f3n. <b>Queremos que los futuros ingenieros, y los mejores, trabajen para ambas compa\u00f1\u00edas<\/b>\u00ab, a\u00f1adi\u00f3 el asturiano.\u00a0<\/p>\n<p class=\"c-paragraph\">Por su parte, Andy Cowell, ingeniero jefe de equipo en Aston Martin, tampoco dej\u00f3 pasar la oportunidad de darle bombo a la petrolera saud\u00ed: \u00abEl Gran Premio de Estados Unidos de este fin de semana marca la primera toma de control del dise\u00f1o del equipo junto con nuestro socio principal, Aramco. <b>Juntos, estamos destacando la ciencia, la innovaci\u00f3n y a las personas que dan vida al coche<\/b>\u00ab, coment\u00f3.\u00a0<\/p>\n<p class=\"c-paragraph\">\u00abEstamos entusiasmados de ver la decoraci\u00f3n en pista y orgullosos de mostrar la siguiente fase de nuestra colaboraci\u00f3n con Aramco, <b>preparada para desempe\u00f1ar un papel fundamental en nuestro coche de carreras en 2026<\/b>\u00ab, sentenci\u00f3 el ingeniero brit\u00e1nico.\u00a0<\/p>\n","protected":false},"excerpt":{"rendered":"Aston Martin presenta este fin de semana una nueva decoraci\u00f3n exclusiva para el Gran Premio de Estados Unidos&hellip;\n","protected":false},"author":2,"featured_media":182124,"comment_status":"","ping_status":"","sticky":false,"template":"","format":"standard","meta":{"footnotes":""},"categories":[270],"tags":[51612,16969,51611,3077,168,25,24,306,2096,271,272,23,167],"class_list":{"0":"post-182123","1":"post","2":"type-post","3":"status-publish","4":"format-standard","5":"has-post-thumbnail","7":"category-formula-1","8":"tag-amr25","9":"tag-andy-cowell","10":"tag-aramco","11":"tag-aston-martin","12":"tag-deportes","13":"tag-es","14":"tag-espana","15":"tag-f1","16":"tag-fernando-alonso","17":"tag-formula-1","18":"tag-formula1","19":"tag-spain","20":"tag-sports"},"share_on_mastodon":{"url":"","error":""},"_links":{"self":[{"href":"https:\/\/www.europesays.com\/es\/wp-json\/wp\/v2\/posts\/182123","targetHints":{"allow":["GET"]}}],"collection":[{"href":"https:\/\/www.europesays.com\/es\/wp-json\/wp\/v2\/posts"}],"about":[{"href":"https:\/\/www.europesays.com\/es\/wp-json\/wp\/v2\/types\/post"}],"author":[{"embeddable":true,"href":"https:\/\/www.europesays.com\/es\/wp-json\/wp\/v2\/users\/2"}],"replies":[{"embeddable":true,"href":"https:\/\/www.europesays.com\/es\/wp-json\/wp\/v2\/comments?post=182123"}],"version-history":[{"count":0,"href":"https:\/\/www.europesays.com\/es\/wp-json\/wp\/v2\/posts\/182123\/revisions"}],"wp:featuredmedia":[{"embeddable":true,"href":"https:\/\/www.europesays.com\/es\/wp-json\/wp\/v2\/media\/182124"}],"wp:attachment":[{"href":"https:\/\/www.europesays.com\/es\/wp-json\/wp\/v2\/media?parent=182123"}],"wp:term":[{"taxonomy":"category","embeddable":true,"href":"https:\/\/www.europesays.com\/es\/wp-json\/wp\/v2\/categories?post=182123"},{"taxonomy":"post_tag","embeddable":true,"href":"https:\/\/www.europesays.com\/es\/wp-json\/wp\/v2\/tags?post=182123"}],"curies":[{"name":"wp","href":"https:\/\/api.w.org\/{rel}","templated":true}]}}