{"id":182143,"date":"2025-10-17T05:13:07","date_gmt":"2025-10-17T05:13:07","guid":{"rendered":"https:\/\/www.europesays.com\/es\/182143\/"},"modified":"2025-10-17T05:13:07","modified_gmt":"2025-10-17T05:13:07","slug":"las-claves-de-la-de-la-derrota-del-bbva-en-su-opa-sobre-el-sabadell-el-pais-expres","status":"publish","type":"post","link":"https:\/\/www.europesays.com\/es\/182143\/","title":{"rendered":"Las claves de la de la derrota del BBVA en su opa sobre el Sabadell | El PA\u00cdS Expr\u00e9s"},"content":{"rendered":"<p><img fetchpriority=\"high\" decoding=\"auto\" class=\"_re  a_m-h\" height=\"414\"  width=\"414\"  src=\"https:\/\/www.europesays.com\/es\/wp-content\/uploads\/2025\/10\/XARYA7UQHVAE5K5ZYK3DRIF23Q.jpg\" loading=\"eager\"\/>MADRID, SPAIN &#8211;  FEBRUARY 23: Ciudad BBVA complex of seven buildings which houses the new headquarters of the Spanish bank BBVA, Banco Bilbao Vizcaya Argentaria on February 23, 2021 in Madrid, Spain. The main building known as La Vela stands in the center of the complex designed by Herzog &amp; De Meuron architects. (Photo by Cristina Arias\/Cover\/Getty Images)Foto: Cristina Arias (Getty Images)<\/p>\n<p class=\"\">El intento del BBVA por hacerse con el control del Banco Sabadell ha terminado en fiasco tras 17 meses de pulso y resistencia. <\/p>\n<p class=\"\"><b>\u00bfPero qu\u00e9 ha pasado?<\/b> La oferta p\u00fablica de adquisici\u00f3n (opa) lanzada por el banco vasco solo ha convencido al 25% de los accionistas del Sabadell, lejos del m\u00ednimo del 30% necesario para seguir adelante con la operaci\u00f3n.<\/p>\n<ul>\n<li>Superar ese umbral habr\u00eda permitido avanzar en el proceso, e incluso abrir la puerta a una segunda oferta. <\/li>\n<li>No haberlo logrado deja autom\u00e1ticamente sin efecto la opa y obliga al BBVA a desistir durante al menos un a\u00f1o de cualquier nuevo intento.<\/li>\n<\/ul>\n<p class=\"\"><b>\u00bfC\u00f3mo se ha llegado hasta aqu\u00ed?<\/b> El pulso entre el BBVA y el Sabadell no empez\u00f3 con esta opa. <\/p>\n<ul>\n<li>La entidad vasca ya hab\u00eda intentado una fusi\u00f3n en 2020 y volvi\u00f3 a la carga en 2024, cuando el consejo del Sabadell rechaz\u00f3 de nuevo su propuesta. <\/li>\n<li>Tras esa negativa, el BBVA decidi\u00f3 ir por libre y lanzar una opa hostil con la que buscaba quedarse con el control del banco catal\u00e1n.<\/li>\n<li>Durante los 17 meses que ha durado el enfrentamiento, el Sabadell defendi\u00f3 su independencia con el apoyo de sus accionistas minoritarios y de parte del tejido empresarial catal\u00e1n. <\/li>\n<\/ul>\n<p class=\"\"><b>\u00bfY ahora qu\u00e9? <\/b>La \u201cguerra bancaria\u201d entre ambos parece haber terminado, al menos por ahora, con un claro vencedor.<\/p>\n<ul>\n<li>El BBVA cierra el cap\u00edtulo y su hoja de ruta vuelve a centrarse en el crecimiento org\u00e1nico y la rentabilidad. <\/li>\n<li>El Sabadell, por su parte, sale reforzado en reputaci\u00f3n y autonom\u00eda, con la validaci\u00f3n del mercado a su estrategia independiente. <\/li>\n<\/ul>\n<p class=\"\">\u00a9Foto: Cristina Arias (Getty Images)<\/p>\n<p class=\"\"><a href=\"https:\/\/elpais.com\/economia\/2025-10-16\/el-sabadell-vence-al-bbva-y-consigue-el-apoyo-de-los-inversores-para-seguir-en-solitario.html\" target=\"_self\" rel=\"nofollow noopener\" title=\"https:\/\/elpais.com\/economia\/2025-10-16\/el-sabadell-vence-al-bbva-y-consigue-el-apoyo-de-los-inversores-para-seguir-en-solitario.html\">Si quieres saber m\u00e1s, puedes leer aqu\u00ed.<\/a><\/p>\n","protected":false},"excerpt":{"rendered":"MADRID, SPAIN &#8211; FEBRUARY 23: Ciudad BBVA complex of seven buildings which houses the new headquarters of the&hellip;\n","protected":false},"author":2,"featured_media":182144,"comment_status":"","ping_status":"","sticky":false,"template":"","format":"standard","meta":{"footnotes":""},"categories":[80],"tags":[5219,3287,3285,82,7899,95,94,25,24,6558,23],"class_list":{"0":"post-182143","1":"post","2":"type-post","3":"status-publish","4":"format-standard","5":"has-post-thumbnail","7":"category-economia","8":"tag-banca","9":"tag-banco-sabadell","10":"tag-bbva","11":"tag-business","12":"tag-cnmv","13":"tag-economia","14":"tag-economy","15":"tag-es","16":"tag-espana","17":"tag-opa-hostil","18":"tag-spain"},"share_on_mastodon":{"url":"","error":""},"_links":{"self":[{"href":"https:\/\/www.europesays.com\/es\/wp-json\/wp\/v2\/posts\/182143","targetHints":{"allow":["GET"]}}],"collection":[{"href":"https:\/\/www.europesays.com\/es\/wp-json\/wp\/v2\/posts"}],"about":[{"href":"https:\/\/www.europesays.com\/es\/wp-json\/wp\/v2\/types\/post"}],"author":[{"embeddable":true,"href":"https:\/\/www.europesays.com\/es\/wp-json\/wp\/v2\/users\/2"}],"replies":[{"embeddable":true,"href":"https:\/\/www.europesays.com\/es\/wp-json\/wp\/v2\/comments?post=182143"}],"version-history":[{"count":0,"href":"https:\/\/www.europesays.com\/es\/wp-json\/wp\/v2\/posts\/182143\/revisions"}],"wp:featuredmedia":[{"embeddable":true,"href":"https:\/\/www.europesays.com\/es\/wp-json\/wp\/v2\/media\/182144"}],"wp:attachment":[{"href":"https:\/\/www.europesays.com\/es\/wp-json\/wp\/v2\/media?parent=182143"}],"wp:term":[{"taxonomy":"category","embeddable":true,"href":"https:\/\/www.europesays.com\/es\/wp-json\/wp\/v2\/categories?post=182143"},{"taxonomy":"post_tag","embeddable":true,"href":"https:\/\/www.europesays.com\/es\/wp-json\/wp\/v2\/tags?post=182143"}],"curies":[{"name":"wp","href":"https:\/\/api.w.org\/{rel}","templated":true}]}}