{"id":182146,"date":"2025-10-17T05:15:12","date_gmt":"2025-10-17T05:15:12","guid":{"rendered":"https:\/\/www.europesays.com\/es\/182146\/"},"modified":"2025-10-17T05:15:12","modified_gmt":"2025-10-17T05:15:12","slug":"el-rifirrafe-politico-en-madrid-por-la-tasa-de-residuos","status":"publish","type":"post","link":"https:\/\/www.europesays.com\/es\/182146\/","title":{"rendered":"El rifirrafe pol\u00edtico en Madrid por la tasa de residuos"},"content":{"rendered":"<p>La tasa de residuos que los ayuntamientos deben cobrar desde este a\u00f1o ha provocado un rifirrafe entre el PP y el PSOE en la Comunidad de Madrid por el grado de responsabilidad de cada uno a la hora de aplicarla.\u00a0<\/p>\n<ul class=\"wp-block-list\">\n<li>El secretario general de los populares en Madrid, Alfonso Serrano, <a href=\"https:\/\/x.com\/ppmadrid\/status\/1977705261415465067\" rel=\"nofollow\">afirm\u00f3 en El Toro TV<\/a> que los consistorios est\u00e1n cobrando este impuesto \u201cporque obliga una ley de Pedro S\u00e1nchez\u201d.<\/li>\n<li>La portavoz de los socialistas en la Asamblea madrile\u00f1a, Mar Espinar, <a href=\"https:\/\/x.com\/espinar_mar\/status\/1978360247140958533\" rel=\"nofollow\">contest\u00f3<\/a> diciendo que era mentira porque esta tasa \u201cviene de una directiva Europea\u201d.<\/li>\n<li>Desde M\u00e1s Madrid <a href=\"https:\/\/x.com\/EduardoFRub\/status\/1977993289115541621\" rel=\"nofollow\">lo califican<\/a> como el \u201cbasurazo de [Jos\u00e9 Luis Mart\u00ednez-] Almeida\u201d.<\/li>\n<\/ul>\n<p><strong>Contexto<\/strong>. Se refieren a la tasa municipal de basuras que los ayuntamientos <a href=\"https:\/\/www.boe.es\/buscar\/act.php?id=BOE-A-2022-5809#:~:text=3.%20En%20el,y%20de%20energ%C3%ADa.\" rel=\"nofollow noopener\" target=\"_blank\">deben cobrar desde este a\u00f1o<\/a>, tras la entrada en vigor de la <a href=\"https:\/\/www.boe.es\/buscar\/act.php?id=BOE-A-2022-5809\" rel=\"nofollow noopener\" target=\"_blank\">ley de residuos y suelos<\/a> que aprob\u00f3 el Gobierno en 2022, <a href=\"https:\/\/www.newtral.es\/tasa-basuras-gobierno\/20241209\/#:~:text=El%20Gobierno%20aprob%C3%B3%20la%20ley%20de%20residuos%20y%20suelos%20en%20abril%20de%202022%2C%20una%20norma%20que%20establec%C3%ADa%20un%20plazo%20de%20tres%20a%C3%B1os%20para%20imponer%20una%20tasa%20de%20basuras%2C%20la%20cual%20entrar%C3%A1%20en%20vigor%20en%20abril%20de%202025\" rel=\"nofollow noopener\" target=\"_blank\">como contamos aqu\u00ed<\/a>.\u00a0<\/p>\n<ul class=\"wp-block-list\">\n<li>La norma viene de una directiva europea de 2018 sobre residuos que el Gobierno deb\u00eda trasponer; para hacerlo, decidi\u00f3 incluir este impuesto municipal, como argumentaban <a href=\"https:\/\/www.femp.es\/sites\/default\/files\/multimedia\/CUESTIONES-TASA-RESIDUOS.pdf\" rel=\"nofollow noopener\" target=\"_blank\">en un informe<\/a> (y recoge el texto europeo como posibilidad en el punto dos de <a href=\"https:\/\/eur-lex.europa.eu\/legal-content\/ES\/TXT\/PDF\/?uri=CELEX:32018L0851\" rel=\"nofollow noopener\" target=\"_blank\">su anexo IV bis<\/a>).<\/li>\n<li>Tambi\u00e9n es cierto que en este mismo apartado de la directiva se enumeran otras opciones para \u201cincentivar la prevenci\u00f3n de residuos\u201d (ciertos beneficios fiscales, por ejemplo), como <a href=\"https:\/\/www.newtral.es\/tasa-basuras-gobierno\/20241209\/#:~:text=La%20tasa%20de%20basuras%20no%20es%20obligatoria.%20Ante%20la%20postura%20del%20Gobierno%2C%20algunos%20eurodiputados%20han%20recordado%20que%20la%20norma%20no%20establece%20que%20sea%20obligatorio%20crear%20una%20tasa%20de%20residuos%20para%20que%20los%20ciudadanos%20corran%20con%20los%20gastos%20del%20reciclaje%2C%20sino%20que%20existen%20otras%20medidas.%C2%A0\" rel=\"nofollow noopener\" target=\"_blank\">recordaban<\/a> tambi\u00e9n algunos eurodiputados.<\/li>\n<\/ul>\n<p><strong>Qui\u00e9n gestiona el impuesto<\/strong>. Los ayuntamientos son los encargados de calcular cu\u00e1nto deben pagar sus vecinos, como establece la ley (<a href=\"https:\/\/www.boe.es\/buscar\/act.php?id=BOE-A-2022-5809#:~:text=5.%20Las%20entidades%20locales%20deber%C3%A1n%20comunicar%20estas%20tasas%2C%20as%C3%AD%20como%20los%20c%C3%A1lculos%20utilizados%20para%20su%20confecci%C3%B3n%2C%20a%20las%20autoridades%20competentes%20de%20las%20comunidades%20aut%C3%B3nomas.\" rel=\"nofollow noopener\" target=\"_blank\">art\u00edculo 11.5<\/a>).\u00a0<\/p>\n<ul class=\"wp-block-list\">\n<li>En ese sentido, <a href=\"https:\/\/x.com\/PSOEMadridAyto\/status\/1978046822175134100\" rel=\"nofollow\">el PSOE critica<\/a> que los madrile\u00f1os paguen \u201ctanto por la tasa de residuos\u201d porque su alcalde, Almeida, la ha \u201ccalculado mal\u201d.<\/li>\n<li>Por su parte, <a href=\"https:\/\/x.com\/EduardoFRub\/status\/1978749837542564348\" rel=\"nofollow\">M\u00e1s Madrid insiste<\/a> en que se est\u00e1 cobrando \u201c<a href=\"https:\/\/masmadrid.org\/mas-madrid-inicia-una-campana-para-que-los-vecinos-y-vecinas-recurran-el-pago-del-basurazo-de-almeida\/\" rel=\"nofollow noopener\" target=\"_blank\">injustamente<\/a> a todos los vecinos por igual\u201d, aunque lo que paga cada uno depende de varios criterios.<\/li>\n<li>Organizaciones de consumidores como la OCU <a href=\"https:\/\/www.ocu.org\/dinero\/renta-impuestos\/noticias\/tasa-basuras-madrid-barrios#:~:text=La%20tasa%20de%20basuras%20en%20Madrid,que%20en%20realidad%20no%20est%C3%A1n%20generando.\" rel=\"nofollow noopener\" target=\"_blank\">tambi\u00e9n consideran<\/a> que \u201clos criterios elegidos en Madrid\u201d para cobrar este impuesto \u201cson injustos\u201d.<\/li>\n<\/ul>\n<p><strong>C\u00f3mo lo calcula la tasa de residuos el Ayuntamiento de Madrid.<\/strong> <a href=\"https:\/\/x.com\/GrupoPPMadrid\/status\/1964977813909557517\" rel=\"nofollow\">Almeida defiende<\/a> que lo han hecho \u201catendiendo a criterios de renta\u201d porque uno de los que se tiene en cuenta es <a href=\"https:\/\/agenciatributaria.madrid.es\/portales\/contribuyente\/es\/Impuestos-tasas-y-precios-publicos\/Gestion-de-Residuos-TGR-\/Preguntas-frecuentes\/?vgnextchannel=f52a8bf1a00d3910VgnVCM2000001f4a900aRCRD&amp;vgnextfmt=default&amp;utm_source=chatgpt.com#:~:text=Inmuebles%20de%20uso%20catastral,pertenezca%20el%20inmueble.\" rel=\"nofollow noopener\" target=\"_blank\">el valor catastral<\/a> de la vivienda.<\/p>\n<ul class=\"wp-block-list\">\n<li>Esto quiere decir que cuanto m\u00e1s valga la casa, m\u00e1s paga el que viva en ella, <a href=\"https:\/\/www.ocu.org\/dinero\/renta-impuestos\/noticias\/tasa-basuras-madrid-barrios#:~:text=Desde%20hoy%20la,en%20cada%20distrito.\" rel=\"nofollow noopener\" target=\"_blank\">como destaca la OCU<\/a>.<\/li>\n<li>Para precisar m\u00e1s el c\u00e1lculo, el consistorio tiene en cuenta tambi\u00e9n <a href=\"https:\/\/agenciatributaria.madrid.es\/portales\/contribuyente\/es\/Impuestos-tasas-y-precios-publicos\/Gestion-de-Residuos-TGR-\/Preguntas-frecuentes\/?vgnextchannel=f52a8bf1a00d3910VgnVCM2000001f4a900aRCRD&amp;vgnextfmt=default&amp;utm_source=chatgpt.com#:~:text=Los%20kilos%20de,municipal%20de%20Madrid.\" rel=\"nofollow noopener\" target=\"_blank\">cu\u00e1ntos residuos se generan<\/a> en el barrio o, por ejemplo, la calidad de separaci\u00f3n de las basuras en cada distrito.<\/li>\n<\/ul>\n<ul class=\"wp-block-list\">\n<li>El propio Ayuntamiento estimaba que el recibo medio de esta tasa que tienen que pagar las viviendas en Madrid desde septiembre <a href=\"https:\/\/www.madrid.es\/portales\/munimadrid\/es\/Inicio\/Actualidad\/Noticias\/El-Ayuntamiento-aprueba-una-nueva-bajada-del-tipo-del-IBI-y-la-nueva-tasa-de-residuos-para-2025\/?vgnextchannel=a12149fa40ec9410VgnVCM100000171f5a0aRCRD&amp;vgnextfmt=default&amp;vgnextoid=2aba620b2ddb2910VgnVCM1000001d4a900aRCRD&amp;utm_source=chatgpt.com#:~:text=El%20recibo%20medio%20de%20la%20nueva%20tasa%20de%20residuos%20que%20pagar%C3%A1n%20las%20viviendas%20es%20de%20141%20euros%20y%20para%20los%20inmuebles%20de%20uso%20comercial%20ser%C3%A1%20de%20310%20euros%20de%20media\" rel=\"nofollow noopener\" target=\"_blank\">es de 141 euros<\/a> al a\u00f1o.<\/li>\n<\/ul>\n","protected":false},"excerpt":{"rendered":"La tasa de residuos que los ayuntamientos deben cobrar desde este a\u00f1o ha provocado un rifirrafe entre el&hellip;\n","protected":false},"author":2,"featured_media":182147,"comment_status":"","ping_status":"","sticky":false,"template":"","format":"standard","meta":{"footnotes":""},"categories":[8],"tags":[17,18,25,24,13,14,11,19,20,205,9,10,15,16,7788,23,12,21,22],"class_list":{"0":"post-182146","1":"post","2":"type-post","3":"status-publish","4":"format-standard","5":"has-post-thumbnail","7":"category-espana","8":"tag-breaking-news","9":"tag-breakingnews","10":"tag-es","11":"tag-espana","12":"tag-featured-news","13":"tag-featurednews","14":"tag-headlines","15":"tag-latest-news","16":"tag-latestnews","17":"tag-madrid","18":"tag-news","19":"tag-noticias","20":"tag-noticias-destacadas","21":"tag-noticiasdestacadas","22":"tag-residuos","23":"tag-spain","24":"tag-titulares","25":"tag-ultimas-noticias","26":"tag-ultimasnoticias"},"share_on_mastodon":{"url":"","error":""},"_links":{"self":[{"href":"https:\/\/www.europesays.com\/es\/wp-json\/wp\/v2\/posts\/182146","targetHints":{"allow":["GET"]}}],"collection":[{"href":"https:\/\/www.europesays.com\/es\/wp-json\/wp\/v2\/posts"}],"about":[{"href":"https:\/\/www.europesays.com\/es\/wp-json\/wp\/v2\/types\/post"}],"author":[{"embeddable":true,"href":"https:\/\/www.europesays.com\/es\/wp-json\/wp\/v2\/users\/2"}],"replies":[{"embeddable":true,"href":"https:\/\/www.europesays.com\/es\/wp-json\/wp\/v2\/comments?post=182146"}],"version-history":[{"count":0,"href":"https:\/\/www.europesays.com\/es\/wp-json\/wp\/v2\/posts\/182146\/revisions"}],"wp:featuredmedia":[{"embeddable":true,"href":"https:\/\/www.europesays.com\/es\/wp-json\/wp\/v2\/media\/182147"}],"wp:attachment":[{"href":"https:\/\/www.europesays.com\/es\/wp-json\/wp\/v2\/media?parent=182146"}],"wp:term":[{"taxonomy":"category","embeddable":true,"href":"https:\/\/www.europesays.com\/es\/wp-json\/wp\/v2\/categories?post=182146"},{"taxonomy":"post_tag","embeddable":true,"href":"https:\/\/www.europesays.com\/es\/wp-json\/wp\/v2\/tags?post=182146"}],"curies":[{"name":"wp","href":"https:\/\/api.w.org\/{rel}","templated":true}]}}