{"id":182150,"date":"2025-10-17T05:17:09","date_gmt":"2025-10-17T05:17:09","guid":{"rendered":"https:\/\/www.europesays.com\/es\/182150\/"},"modified":"2025-10-17T05:17:09","modified_gmt":"2025-10-17T05:17:09","slug":"gabriel-giannini-jugador-de-balonmano-hay-que-trabajar-mas-en-mejorar-la-defensa","status":"publish","type":"post","link":"https:\/\/www.europesays.com\/es\/182150\/","title":{"rendered":"Gabriel Giannini, jugador de Balonmano: \u00abHay que trabajar m\u00e1s en mejorar la defensa\u00bb"},"content":{"rendered":"<p class=\"ft-text\">El <a class=\"ft-link ft-link--decoration\" href=\"https:\/\/www.laopiniondezamora.es\/deportes\/balonmano-zamora\/\" rel=\"nofollow noopener\" target=\"_blank\">BM Zamora<\/a> ha salido reforzado tras su rotunda victoria del pasado fin de semana contra el Ademar B y afronta ahora el partido contra Camargo con ese refuerzo moral y el que le dar\u00e1 el disponer de todos los jugadores. Gabriel Giannini es uno de los hombres que F\u00e9lix Moj\u00f3n recupera tras superar su lesi\u00f3n y asegur\u00f3 ayer que \u00abme alegro mucho de volver a entrenar tras varias semanas fuera y de poder volver a jugar. Pero me alegro mucho m\u00e1s por la victora del pasado fin de semana porque la merec\u00edamos y adem\u00e1s lo importante no solo ha sido vencer, sino vencer con solidez, jugando bien y ganando por una diferencia larga de goles y controlando todo el partido\u00bb.<\/p>\n<p class=\"ft-text\">El primera l\u00ednea brasile\u00f1o reconoce que el BM Zamora Caja Rural va evolucionando poco a poco \u00abpero es normal tambi\u00e9n que no se produzca una evoluci\u00f3n perfecta o en l\u00ednea recta. Sabemos que pasamos por una jornada dif\u00edcil, contra Covadonga, pero lo importante es estar arriba a largo plazo. Cada d\u00eda estamos evolucionando m\u00e1s, especialmente en la defensa que es algo que nos cuesta m\u00e1s. Siempre hacemos m\u00e1s de treinta goles, pero en defensa, encajamos m\u00e1s de 25 y eso nos cuesta un poco m\u00e1s. En eso tenemos que trabajar m\u00e1s y m\u00e1s duro\u00bb.<\/p>\n<p class=\"ft-text\">El lateral brasile\u00f1o valora la liga actual respecto a la del pasado a\u00f1o, se\u00f1alando que \u00abten\u00edamos dos equipos fuertes que quer\u00edan subir como Soria y Oviedo, pero al no estar ahora ellos, otros equipos se ha fortalecido como la Avilesina que ha incorporado jugadores muy fuertes. Nosotros en Covadonga perdimos porque cualquier equipo de este a\u00f1o, si tiene un d\u00eda bueno, te puede ganar. Por eso tenemos que estar m\u00e1s preparados todav\u00eda\u00bb.<\/p>\n<p class=\"ft-text\">Por su parte, el entrenador pistacho, F\u00e9lix Moj\u00f3n no dud\u00f3 en se\u00f1alar ayer en rueda de prensa que Camargo puede entra\u00f1ar un partido trampa por ser el colista: \u00abPartidos trampa son todos porque esta liga tiene esa caracter\u00edstica de gran igualdad. Camargo tiene cero puntos, pero en sus tres desplazamientos a Madrid, contra tres grandes equipos (Maravillas, Sanse y Safa) perdio de uno y de dos goles. Son tres desplazamientos muy dif\u00edciles que ha perdido de muy poquito, luego ha perdido en casa con Pinto y con Astillero, en partidos tambi\u00e9n muy igualados. Tienen cero puntos, pero son un poco irreales, y podr\u00edan ser, tranquilamente, seis\u00bb. El entrenador orensano insisti\u00f3 en que la pista de Camargo \u00abes dif\u00edcil, es un equipo fuerte f\u00edsicamente, con un jugador muy determinante como es Jes\u00fas, el m\u00e1ximo goleador de la categor\u00eda, con una media de once goles por partido, y tendremos que estar muy alerta, estar muy despiertos, controlar mucho la l\u00ednea de pase al pivote. Hacer una defensa poco profunda, con muchos cent\u00edmetros, muchos kilos y habr\u00e1 que buscar soluciones para separarlos para poder lanzar a distancia. Tenemos que buscar soluciones para un rival que ser\u00e1 distinto a los que hemos jugado hasta ahora\u00bb.<\/p>\n","protected":false},"excerpt":{"rendered":"El BM Zamora ha salido reforzado tras su rotunda victoria del pasado fin de semana contra el Ademar&hellip;\n","protected":false},"author":2,"featured_media":182151,"comment_status":"","ping_status":"","sticky":false,"template":"","format":"standard","meta":{"footnotes":""},"categories":[278],"tags":[5871,376,383,1616,168,25,24,10957,35871,51187,5815,375,378,23,167,2946],"class_list":{"0":"post-182150","1":"post","2":"type-post","3":"status-publish","4":"format-standard","5":"has-post-thumbnail","7":"category-balonmano","8":"tag-ademar","9":"tag-balonmano","10":"tag-bm","11":"tag-defensa","12":"tag-deportes","13":"tag-es","14":"tag-espana","15":"tag-fin-de-semana","16":"tag-gabriel","17":"tag-giannini","18":"tag-goles","19":"tag-handball","20":"tag-jugador","21":"tag-spain","22":"tag-sports","23":"tag-zamora"},"share_on_mastodon":{"url":"","error":""},"_links":{"self":[{"href":"https:\/\/www.europesays.com\/es\/wp-json\/wp\/v2\/posts\/182150","targetHints":{"allow":["GET"]}}],"collection":[{"href":"https:\/\/www.europesays.com\/es\/wp-json\/wp\/v2\/posts"}],"about":[{"href":"https:\/\/www.europesays.com\/es\/wp-json\/wp\/v2\/types\/post"}],"author":[{"embeddable":true,"href":"https:\/\/www.europesays.com\/es\/wp-json\/wp\/v2\/users\/2"}],"replies":[{"embeddable":true,"href":"https:\/\/www.europesays.com\/es\/wp-json\/wp\/v2\/comments?post=182150"}],"version-history":[{"count":0,"href":"https:\/\/www.europesays.com\/es\/wp-json\/wp\/v2\/posts\/182150\/revisions"}],"wp:featuredmedia":[{"embeddable":true,"href":"https:\/\/www.europesays.com\/es\/wp-json\/wp\/v2\/media\/182151"}],"wp:attachment":[{"href":"https:\/\/www.europesays.com\/es\/wp-json\/wp\/v2\/media?parent=182150"}],"wp:term":[{"taxonomy":"category","embeddable":true,"href":"https:\/\/www.europesays.com\/es\/wp-json\/wp\/v2\/categories?post=182150"},{"taxonomy":"post_tag","embeddable":true,"href":"https:\/\/www.europesays.com\/es\/wp-json\/wp\/v2\/tags?post=182150"}],"curies":[{"name":"wp","href":"https:\/\/api.w.org\/{rel}","templated":true}]}}