{"id":182165,"date":"2025-10-17T05:28:13","date_gmt":"2025-10-17T05:28:13","guid":{"rendered":"https:\/\/www.europesays.com\/es\/182165\/"},"modified":"2025-10-17T05:28:13","modified_gmt":"2025-10-17T05:28:13","slug":"el-premio-planeta-no-toca-precisamente-el-arpa-cultura","status":"publish","type":"post","link":"https:\/\/www.europesays.com\/es\/182165\/","title":{"rendered":"El premio Planeta no toca precisamente el arpa | Cultura"},"content":{"rendered":"<p class=\"\">Cuando un escritor novato mira por primera vez a los ojos a un editor, est\u00e1 viendo las mieles de un manjar inaprensible, et\u00e9reo, m\u00e1gico, mientras escucha un arpa con la melod\u00eda de la gloria eterna. Cuando un editor mira a los ojos a un escritor, est\u00e1 viendo el s\u00edmbolo del d\u00f3lar. El choque de aspiraciones genera monstruos, por ello es clave desenga\u00f1arse cuanto antes y ser muy conscientes: los libros son industria, son dinero, son negocio. Por mucha trascendencia, poes\u00eda, elevaci\u00f3n y ego que haya puesto el autor. O incluso a pesar de ella.<\/p>\n<p>M\u00e1s informaci\u00f3n<\/p>\n<p class=\"\">Gran prestigio y muchas ventas es la combinaci\u00f3n m\u00e1s deseada, pero, la mayor parte de las veces, ambas cosas forman paralelas destinadas a no encontrarse jam\u00e1s. Por un carril circulan autores de prestigio con rese\u00f1a en Babelia, entrevistas en el programa Efecto Doppler, invitaciones a festivales y abonos a un mundillo endog\u00e1mico y narcisista que, sin embargo, ay, desear\u00edan vender m\u00e1s; y, por el otro, escritores de enormes ventas que quisieran un poquito de prestigio, la atenci\u00f3n de alg\u00fan cr\u00edtico culto y pedante en la revista adecuada y una recomendaci\u00f3n de altura. Y que nadie se queje porque muchos no tienen ni lo uno ni lo otro.<\/p>\n<p class=\"\">Unidos por el oficio de escribir, de elegir la palabra exacta y la mejor trama posible, poco m\u00e1s agrupa a los unos y a los otros. A los autores de grandes ventas, brillo medi\u00e1tico y modelo best-seller con los que pican piedra para colocar libro a libro, de pueblo en pueblo, hasta conseguir vender lo suficiente para seguir publicando.<\/p>\n<p class=\"\">Hay nobeles como el m\u00e1s reciente, <a href=\"https:\/\/elpais.com\/cultura\/2025-10-09\/premio-nobel-de-literatura.html\" target=\"_self\" rel=\"nofollow noopener\" title=\"https:\/\/elpais.com\/cultura\/2025-10-09\/premio-nobel-de-literatura.html\">L\u00e1szl\u00f3 Krasznahorkai, que lamentaba en entrevista <\/a>hace un a\u00f1o lo poco que vende. Y otros como Herta M\u00fcller, que ha seguido vendiendo poco incluso despu\u00e9s de ganarlo.<a href=\"https:\/\/elpais.com\/cultura\/2025-09-29\/el-escritor-ildefonso-falcones-denuncia-haber-sido-excluido-por-motivos-politicos-de-la-delegacion-catalana-en-la-fil-de-guadalajara.html\" target=\"_self\" rel=\"nofollow noopener\" title=\"https:\/\/elpais.com\/cultura\/2025-09-29\/el-escritor-ildefonso-falcones-denuncia-haber-sido-excluido-por-motivos-politicos-de-la-delegacion-catalana-en-la-fil-de-guadalajara.html\"> Ildefonso Falcones se queja de no haber sido invitado a la FIL <\/a>en Guadalajara (M\u00e9xico), mientras todos los dem\u00e1s autores piensan: \u201c\u00a1Dios! \u00bfCon todo lo que vende y a\u00fan se queja de algo?\u201d.<\/p>\n<p class=\"\">\u201cSe escribe para la gente, no para una supuesta \u00e9lite intelectual\u201d, dijo <a href=\"https:\/\/elpais.com\/cultura\/2025-10-15\/el-polemista-juan-del-val-gana-el-premio-planeta-2025.html\" target=\"_self\" rel=\"nofollow noopener\" title=\"https:\/\/elpais.com\/cultura\/2025-10-15\/el-polemista-juan-del-val-gana-el-premio-planeta-2025.html\">Juan del Val al recibir el mi\u00e9rcoles el premio Planeta,<\/a> reabriendo el dilema que recorre secularmente el universo literario: <a href=\"https:\/\/elpais.com\/cultura\/2025-10-16\/la-ultima-polemica-de-juan-del-val-literatura-para-la-gente-frente-a-literatura-para-la-elite.html\" target=\"_self\" rel=\"nofollow noopener\" title=\"https:\/\/elpais.com\/cultura\/2025-10-16\/la-ultima-polemica-de-juan-del-val-literatura-para-la-gente-frente-a-literatura-para-la-elite.html\">\u00bflibros de \u00e9lite o de masas?<\/a> \u00bfLibros comerciales o de minor\u00edas? El runr\u00fan es eterno y vuelve a saltar cada vez que el premio Planeta, de los mejor dotados del mundo con un mill\u00f3n de euros, nos recuerda que las editoriales quieren, en resumidas cuentas, vender y mucho, aunque lo disimulen con apuestas de calidad que quedan estupendamente bien en el cat\u00e1logo, pero que no alcanzan a pagar sus n\u00f3minas a fin de mes.<\/p>\n<p>Entre el Quijote y Sancho<\/p>\n<p class=\"\">El oficio de escritor es ese en que el autor siente que toca el cielo, que lo suyo es creaci\u00f3n, que abre debates de altura, con aroma a trascendencia y horizontes muy lejanos. Al editor todo ello tambi\u00e9n le gusta, claro, y est\u00e1 encantado cuando lo consigue, pero necesita vender. Y ese desfase entre molinos y gigantes, entre la mirada del Quijote y la de Sancho, entre el idealismo y el materialismo, en suma, llena el supuesto cielo literario de frustraciones. <\/p>\n<p class=\"\">Obviamente, hay excepciones, grandes obras de calidad que tambi\u00e9n han vendido millones y El infinito en un junco de Irene Vallejo es el \u00faltimo ejemplo sobre la mesa. Pero en la realidad, por desenga\u00f1arnos muy r\u00e1pido, el sonido de las arpas que tocan nuestra gloria literaria trascendental que tanto merecemos no sonar\u00e1 en el premio Planeta. Y es m\u00e1s que probable que tampoco suene en nuestros humildes clubes de lectura mientras picamos piedra como canteros sudorosos. Porque, como coment\u00f3 Gianluca Foglia, director editorial de la editorial Feltrinelli, en las recientes conversaciones de Formentor celebradas en Aranjuez, <a href=\"https:\/\/elpais.com\/cultura\/2025-10-06\/terapia-de-10-pasos-para-salvar-el-libro.html\" target=\"_self\" rel=\"nofollow noopener\" title=\"https:\/\/elpais.com\/cultura\/2025-10-06\/terapia-de-10-pasos-para-salvar-el-libro.html\">necesitamos la imprevisibilidad, <\/a>aquel \u00e9xito que no predijeron los departamentos de marketing ni los algoritmos. Y ese, como su propio nombre indica, no se puede prever. Vivan, pues, las sorpresas, en la calidad y en la cantidad. Viva la mirada de Sancho. Y la del Quijote.<\/p>\n","protected":false},"excerpt":{"rendered":"Cuando un escritor novato mira por primera vez a los ojos a un editor, est\u00e1 viendo las mieles&hellip;\n","protected":false},"author":2,"featured_media":182166,"comment_status":"","ping_status":"","sticky":false,"template":"","format":"standard","meta":{"footnotes":""},"categories":[172],"tags":[224,209,146,147,25,1598,24,43064,225,671,51616,4042,23],"class_list":{"0":"post-182165","1":"post","2":"type-post","3":"status-publish","4":"format-standard","5":"has-post-thumbnail","7":"category-libros","8":"tag-books","9":"tag-cultura","10":"tag-entertainment","11":"tag-entretenimiento","12":"tag-es","13":"tag-escritores","14":"tag-espana","15":"tag-irene-vallejo","16":"tag-libros","17":"tag-literatura","18":"tag-luis-del-val","19":"tag-premio-planeta","20":"tag-spain"},"share_on_mastodon":{"url":"","error":""},"_links":{"self":[{"href":"https:\/\/www.europesays.com\/es\/wp-json\/wp\/v2\/posts\/182165","targetHints":{"allow":["GET"]}}],"collection":[{"href":"https:\/\/www.europesays.com\/es\/wp-json\/wp\/v2\/posts"}],"about":[{"href":"https:\/\/www.europesays.com\/es\/wp-json\/wp\/v2\/types\/post"}],"author":[{"embeddable":true,"href":"https:\/\/www.europesays.com\/es\/wp-json\/wp\/v2\/users\/2"}],"replies":[{"embeddable":true,"href":"https:\/\/www.europesays.com\/es\/wp-json\/wp\/v2\/comments?post=182165"}],"version-history":[{"count":0,"href":"https:\/\/www.europesays.com\/es\/wp-json\/wp\/v2\/posts\/182165\/revisions"}],"wp:featuredmedia":[{"embeddable":true,"href":"https:\/\/www.europesays.com\/es\/wp-json\/wp\/v2\/media\/182166"}],"wp:attachment":[{"href":"https:\/\/www.europesays.com\/es\/wp-json\/wp\/v2\/media?parent=182165"}],"wp:term":[{"taxonomy":"category","embeddable":true,"href":"https:\/\/www.europesays.com\/es\/wp-json\/wp\/v2\/categories?post=182165"},{"taxonomy":"post_tag","embeddable":true,"href":"https:\/\/www.europesays.com\/es\/wp-json\/wp\/v2\/tags?post=182165"}],"curies":[{"name":"wp","href":"https:\/\/api.w.org\/{rel}","templated":true}]}}