{"id":182185,"date":"2025-10-17T05:40:08","date_gmt":"2025-10-17T05:40:08","guid":{"rendered":"https:\/\/www.europesays.com\/es\/182185\/"},"modified":"2025-10-17T05:40:08","modified_gmt":"2025-10-17T05:40:08","slug":"el-barca-no-lo-es-y-recibe-al-lider-de-la-liga-asobal","status":"publish","type":"post","link":"https:\/\/www.europesays.com\/es\/182185\/","title":{"rendered":"el Bar\u00e7a no lo es y recibe al l\u00edder de la Liga ASOBAL"},"content":{"rendered":"<p data-gtm-element-container=\"modulo-texto-link\" class=\"paragraph\">Metido hace semanas en una din\u00e1mica de competici\u00f3n constante, el <strong>Bar\u00e7a<\/strong> de balonmano jugar\u00e1 este viernes (21.00 h\/Esport3 y Teledeporte) contra el <strong>Bidasoa Ir\u00fan<\/strong> su 10\u00ba partido de los \u00faltimos 23 d\u00edas, ritmo alt\u00edsimo al enlazar el <strong>Mundial de clubs <\/strong>con la <strong>Liga ASOBAL <\/strong>y la <strong>Champions<\/strong>.\u00a0<\/p>\n<p data-gtm-element-container=\"modulo-texto-link\" class=\"paragraph\">Los azulgrana salieron campeones en <strong>El Cairo<\/strong> y suman todos esos encuentros por victorias, la \u00faltima el mi\u00e9rcoles en \u201cel campo endemoniado\u201d del <strong>HC Eurofarm Pelister<\/strong> (30-34), seg\u00fan describi\u00f3 <strong>Carlos Ortega<\/strong> el \u201cambiente hostil\u201d del <strong>Pabell\u00f3n Boro Curlevski <\/strong>de <strong>Bitola (Macedonia)<\/strong>.<\/p>\n<p data-gtm-element-container=\"modulo-texto-link\" class=\"paragraph\">\u201cTuvimos momentos muy buenos, pero al final les dimos un poco de vida. Tampoco la porter\u00eda estuvo al nivel que nos tienen acostumbrados. La victoria nunca peligr\u00f3, pero hay momentos que tenemos que exigirnos m\u00e1s como equipo e individualmente. Pudimos mover el banquillo, pero no tanto como me hubiera gustado a m\u00ed, teniendo en cuenta que contra el Bidasoa tenemos otra final, un partido muy dif\u00edcil en casa\u201d, afirm\u00f3 Ortega tras el partido.<\/p>\n<p>    Lee tambi\u00e9n<\/p>\n<p data-gtm-element-container=\"modulo-texto-link\" class=\"paragraph\">El Bidasoa llega al <strong>Palau<\/strong> como l\u00edder por mejor diferencia de goles que el <strong>Bathco Torrelavega<\/strong>, el otro equipo que suma nueve puntos de 10 posibles. Esa posici\u00f3n del rival del Bar\u00e7a no deja de ser algo raro, poco habitual, ya que el Bar\u00e7a es el dominador y campe\u00f3n de la Liga ASOBAL los \u00faltimos 15 a\u00f1os.<\/p>\n<p data-gtm-element-container=\"modulo-texto-link\" class=\"paragraph\">La explicaci\u00f3n a esa situaci\u00f3n es que el conjunto catal\u00e1n lleva pleno de cuatro triunfos y ocho puntos, pero tiene un partido menos por su participaci\u00f3n en el Mundial de clubs, pospuesto a diciembre en la pista del Villa de Aranda.<\/p>\n<p data-gtm-element-container=\"modulo-texto-link\" class=\"paragraph\">Con todo, el Bar\u00e7a s\u00ed tendr\u00e1 la ocasi\u00f3n de dormir hoy como l\u00edder, una posici\u00f3n que, de todas formas, el <strong>Bathco Torrelavega<\/strong> podr\u00eda heredar si gana el s\u00e1bado (20.30 h) al<strong> Cangas<\/strong>. El <strong>Fraikin BM Granollers<\/strong> (8) tambi\u00e9n juega este viernes (19.00 h) en <strong>Guadalajara<\/strong>.<\/p>\n<p>                <img loading=\"lazy\" decoding=\"async\" data-full-src=\"https:\/\/www.mundodeportivo.com\/uploads\/2025\/10\/16\/68f11bf28d661.jpeg\" alt=\"Horizontal\" width=\"449\" height=\"297\" src=\"https:\/\/www.europesays.com\/es\/wp-content\/uploads\/2025\/10\/68f11bf28d661.jpeg\" class=\"lazy\"\/><\/p>\n<p class=\"caption-title \">Los jugadores del Bar\u00e7a saludan al p\u00fablico tras su victoria del mi\u00e9rcoles en la pista del HC Eurofarm Pelister<\/p>\n<p>                    GEORGI LICOVSKI \/ EFE<\/p>\n<p data-gtm-element-container=\"modulo-texto-link\" class=\"paragraph\">Tras debutar con victoria en la <strong>Liga Europea EHF<\/strong>, 33-34 en la pista del <strong>Potaissa Turda <\/strong>rumano, el Bidasoa, invicto a\u00fan esta temporada, tendr\u00e1 en cinco d\u00edas dos pruebas de fuego, ante el Bar\u00e7a y el martes en<strong> Artaleku<\/strong> contra otro &#8216;coco&#8217; europeo como el <strong>SG Flensburg-Handewitt<\/strong>, el vigente bicampe\u00f3n y favorito al t\u00edtulo junto al <strong>THW Kiel<\/strong>.<\/p>\n","protected":false},"excerpt":{"rendered":"Metido hace semanas en una din\u00e1mica de competici\u00f3n constante, el Bar\u00e7a de balonmano jugar\u00e1 este viernes (21.00 h\/Esport3&hellip;\n","protected":false},"author":2,"featured_media":182186,"comment_status":"","ping_status":"","sticky":false,"template":"","format":"standard","meta":{"footnotes":""},"categories":[278],"tags":[376,168,25,24,375,23,167],"class_list":{"0":"post-182185","1":"post","2":"type-post","3":"status-publish","4":"format-standard","5":"has-post-thumbnail","7":"category-balonmano","8":"tag-balonmano","9":"tag-deportes","10":"tag-es","11":"tag-espana","12":"tag-handball","13":"tag-spain","14":"tag-sports"},"share_on_mastodon":{"url":"","error":""},"_links":{"self":[{"href":"https:\/\/www.europesays.com\/es\/wp-json\/wp\/v2\/posts\/182185","targetHints":{"allow":["GET"]}}],"collection":[{"href":"https:\/\/www.europesays.com\/es\/wp-json\/wp\/v2\/posts"}],"about":[{"href":"https:\/\/www.europesays.com\/es\/wp-json\/wp\/v2\/types\/post"}],"author":[{"embeddable":true,"href":"https:\/\/www.europesays.com\/es\/wp-json\/wp\/v2\/users\/2"}],"replies":[{"embeddable":true,"href":"https:\/\/www.europesays.com\/es\/wp-json\/wp\/v2\/comments?post=182185"}],"version-history":[{"count":0,"href":"https:\/\/www.europesays.com\/es\/wp-json\/wp\/v2\/posts\/182185\/revisions"}],"wp:featuredmedia":[{"embeddable":true,"href":"https:\/\/www.europesays.com\/es\/wp-json\/wp\/v2\/media\/182186"}],"wp:attachment":[{"href":"https:\/\/www.europesays.com\/es\/wp-json\/wp\/v2\/media?parent=182185"}],"wp:term":[{"taxonomy":"category","embeddable":true,"href":"https:\/\/www.europesays.com\/es\/wp-json\/wp\/v2\/categories?post=182185"},{"taxonomy":"post_tag","embeddable":true,"href":"https:\/\/www.europesays.com\/es\/wp-json\/wp\/v2\/tags?post=182185"}],"curies":[{"name":"wp","href":"https:\/\/api.w.org\/{rel}","templated":true}]}}