{"id":18222,"date":"2025-08-01T09:38:16","date_gmt":"2025-08-01T09:38:16","guid":{"rendered":"https:\/\/www.europesays.com\/es\/18222\/"},"modified":"2025-08-01T09:38:16","modified_gmt":"2025-08-01T09:38:16","slug":"historica-victoria-de-etapa-de-mavi-garcia-en-el-tour-femenino","status":"publish","type":"post","link":"https:\/\/www.europesays.com\/es\/18222\/","title":{"rendered":"Hist\u00f3rica victoria de etapa de Mavi Garc\u00eda en el Tour femenino"},"content":{"rendered":"<p>27\/07\/2025<br \/>\n<br \/><strong><br \/>\nActualizado 28\/07\/2025 a las 01:33h.<br \/>\n<\/strong><\/p>\n<p class=\"voc-p\" style=\"\">Con el <a href=\"https:\/\/www.abc.es\/deportes\/ciclismo\/directos\/tour-francia\/2025\/mantes-la-ville-paris-132-km.21-sd.html\" target=\"_self\" data-voc-vtm-id=\"in-text-traffic\" title=\"Tour de Francia masculino\" data-mrf-link=\"www.abc.es\" rel=\"nofollow noopener\">Tour de Francia masculino<\/a> agonizando ya, el femenino alz\u00f3 el tel\u00f3n este s\u00e1bado para deleite de los aficionados a este deporte en el pa\u00eds vecino. Y tambi\u00e9n para el de los espa\u00f1oles, que apenas han tenido que esperar a la segunda etapa para llevarse la gran alegr\u00eda de la carrera. Tras la victoria de la neerlandesa Marianne Vos en la primera etapa, en Plumelec, <strong>la mallorquina Mavi Garc\u00eda se impuso en la segunda jornada, firmando una hist\u00f3rica vistoria<\/strong>. <\/p>\n<p class=\"voc-p\" style=\"\">La ciclista del equipo australiano Liv Jayco Alula se convirti\u00f3 este domingo en la localidad bretona de Quimper en la <strong>primera espa\u00f1ola en ganar una etapa del Tour de Francia femenino en su nueva versi\u00f3n<\/strong>, siguiendo los pasos de la legendaria corredora vizca\u00edna Joane Somarriba. A sus 41 a\u00f1os, la pentacampeona de Espa\u00f1a cruz\u00f3 la meta en primer lugar con tres segundos de ventaja sobre un grupo de perseguidoras, erigi\u00e9ndose tambi\u00e9n en la m\u00e1s veterana en ganar una etapa del Tour superando a Annemiek van Vleuten. <\/p>\n<p class=\"voc-p\" style=\"\">La neerlandesa Laurena Wiebes fue segunda y la mauriciana Kim Le Court tercera, arrebat\u00e1ndole el maillot amarillo a la neerlandesa Marianne Vos, triunfadora de la primera etapa. Ambas ciclistas cuentan con el mejor tiempo, pero el global de posiciones favorece a Le Court.<\/p>\n<p class=\"voc-p\" style=\"\">La victoria de etapa que se acab\u00f3 llevando Mavi Garc\u00eda se decidi\u00f3 en las \u00faltimas irregularidades de una etapa accidentada con una distancia de 110 kil\u00f3metros y salida en Brest.<\/p>\n<p>\nSorpresa a 4 kil\u00f3metros de meta\n<\/p>\n<p class=\"voc-p\" style=\"\">Garc\u00eda aceler\u00f3 a pocos kil\u00f3metros de la l\u00ednea de llegada en un sorprendente movimiento que <strong>pill\u00f3 desprevenido al grupo de favoritas<\/strong>, que tard\u00f3 demasiado en reaccionar.<\/p>\n<p class=\"voc-p\" style=\"\">La cinco veces campeona de Espa\u00f1a en ruta (2016, 2020, 2021, 2022 y 2023) y cuatro en contrarreloj (2018, 2020, 2021 y 2022) aument\u00f3 r\u00e1pidamente su ventaja a una veintena de segundos, para cruzar finalmente la meta todav\u00eda con un colch\u00f3n.<\/p>\n<p class=\"voc-p\" style=\"\">\u00abNo me lo creo todav\u00eda, he tenido un a\u00f1o muy complicado y esto me da la vida\u00bb, declar\u00f3 la ciclista mallorquina a los medios del Tour tras su victoria. \u00abLlevo bastantes a\u00f1os haciendo esto, va siendo hora de pensar en retirarse. <strong>No lo estaba pasando muy bien este a\u00f1o, pero la verdad es que esto me da un plus de energ\u00eda muy, muy grande<\/strong>\u00bb, a\u00f1adi\u00f3 emocionada Garc\u00eda, que arranc\u00f3 su carrera deportiva en el duatl\u00f3n.<\/p>\n<p class=\"voc-p\" style=\"\">Algunas de las favoritas a la victoria final, como la vigente campeona polaca Katarzyna Niewiadoma (6\u00aa) o la neerlandesa Demi Vollering (7\u00aa), terminaron rueda a rueda entre las mejores.<\/p>\n<p class=\"voc-p\" style=\"\">El lunes el pelot\u00f3n dejar\u00e1 los buc\u00f3licos paisajes de la Breta\u00f1a francesa, con una etapa con salida en La Gacilly y meta en Angers en Maine-et-Loir. una jornada favorable a las velocistas gracias a su llegada llana.<\/p>\n<p class=\"voc-p\" style=\"\">En ese escenario Lorena Wiebes ser\u00e1 la gran favorita despu\u00e9s del abandono este mismo domingo de su compatriota Charlotte Kool, vencedora de dos etapas en la edici\u00f3n de 2024.<\/p>\n<p>Reportar un error<\/p>\n","protected":false},"excerpt":{"rendered":"27\/07\/2025 Actualizado 28\/07\/2025 a las 01:33h. Con el Tour de Francia masculino agonizando ya, el femenino alz\u00f3 el&hellip;\n","protected":false},"author":2,"featured_media":18223,"comment_status":"","ping_status":"","sticky":false,"template":"","format":"standard","meta":{"footnotes":""},"categories":[273],"tags":[313,312,168,25,24,314,4649,3142,5229,7804,23,167,316,1261],"class_list":{"0":"post-18222","1":"post","2":"type-post","3":"status-publish","4":"format-standard","5":"has-post-thumbnail","7":"category-ciclismo","8":"tag-ciclismo","9":"tag-cycling","10":"tag-deportes","11":"tag-es","12":"tag-espana","13":"tag-etapa","14":"tag-femenino","15":"tag-garcia","16":"tag-historica","17":"tag-mavi","18":"tag-spain","19":"tag-sports","20":"tag-tour","21":"tag-victoria"},"share_on_mastodon":{"url":"","error":""},"_links":{"self":[{"href":"https:\/\/www.europesays.com\/es\/wp-json\/wp\/v2\/posts\/18222","targetHints":{"allow":["GET"]}}],"collection":[{"href":"https:\/\/www.europesays.com\/es\/wp-json\/wp\/v2\/posts"}],"about":[{"href":"https:\/\/www.europesays.com\/es\/wp-json\/wp\/v2\/types\/post"}],"author":[{"embeddable":true,"href":"https:\/\/www.europesays.com\/es\/wp-json\/wp\/v2\/users\/2"}],"replies":[{"embeddable":true,"href":"https:\/\/www.europesays.com\/es\/wp-json\/wp\/v2\/comments?post=18222"}],"version-history":[{"count":0,"href":"https:\/\/www.europesays.com\/es\/wp-json\/wp\/v2\/posts\/18222\/revisions"}],"wp:featuredmedia":[{"embeddable":true,"href":"https:\/\/www.europesays.com\/es\/wp-json\/wp\/v2\/media\/18223"}],"wp:attachment":[{"href":"https:\/\/www.europesays.com\/es\/wp-json\/wp\/v2\/media?parent=18222"}],"wp:term":[{"taxonomy":"category","embeddable":true,"href":"https:\/\/www.europesays.com\/es\/wp-json\/wp\/v2\/categories?post=18222"},{"taxonomy":"post_tag","embeddable":true,"href":"https:\/\/www.europesays.com\/es\/wp-json\/wp\/v2\/tags?post=18222"}],"curies":[{"name":"wp","href":"https:\/\/api.w.org\/{rel}","templated":true}]}}