{"id":182222,"date":"2025-10-17T06:04:10","date_gmt":"2025-10-17T06:04:10","guid":{"rendered":"https:\/\/www.europesays.com\/es\/182222\/"},"modified":"2025-10-17T06:04:10","modified_gmt":"2025-10-17T06:04:10","slug":"manolo-zapata-en-intensa-jornada-de-preparacion-en-apizaco-previo-a-xaltocan","status":"publish","type":"post","link":"https:\/\/www.europesays.com\/es\/182222\/","title":{"rendered":"Manolo Zapata en intensa jornada de preparaci\u00f3n en Apizaco previo a Xaltocan"},"content":{"rendered":"<p>            <a href=\"https:\/\/www.lascosasdeltoro.com\/wp-content\/uploads\/2025\/10\/Manolo-Zapata-en-intensa-jornada-de-preparacion-en-Apizaco-previo-a-Xaltocan.jpg\" data-caption=\"\" rel=\"nofollow noopener\" target=\"_blank\"><img loading=\"lazy\" decoding=\"async\" width=\"696\" height=\"522\" class=\"entry-thumb td-modal-image\" src=\"https:\/\/www.europesays.com\/es\/wp-content\/uploads\/2025\/10\/Manolo-Zapata-en-intensa-jornada-de-preparacion-en-Apizaco-previo-a-Xaltocan-696x522.jpg\"   alt=\"\" title=\"Manolo Zapata en intensa jornada de preparaci\u00f3n en Apizaco previo a Xaltocan\"\/><\/a><\/p>\n<p>En el coraz\u00f3n taurino de Apizaco, en El Cortijo del matador azteca Manolo Garc\u00eda M\u00e9ndez se llev\u00f3 a cabo este jueves 16 de octubre, una excelente jornada de tienta a puerta cerrada que reuni\u00f3 a destacados toreros en plena preparaci\u00f3n para la esperada corrida de feria en Xaltocan. Evento, que se celebrar\u00e1 este domingo 19 de octubre como parte de las tradicionales Fiestas de la Piedra y que contar\u00e1 con un importante cartel encabezado por el matador de toros venezolano Manolo Zapata.<\/p>\n<p>Zapata, conocido por su temple y profundidad en la faena, comparti\u00f3 labores de tienta en esta dehesa, con el torero Gerardo Rivera y el novillero Christopher Morales, enfrentando ejemplares de la ganader\u00eda Te\u00f3filo G\u00f3mez, reconocida por su bravura y calidad en la lidia. La sesi\u00f3n privada permiti\u00f3 a los espadas afinar detalles t\u00e9cnicos y emocionales, en un ambiente de concentraci\u00f3n absoluta.<\/p>\n<p>La presencia de Manolo Zapata reviste especial inter\u00e9s para los aficionados mexicanos, producto del momento art\u00edstico que atraviesa. Su inclusi\u00f3n en el cartel de Xaltocan representa una apuesta por el toreo de corte cl\u00e1sico que el diestro ha venido consolidando en las plazas de ese pa\u00eds norteamericano.<\/p>\n<p>La corrida del domingo promete emociones fuertes, con un encierro bien presentado y un p\u00fablico \u00e1vido de ver a estos diestros en acci\u00f3n. La Feria de la Piedra, ser\u00e1 el \u00faltimo basti\u00f3n del torero venezolano en territorio mexicano, ya que despu\u00e9s de esa fecha retornar\u00e1 a su Patria, luego de una intensa pero fruct\u00edfera gira tanto en lo art\u00edstico como en lo profesional. Carlos Alexis Rivera CNP 10746<\/p>\n<p><a href=\"#\"><img decoding=\"async\" src=\"https:\/\/www.lascosasdeltoro.com\/wp-content\/uploads\/2016\/10\/rec728.jpg\"\/><\/a>        <\/p>\n","protected":false},"excerpt":{"rendered":"En el coraz\u00f3n taurino de Apizaco, en El Cortijo del matador azteca Manolo Garc\u00eda M\u00e9ndez se llev\u00f3 a&hellip;\n","protected":false},"author":2,"featured_media":182223,"comment_status":"","ping_status":"","sticky":false,"template":"","format":"standard","meta":{"footnotes":""},"categories":[277],"tags":[373,168,25,24,23,167,374],"class_list":{"0":"post-182222","1":"post","2":"type-post","3":"status-publish","4":"format-standard","5":"has-post-thumbnail","7":"category-toreo","8":"tag-bullfighting","9":"tag-deportes","10":"tag-es","11":"tag-espana","12":"tag-spain","13":"tag-sports","14":"tag-toreo"},"share_on_mastodon":{"url":"","error":""},"_links":{"self":[{"href":"https:\/\/www.europesays.com\/es\/wp-json\/wp\/v2\/posts\/182222","targetHints":{"allow":["GET"]}}],"collection":[{"href":"https:\/\/www.europesays.com\/es\/wp-json\/wp\/v2\/posts"}],"about":[{"href":"https:\/\/www.europesays.com\/es\/wp-json\/wp\/v2\/types\/post"}],"author":[{"embeddable":true,"href":"https:\/\/www.europesays.com\/es\/wp-json\/wp\/v2\/users\/2"}],"replies":[{"embeddable":true,"href":"https:\/\/www.europesays.com\/es\/wp-json\/wp\/v2\/comments?post=182222"}],"version-history":[{"count":0,"href":"https:\/\/www.europesays.com\/es\/wp-json\/wp\/v2\/posts\/182222\/revisions"}],"wp:featuredmedia":[{"embeddable":true,"href":"https:\/\/www.europesays.com\/es\/wp-json\/wp\/v2\/media\/182223"}],"wp:attachment":[{"href":"https:\/\/www.europesays.com\/es\/wp-json\/wp\/v2\/media?parent=182222"}],"wp:term":[{"taxonomy":"category","embeddable":true,"href":"https:\/\/www.europesays.com\/es\/wp-json\/wp\/v2\/categories?post=182222"},{"taxonomy":"post_tag","embeddable":true,"href":"https:\/\/www.europesays.com\/es\/wp-json\/wp\/v2\/tags?post=182222"}],"curies":[{"name":"wp","href":"https:\/\/api.w.org\/{rel}","templated":true}]}}