{"id":182224,"date":"2025-10-17T06:05:06","date_gmt":"2025-10-17T06:05:06","guid":{"rendered":"https:\/\/www.europesays.com\/es\/182224\/"},"modified":"2025-10-17T06:05:06","modified_gmt":"2025-10-17T06:05:06","slug":"me-encantaria-tener-un-segundo-cinturon-en-ufc","status":"publish","type":"post","link":"https:\/\/www.europesays.com\/es\/182224\/","title":{"rendered":"Me encantar\u00eda tener un segundo cintur\u00f3n en UFC&#8230;"},"content":{"rendered":"<p data-gtm-element-container=\"modulo-texto-link\" class=\"paragraph\"><strong>Khamzat Chimaev<\/strong> tard\u00f3 en llegar a la cima del peso medio pero, una vez figura como monarca a pleno derecho, quiere expandir su reinado. Con un imperialismo imparable, despu\u00e9s de superar sus graves problemas de salud (que en parte frenaron su ascenso), el checheno <strong>apunta ahora a la divisi\u00f3n de las 205 libras para tratar de ser doble campe\u00f3n de la UFC.<\/strong> Un logro que poseen diez competidores en la historia de la empresa, como Ilia Topuria o el propio <strong>Alex Pereira<\/strong>, nuevo poseedor del oro de los semicompletos tras fulminar a Ankalaev.<\/p>\n<p data-gtm-element-container=\"modulo-texto-link\" class=\"paragraph\">\u00abSi me preguntas, claro que me encantar\u00eda pelear por el segundo cintur\u00f3n. <strong>No es ning\u00fan secreto que el que ahora ostenta el cintur\u00f3n de las 205 libras (Alex Pereira) es un rival muy bueno para m\u00ed<\/strong>, salvo si me pongo imprudente al enfrentarlo\u00bb, manifest\u00f3 Borz, en una entrevista concedida para<strong> Badaev Podcast.<\/strong><\/p>\n<p data-gtm-element-container=\"modulo-texto-link\" class=\"paragraph\">Borz aprovech\u00f3 su intervenci\u00f3n para<strong> comparar las posibilidades sobre el oct\u00e1gono entre el checheno y Pereira<\/strong>, donde piensa que tiene ventaja respecto al ex campe\u00f3n de peso medio: \u00abDicen que tiene mucha potencia, pero nunca me ha superado en ese aspecto. <strong>\u00c9l tambi\u00e9n peleaba en 185 libras y luego subi\u00f3 a 205. As\u00ed que me gustar\u00eda pelear en peso semipesado<\/strong>\u00ab, a\u00f1adi\u00f3.\u00a0<\/p>\n<p data-gtm-element-container=\"modulo-texto-link\" class=\"paragraph\">Los intereses de Khamzat Chimaev y de Alex Pereira distan entre s\u00ed. Mientras Poatan piensa en una s\u00faper pelea ante Jon Jones en el peso pesado, a la vez que presta atenci\u00f3n a sus contendientes en la 205 libras, <strong>el checheno debe ahora formalizar una primera defensa vital para consolidar su reinado<\/strong>. En la conversaci\u00f3n dentro de las 185 libras, figuran competidores como <strong>Nassourdine Imavov, Anthony Hern\u00e1ndez o Reinier de Ridder<\/strong>, que pelea este fin de semana en Vancouver.<\/p>\n<p>    Lee tambi\u00e9n<\/p>\n<p data-gtm-element-container=\"modulo-texto-link\" class=\"paragraph\">\u00abPero me da igual que me den a Nassourdine, a De Ridder o a Hern\u00e1ndez. Solo p\u00e1guenme un buen dinero\u2026 Siempre he sido as\u00ed. <strong>Si te consideras el mejor, no deber\u00eda importarte con qui\u00e9n tengas que pelear<\/strong>\u00ab, zanj\u00f3 el campe\u00f3n checheno, respecto a su pr\u00f3ximo reto dentro del Ultimate Fighting Championship.<\/p>\n","protected":false},"excerpt":{"rendered":"Khamzat Chimaev tard\u00f3 en llegar a la cima del peso medio pero, una vez figura como monarca a&hellip;\n","protected":false},"author":2,"featured_media":182225,"comment_status":"","ping_status":"","sticky":false,"template":"","format":"standard","meta":{"footnotes":""},"categories":[276],"tags":[168,25,24,23,167,343],"class_list":{"0":"post-182224","1":"post","2":"type-post","3":"status-publish","4":"format-standard","5":"has-post-thumbnail","7":"category-ufc","8":"tag-deportes","9":"tag-es","10":"tag-espana","11":"tag-spain","12":"tag-sports","13":"tag-ufc"},"share_on_mastodon":{"url":"","error":""},"_links":{"self":[{"href":"https:\/\/www.europesays.com\/es\/wp-json\/wp\/v2\/posts\/182224","targetHints":{"allow":["GET"]}}],"collection":[{"href":"https:\/\/www.europesays.com\/es\/wp-json\/wp\/v2\/posts"}],"about":[{"href":"https:\/\/www.europesays.com\/es\/wp-json\/wp\/v2\/types\/post"}],"author":[{"embeddable":true,"href":"https:\/\/www.europesays.com\/es\/wp-json\/wp\/v2\/users\/2"}],"replies":[{"embeddable":true,"href":"https:\/\/www.europesays.com\/es\/wp-json\/wp\/v2\/comments?post=182224"}],"version-history":[{"count":0,"href":"https:\/\/www.europesays.com\/es\/wp-json\/wp\/v2\/posts\/182224\/revisions"}],"wp:featuredmedia":[{"embeddable":true,"href":"https:\/\/www.europesays.com\/es\/wp-json\/wp\/v2\/media\/182225"}],"wp:attachment":[{"href":"https:\/\/www.europesays.com\/es\/wp-json\/wp\/v2\/media?parent=182224"}],"wp:term":[{"taxonomy":"category","embeddable":true,"href":"https:\/\/www.europesays.com\/es\/wp-json\/wp\/v2\/categories?post=182224"},{"taxonomy":"post_tag","embeddable":true,"href":"https:\/\/www.europesays.com\/es\/wp-json\/wp\/v2\/tags?post=182224"}],"curies":[{"name":"wp","href":"https:\/\/api.w.org\/{rel}","templated":true}]}}